{"id":25603,"date":"2008-09-03T12:57:55","date_gmt":"2008-09-03T12:57:55","guid":{"rendered":"http:\/\/www.pcnen.com\/portal\/?p=25603"},"modified":"2008-09-03T12:57:55","modified_gmt":"2008-09-03T12:57:55","slug":"o-tv-prenosu-skupstinskih-zasijedanja-10-septembra","status":"publish","type":"post","link":"https:\/\/www.pcnen.com\/portal\/2008\/09\/03\/o-tv-prenosu-skupstinskih-zasijedanja-10-septembra\/","title":{"rendered":"O TV prenosu skup\u0161tinskih zasijedanja 10. septembra"},"content":{"rendered":"<p>Rukovodstvo Radio-televizije Crne Gore i skup&scaron;tinska radna grupa trebalo bi 10. septembra da odr\u017ee prvi zvani\u010dni sastanak posve\u0107en problemu prenosa sjednica parlamenta.<\/p>\n<p>\u010clan radne grupe iz SNP-a Vasilije Lalo&scaron;evi\u0107 ranije je kazao da je skup&scaron;tinska radna grupa imala nekoliko neformalnih sastanaka sa rukovodstvom Javnog servisa, i da ti susreti &#8221;ulivaju nadu da \u0107e do dogovora ipak do\u0107i&#8221;. <\/p>\n<p>I iz Televizije <em>Vijestima<\/em> je nezvani\u010dno saop&scaron;teno da su predstavnici SNP-a razgovarali sa rukovodstvom te ku\u0107e i da su postignuti neki preliminarni dogovori.<\/p>\n","protected":false},"excerpt":{"rendered":"<p>Rukovodstvo Radio-televizije Crne Gore i skup&scaron;tinska radna grupa trebalo bi 10. septembra da odr\u017ee prvi zvani\u010dni sastanak posve\u0107en problemu prenosa sjednica parlamenta. \u010clan radne grupe iz SNP-a Vasilije Lalo&scaron;evi\u0107 ranije je kazao da je skup&scaron;tinska radna grupa imala nekoliko neformalnih sastanaka sa rukovodstvom Javnog servisa, i da ti susreti &#8221;ulivaju nadu da \u0107e do dogovora [&hellip;]<\/p>\n","protected":false},"author":1,"featured_media":0,"comment_status":"open","ping_status":"closed","sticky":false,"template":"","format":"standard","meta":{"_seopress_robots_primary_cat":"","_seopress_titles_title":"","_seopress_titles_desc":"","_seopress_robots_index":"","_et_pb_use_builder":"","_et_pb_old_content":"","_et_gb_content_width":"","inline_featured_image":false,"footnotes":""},"categories":[14],"tags":[],"class_list":["post-25603","post","type-post","status-publish","format-standard","hentry","category-vijesti"],"_links":{"self":[{"href":"https:\/\/www.pcnen.com\/portal\/wp-json\/wp\/v2\/posts\/25603","targetHints":{"allow":["GET"]}}],"collection":[{"href":"https:\/\/www.pcnen.com\/portal\/wp-json\/wp\/v2\/posts"}],"about":[{"href":"https:\/\/www.pcnen.com\/portal\/wp-json\/wp\/v2\/types\/post"}],"author":[{"embeddable":true,"href":"https:\/\/www.pcnen.com\/portal\/wp-json\/wp\/v2\/users\/1"}],"replies":[{"embeddable":true,"href":"https:\/\/www.pcnen.com\/portal\/wp-json\/wp\/v2\/comments?post=25603"}],"version-history":[{"count":0,"href":"https:\/\/www.pcnen.com\/portal\/wp-json\/wp\/v2\/posts\/25603\/revisions"}],"wp:attachment":[{"href":"https:\/\/www.pcnen.com\/portal\/wp-json\/wp\/v2\/media?parent=25603"}],"wp:term":[{"taxonomy":"category","embeddable":true,"href":"https:\/\/www.pcnen.com\/portal\/wp-json\/wp\/v2\/categories?post=25603"},{"taxonomy":"post_tag","embeddable":true,"href":"https:\/\/www.pcnen.com\/portal\/wp-json\/wp\/v2\/tags?post=25603"}],"curies":[{"name":"wp","href":"https:\/\/api.w.org\/{rel}","templated":true}]}}