{"id":25600,"date":"2008-09-03T11:22:12","date_gmt":"2008-09-03T11:22:12","guid":{"rendered":"http:\/\/www.pcnen.com\/portal\/?p=25600"},"modified":"2008-09-03T11:22:12","modified_gmt":"2008-09-03T11:22:12","slug":"ubijen-ruski-novinar-u-dagestanu","status":"publish","type":"post","link":"https:\/\/www.pcnen.com\/portal\/2008\/09\/03\/ubijen-ruski-novinar-u-dagestanu\/","title":{"rendered":"Ubijen ruski novinar u Dagestanu"},"content":{"rendered":"<p>Istaknuti novinar Abdul Alija&scaron;ev iz Dagestana na sjeveru Kavkaza preminuo je danas od posledica zadobijenih u no\u0107a&scaron;njem napadu, saop&scaron;tila je policija. Prema navodima policije, novinara Abdula Alija&scaron;eva su napali neidentifikovani napada\u010di u utorak uve\u010de.<\/p>\n<p>&quot;Alija&scaron;ev je zadobio te\u017ee povrede ramena i glave, nakon \u010dega je operisan. Me\u0111utim, njegov \u017eivot nije mogao biti spasen&quot;, navodi se u saop&scaron;tenju policije. <\/p>\n<p>Alija&scaron;ev je drugi ruski novinar koji je izgubio \u017eivot u toku ove nedjelje, u jo&scaron; uvijek nerasvetljenim okolnostima. <\/p>\n<p>U obli\u017enjoj Ingu&scaron;etiji, policija je koristila pendreke kako bi razbila demonstracije zbog smrti opozicionog novinara Magomeda Jevlovljeva prilikom policijskog hap&scaron;enja u nedjelju. <\/p>\n<p>Povodom smrti Jevlovljeva, policija je saop&scaron;tila da je na novinara pucano nakon &scaron;to je on posegnuo za pi&scaron;toljem. Organizacije za ljudska prava, me\u0111utim sumnjaju u ovu zvani\u010dnu verziju.<\/p>\n<p>U martu ove godine, direktor dagestanske dr\u017eavne televizije je ubijen u svojim&nbsp;kolima ispred supermarketa u Maha\u010dkali. Ni njegovi napada\u010di nisu identifikovani.<\/p>\n","protected":false},"excerpt":{"rendered":"<p>Istaknuti novinar Abdul Alija&scaron;ev iz Dagestana na sjeveru Kavkaza preminuo je danas od posledica zadobijenih u no\u0107a&scaron;njem napadu, saop&scaron;tila je policija. Prema navodima policije, novinara Abdula Alija&scaron;eva su napali neidentifikovani napada\u010di u utorak uve\u010de. &quot;Alija&scaron;ev je zadobio te\u017ee povrede ramena i glave, nakon \u010dega je operisan. Me\u0111utim, njegov \u017eivot nije mogao biti spasen&quot;, navodi se [&hellip;]<\/p>\n","protected":false},"author":1,"featured_media":0,"comment_status":"open","ping_status":"closed","sticky":false,"template":"","format":"standard","meta":{"_seopress_robots_primary_cat":"","_seopress_titles_title":"","_seopress_titles_desc":"","_seopress_robots_index":"","_et_pb_use_builder":"","_et_pb_old_content":"","_et_gb_content_width":"","inline_featured_image":false,"footnotes":""},"categories":[14],"tags":[],"class_list":["post-25600","post","type-post","status-publish","format-standard","hentry","category-vijesti"],"_links":{"self":[{"href":"https:\/\/www.pcnen.com\/portal\/wp-json\/wp\/v2\/posts\/25600","targetHints":{"allow":["GET"]}}],"collection":[{"href":"https:\/\/www.pcnen.com\/portal\/wp-json\/wp\/v2\/posts"}],"about":[{"href":"https:\/\/www.pcnen.com\/portal\/wp-json\/wp\/v2\/types\/post"}],"author":[{"embeddable":true,"href":"https:\/\/www.pcnen.com\/portal\/wp-json\/wp\/v2\/users\/1"}],"replies":[{"embeddable":true,"href":"https:\/\/www.pcnen.com\/portal\/wp-json\/wp\/v2\/comments?post=25600"}],"version-history":[{"count":0,"href":"https:\/\/www.pcnen.com\/portal\/wp-json\/wp\/v2\/posts\/25600\/revisions"}],"wp:attachment":[{"href":"https:\/\/www.pcnen.com\/portal\/wp-json\/wp\/v2\/media?parent=25600"}],"wp:term":[{"taxonomy":"category","embeddable":true,"href":"https:\/\/www.pcnen.com\/portal\/wp-json\/wp\/v2\/categories?post=25600"},{"taxonomy":"post_tag","embeddable":true,"href":"https:\/\/www.pcnen.com\/portal\/wp-json\/wp\/v2\/tags?post=25600"}],"curies":[{"name":"wp","href":"https:\/\/api.w.org\/{rel}","templated":true}]}}