{"id":25599,"date":"2008-09-03T10:34:40","date_gmt":"2008-09-03T10:34:40","guid":{"rendered":"http:\/\/www.pcnen.com\/portal\/?p=25599"},"modified":"2008-09-03T10:34:40","modified_gmt":"2008-09-03T10:34:40","slug":"tarle-ce-se-predati-do-kraja-nedjelje","status":"publish","type":"post","link":"https:\/\/www.pcnen.com\/portal\/2008\/09\/03\/tarle-ce-se-predati-do-kraja-nedjelje\/","title":{"rendered":"Tarle \u0107e se predati do kraja nedjelje"},"content":{"rendered":"<p>Zlatko Tarle, jedan od optu\u017eenih za ratni zlo\u010din u Morinju, preda\u0107e se do kraja ove nedjelje crnogorskim vlastima, kazao je za <em>Republiku<\/em> njegov branilac podgori\u010dki advokat Novak Ra\u017enatovi\u0107.<\/p>\n<p>Ovu odluku, Tarle je donio u posrednom kontaktu sa sudijom Specijalnog odjeljenja podgori\u010dkog Vi&scaron;eg suda Lazarom Akovi\u0107em, kojem je dodijeljen slu\u010daj &#8221;Morinj&#8221;.<\/p>\n<p>Specijalno tu\u017eila&scaron;tvo 15. avgusta podiglo je optu\u017enicu za ovaj ratni zlo\u010din, a Vije\u0107e podgori\u010dkog Vi&scaron;eg suda optu\u017eenima je odredilo pritvor. <\/p>\n<p>Tada su se iza re&scaron;etaka na&scaron;li Mla\u0111en Govedarica, &Scaron;piro Lu\u010di\u0107, Ivo Gojni\u0107 i Boro Gligi\u0107. Pritvor je odre\u0111en i Tarleu, kao i optu\u017eenom Ivu Mezalinu, koji su nedostupni crnogorskim vlastima.<\/p>\n<p>Prema navodima iz optu\u017enice, koju zastupa specijalna tu\u017eiteljka za borbu protiv organizovanog kriminala Stojanka Radovi\u0107, optu\u017eeni su od 3. oktobra 1991. godine do 18. avgusta 1992. u mjestu Morinj, kod Kotora, kao pripadnici JNA po\u010dinili ratni zlo\u010din, kr&scaron;e\u0107i pravila me\u0111unarodnog prava za vrijeme trajanja oru\u017eanog sukoba izme\u0111u oru\u017eanih snaga Republike Hrvatske i tada&scaron;nje JNA.<\/p>\n<p>Govedarica je krivi\u010dno djelo po\u010dinio kao na\u010delnik Slu\u017ebe bezbijednosti Komande pozadinske mornari\u010dke baze, Vojno pomorskog sektora Boka i isljednik u takozvanom &#8221;Centru za prihvat zarobljenika &#8221; u Morinju. <\/p>\n<p>Tarle, Gojni\u0107, Lu\u010di\u0107, Menzalin i Gligi\u0107, djelo su po\u010dinili kao pripadnici rezervnog sastava JNA u svojstvu isljednika, rezervnog oficira zadu\u017eenog za administrativne i intendantske poslove, vojnog policajca i stra\u017eara u &#8221;Centru za prihvat zarobljenika&#8221;.<\/p>\n<p>Optu\u017eeni su, kako se navodi, nad ratnim zarobljenicima i civilima koji su u Centar dovo\u0111eni s dubrova\u010dkog podru\u010dja, nare\u0111ivali i vr&scaron;ili mu\u010denja, ne\u010dovje\u010dno postupali, nanosili velike patnje i povrede.<\/p>\n","protected":false},"excerpt":{"rendered":"<p>Zlatko Tarle, jedan od optu\u017eenih za ratni zlo\u010din u Morinju, preda\u0107e se do kraja ove nedjelje crnogorskim vlastima, kazao je za Republiku njegov branilac podgori\u010dki advokat Novak Ra\u017enatovi\u0107. Ovu odluku, Tarle je donio u posrednom kontaktu sa sudijom Specijalnog odjeljenja podgori\u010dkog Vi&scaron;eg suda Lazarom Akovi\u0107em, kojem je dodijeljen slu\u010daj &#8221;Morinj&#8221;. Specijalno tu\u017eila&scaron;tvo 15. avgusta podiglo [&hellip;]<\/p>\n","protected":false},"author":1,"featured_media":0,"comment_status":"open","ping_status":"closed","sticky":false,"template":"","format":"standard","meta":{"_seopress_robots_primary_cat":"","_seopress_titles_title":"","_seopress_titles_desc":"","_seopress_robots_index":"","_et_pb_use_builder":"","_et_pb_old_content":"","_et_gb_content_width":"","inline_featured_image":false,"footnotes":""},"categories":[14],"tags":[],"class_list":["post-25599","post","type-post","status-publish","format-standard","hentry","category-vijesti"],"_links":{"self":[{"href":"https:\/\/www.pcnen.com\/portal\/wp-json\/wp\/v2\/posts\/25599","targetHints":{"allow":["GET"]}}],"collection":[{"href":"https:\/\/www.pcnen.com\/portal\/wp-json\/wp\/v2\/posts"}],"about":[{"href":"https:\/\/www.pcnen.com\/portal\/wp-json\/wp\/v2\/types\/post"}],"author":[{"embeddable":true,"href":"https:\/\/www.pcnen.com\/portal\/wp-json\/wp\/v2\/users\/1"}],"replies":[{"embeddable":true,"href":"https:\/\/www.pcnen.com\/portal\/wp-json\/wp\/v2\/comments?post=25599"}],"version-history":[{"count":0,"href":"https:\/\/www.pcnen.com\/portal\/wp-json\/wp\/v2\/posts\/25599\/revisions"}],"wp:attachment":[{"href":"https:\/\/www.pcnen.com\/portal\/wp-json\/wp\/v2\/media?parent=25599"}],"wp:term":[{"taxonomy":"category","embeddable":true,"href":"https:\/\/www.pcnen.com\/portal\/wp-json\/wp\/v2\/categories?post=25599"},{"taxonomy":"post_tag","embeddable":true,"href":"https:\/\/www.pcnen.com\/portal\/wp-json\/wp\/v2\/tags?post=25599"}],"curies":[{"name":"wp","href":"https:\/\/api.w.org\/{rel}","templated":true}]}}