{"id":255885,"date":"2018-11-01T07:44:53","date_gmt":"2018-11-01T06:44:53","guid":{"rendered":"http:\/\/www.pcnen.com\/portal\/?p=255885"},"modified":"2018-11-01T07:44:53","modified_gmt":"2018-11-01T06:44:53","slug":"strane-investicije-i-domace-insinuacije","status":"publish","type":"post","link":"https:\/\/www.pcnen.com\/portal\/2018\/11\/01\/strane-investicije-i-domace-insinuacije\/","title":{"rendered":"Strane investicije i doma\u0107e insinuacije"},"content":{"rendered":"<p><strong>Pi\u0161e: Stefan Aleksi\u0107\u00a0<\/strong><\/p>\n<p><img loading=\"lazy\" decoding=\"async\" class=\"alignleft size-medium wp-image-191627\" src=\"http:\/\/www.pcnen.com\/portal\/wp-content\/uploads\/2015\/10\/stefan_aleksic-300x220.jpg\" alt=\"\" width=\"300\" height=\"220\" \/>Prilikom posete tekstilnoj fabrici Eurotay u Adranima kod Kraljeva predsednik republike Aleksandar Vu\u010di\u0107 dao je \u010ditav niz skandaloznih i neprihvatljivih izjava. Predsednik je zamolio investitore da budu pa\u017eljivi prema radnicama, zamolio ih je da obezbede adekvatne uslove rada, te je na kraju napravio i jednu krajnje neprihvatljivu seksualnu insinuaciju. Iako je predsednik na televiziji Pink izjavio da nije insinuirao ono \u0161to mu se pripisuje, svima je jasno \u0161ta jeste insinuirao.<\/p>\n<p>Izgleda da predsednika treba podsetiti da obezbe\u0111ivanje adekvatnih radnih uslova nije stvar \u201edobre volje\u201c ni milosti \u201einvestitora\u201c, ve\u0107 njegova zakonska obaveza; da du\u017enost \u201einvestitora\u201c nije da budu \u201efini i ljubazni prema \u017eenama\u201c ve\u0107 da se prema njima odnose u skladu sa zakonom, ispla\u0107uju im adekvatne zarade i obezbede adekvatne uslove rada. Usput, valjalo bi ga podsetiti i da su uslovi rada u tekstilnoj industriji izuzetno te\u0161ki; da su kr\u0161enja radnih prava u toj privrednoj grani redovna pojava; da su plate daleko ispod sume potrebne za dostojanstven \u017eivot; da je insinuacija o seksualnom radu u tekstilnim fabrikama apsolutno nedopustiva; da on nije svodnik koji \u017eene i ostale radnike poklanja\/prodaje stranim investitorima (i uz to ih debelo subvencioni\u0161e).<\/p>\n<p>No, potpuno \u0107emo oma\u0161iti poentu ako pomislimo da je problem samo u ovoj jednoj firmi: cela je tekstilna industrija prepuna radnica koje su \u2013 mo\u017eda \u010dak i za \u010ditavu magnitudu vi\u0161e \u2013 ranjivije no radnici u drugim granama. Naime, ta industrija dominantno zapo\u0161ljava \u017eene, kojima se i na svetskom nivou ispla\u0107uju veoma niske plate za rad u lo\u0161im i te\u0161kim uslovima: feminizacija rada u nekoj privrednoj grani naj\u010de\u0161\u0107e zna\u010di i smanjenje nivoa zarada (\u0161ta je od toga starije \u2013 da li plate u profesiji padaju kada u njoj po\u010dnu prete\u017eno da se zapo\u0161ljavaju \u017eene ili se prostor za zapo\u0161ljavanje \u017eena u odre\u0111enim privrednim granama otvara tek kada standard i cena rada padne \u2013 otvoreno je pitanje, ali je va\u017eno naglasiti tu kauzalnu vezu. Stoga ne \u010dudi da su i u Srbiji \u017eene, a me\u0111u njima tekstilne radnice posebno, jedna od najranjivijih grupacija na tr\u017ei\u0161tu rada pa uvredljivi komentari predsednika imaju posebnu te\u017einu.<\/p>\n<p>Jo\u0161 jedna je stvar tako\u0111e ta\u010dna. Predsednik je, paradoksalno, sasvim dobro mapirao tekstilnu industriju: to zaista jeste borba za \u017eivot, zaista sve zavisi od toga da li je \u0161ef (vlasnik, menad\u017eer, supervizor\u2026) ustao na ovu ili onu nogu, radnice zaista samo pre\u017eivljavaju, vlasnici se zaista pona\u0161aju kao da su radnice njihovo vlasni\u0161tvo. Na kraju, one se zaista ne\u0107e obogatiti, dok vlasnici kompanija itekako ho\u0107e, zahvaljuju\u0107i nezavidnom polo\u017eaju radnika u Srbiji u koji ih aktuelna vlast svakodnevno sve vi\u0161e gura.<\/p>\n<p>Stoga, odmaknemo li se za trenutak od ovog najnovijeg gafa, vide\u0107emo da su izjave predsednika sasvim kontigentne sa najavljenjim bizarnim izmenama radnog zakonodavstava, kao i sa planiranim uvo\u0111enjem jedne neverovatne institucije \u2013 poslodavac od poverenja, \u0161to \u0107e relativizovati \u010dak i zakon kao instituciju. Institucija \u201eposlodavac od poverenja\u201c treba da odre\u0111enim poslodavcima (a ne sumnjajmo da \u0107e napori administracije i\u0107i u smeru maksimalizacije broja tako privilegovanih \u201eposlodavaca\u201c) omogu\u0107i da sami procenjuju nivo ispunjavanja svojih zakonskih obaveza. Drugim re\u010dima, ta \u0107e pravna kerefeka zaista napraviti da uslovi rada i po\u0161tovanje prava radnika \u2013 u krajnju ruku garantovanih me\u0111unarodnim ugovorima, ustavom i zakonima Srbije \u2013 zavisi od (lo\u0161e) volje vlasnika.<\/p>\n<p>Po\u0161to \u201ebudu\u0107nost pripada onima koji su jednom nogom ve\u0107 u njoj\u201c, vlada Republike Srbije se i pre usvajanja ove bizarne regulative upustila u njeno praktikovanje: kada su dvojica radnika izgubila \u017eivot na gradili\u0161tu Beograda na vodi ministar za \u2013 verovali ili ne \u2013 rad i zapo\u0161ljavanje (sic!) izjavio je \u201eda Inspekcija rada nije iza\u0161la u javnost s informacijama o pogibiji dva radnika, jer je investitor dao potpunu informaciju o slu\u010daju u svom saop\u0161tenju\u201c.<\/p>\n<p>Ako se i dalje pitate o razlogu za gaf predsednika republike \u2013 da li je stvar u bahatosti ili gluposti \u2013 odgovor valja tra\u017eiti u veoma problemati\u010dnoj ekonomskoj strategiji privla\u010denja stranih investicija: one su proporcionalne devastaciji radni\u010dkih prava, slaboj sindikalnoj organizovanosti, nivou nedelotvornosti, potkapacitiranosti i\/ili korumpiranosti inspekcije rada, slobodi poslodavca da po svojoj volji odre\u0111uje uslove rada, plate i sli\u010dno, te na kraju i iznosu subvencija. Ukratko: regionalna \u201etrka do dna\u201c u uni\u0161tavanju radnih prava i mehanizama njihove za\u0161tite jeste najbolji humus za investicije i cirkulaciju kapitala.<\/p>\n<p>Na\u017ealost, upravo intenzitet trke do dna me\u0111unarodne institucije, parainstitucije i mediji uzimaju kao glavno merilo ekonomskog uspeha: tako je pre nekoliko dana britanski Financial Times slobodnu zonu u Pirotu \u2013 a slobodne zone su po definiciji prostori u kojima se zakoni stavljaju ad acta \u2013 proglasio najboljom u Evropi. Kada vas po ovom kriterijumu neko svrsta u vrh, to onda sigurno zna\u010di da ste na dnu.<\/p>\n<p><a href=\"https:\/\/pescanik.net\/strane-investicije-i-domace-insinuacije\/\">Pe\u0161\u010danik.net<\/a><\/p>\n","protected":false},"excerpt":{"rendered":"<p>Ekonomska stretegija Srbije privla\u010denja stranih investicija je proporcionalna devastaciji radni\u010dkih prava,<\/p>\n","protected":false},"author":1,"featured_media":0,"comment_status":"open","ping_status":"closed","sticky":false,"template":"","format":"standard","meta":{"_seopress_robots_primary_cat":"","_seopress_titles_title":"","_seopress_titles_desc":"","_seopress_robots_index":"","_et_pb_use_builder":"","_et_pb_old_content":"","_et_gb_content_width":"","inline_featured_image":false,"footnotes":""},"categories":[5],"tags":[],"class_list":["post-255885","post","type-post","status-publish","format-standard","hentry","category-drugi-pisu"],"_links":{"self":[{"href":"https:\/\/www.pcnen.com\/portal\/wp-json\/wp\/v2\/posts\/255885","targetHints":{"allow":["GET"]}}],"collection":[{"href":"https:\/\/www.pcnen.com\/portal\/wp-json\/wp\/v2\/posts"}],"about":[{"href":"https:\/\/www.pcnen.com\/portal\/wp-json\/wp\/v2\/types\/post"}],"author":[{"embeddable":true,"href":"https:\/\/www.pcnen.com\/portal\/wp-json\/wp\/v2\/users\/1"}],"replies":[{"embeddable":true,"href":"https:\/\/www.pcnen.com\/portal\/wp-json\/wp\/v2\/comments?post=255885"}],"version-history":[{"count":0,"href":"https:\/\/www.pcnen.com\/portal\/wp-json\/wp\/v2\/posts\/255885\/revisions"}],"wp:attachment":[{"href":"https:\/\/www.pcnen.com\/portal\/wp-json\/wp\/v2\/media?parent=255885"}],"wp:term":[{"taxonomy":"category","embeddable":true,"href":"https:\/\/www.pcnen.com\/portal\/wp-json\/wp\/v2\/categories?post=255885"},{"taxonomy":"post_tag","embeddable":true,"href":"https:\/\/www.pcnen.com\/portal\/wp-json\/wp\/v2\/tags?post=255885"}],"curies":[{"name":"wp","href":"https:\/\/api.w.org\/{rel}","templated":true}]}}