{"id":255355,"date":"2018-10-22T11:46:12","date_gmt":"2018-10-22T09:46:12","guid":{"rendered":"http:\/\/www.pcnen.com\/portal\/?p=255355"},"modified":"2018-10-22T11:46:12","modified_gmt":"2018-10-22T09:46:12","slug":"rektor-cetinjske-bogoslovije-reagovao-na-izjavu-predsjednika-crne-gore","status":"publish","type":"post","link":"https:\/\/www.pcnen.com\/portal\/2018\/10\/22\/rektor-cetinjske-bogoslovije-reagovao-na-izjavu-predsjednika-crne-gore\/","title":{"rendered":"Rektor Cetinjske bogoslovije reagovao na izjavu predsjednika Crne Gore"},"content":{"rendered":"<p><img loading=\"lazy\" decoding=\"async\" class=\"size-medium wp-image-182916 alignleft\" src=\"http:\/\/www.pcnen.com\/portal\/wp-content\/uploads\/2015\/06\/gojko-perovic-300x155.jpg\" alt=\"\" width=\"300\" height=\"155\" \/>Rektor Cetinjske bogoslovije Gojko Perovi\u0107 je, u autorskom tekstu, polemisao sa tvrdnjama iznesenim u izjavi predsjednika Crne Gore Mila \u0110ukanovi\u0107a da <a href=\"http:\/\/www.pcnen.com\/portal\/2018\/10\/19\/dukanovic-agresivno-svetosavlje-ponistava-crnogorski-vjerski-i-nacionalni-identitet\/\">agresivno svetosavlje poni\u0161tava crnogorski vjerski i nacionalni identitet.<\/a><\/p>\n<p>\u201cNa kraju ovog kratkog podsje\u0107anja na na\u0161u istoriju i geografiju pitam sebe i Vas, gospodine predsjedni\u010de: \u0161ta to ima agresivno u vezi sa svetosavljem u Crnoj Gori? \u0160ta je to \u010dime svetosavlje poni\u0161tava crnogorski vjerski i nacionalni identitet \u2013 ako nije upravo nasilje koje se vr\u0161i nad samim svetim Savom? Mo\u017eemo li se \u2018osloboditi\u2019 njegovoga imena i spomena, a da poslije toga budemo i nalik onima koji su nas rodili i koji su Crnu Goru stvorili?\u201d, pita rector Cetinjske bogoslovije u tekstu koji <a href=\"https:\/\/www.in4s.net\/perovic-agresivno-svetosavlje\/?lang=lat\">objavljuje In4S.<\/a><\/p>\n","protected":false},"excerpt":{"rendered":"<p>\u0160ta je to \u010dime svetosavlje poni\u0161tava crnogorski vjerski i nacionalni identitet \u2013 ako nije upravo nasilje koje se vr\u0161i nad samim svetim Savom? <\/p>\n","protected":false},"author":1,"featured_media":0,"comment_status":"open","ping_status":"closed","sticky":false,"template":"","format":"standard","meta":{"_seopress_robots_primary_cat":"","_seopress_titles_title":"","_seopress_titles_desc":"","_seopress_robots_index":"","_et_pb_use_builder":"","_et_pb_old_content":"","_et_gb_content_width":"","inline_featured_image":false,"footnotes":""},"categories":[14,12],"tags":[],"class_list":["post-255355","post","type-post","status-publish","format-standard","hentry","category-vijesti","category-prica-dana"],"_links":{"self":[{"href":"https:\/\/www.pcnen.com\/portal\/wp-json\/wp\/v2\/posts\/255355","targetHints":{"allow":["GET"]}}],"collection":[{"href":"https:\/\/www.pcnen.com\/portal\/wp-json\/wp\/v2\/posts"}],"about":[{"href":"https:\/\/www.pcnen.com\/portal\/wp-json\/wp\/v2\/types\/post"}],"author":[{"embeddable":true,"href":"https:\/\/www.pcnen.com\/portal\/wp-json\/wp\/v2\/users\/1"}],"replies":[{"embeddable":true,"href":"https:\/\/www.pcnen.com\/portal\/wp-json\/wp\/v2\/comments?post=255355"}],"version-history":[{"count":0,"href":"https:\/\/www.pcnen.com\/portal\/wp-json\/wp\/v2\/posts\/255355\/revisions"}],"wp:attachment":[{"href":"https:\/\/www.pcnen.com\/portal\/wp-json\/wp\/v2\/media?parent=255355"}],"wp:term":[{"taxonomy":"category","embeddable":true,"href":"https:\/\/www.pcnen.com\/portal\/wp-json\/wp\/v2\/categories?post=255355"},{"taxonomy":"post_tag","embeddable":true,"href":"https:\/\/www.pcnen.com\/portal\/wp-json\/wp\/v2\/tags?post=255355"}],"curies":[{"name":"wp","href":"https:\/\/api.w.org\/{rel}","templated":true}]}}