{"id":255336,"date":"2018-10-22T08:29:36","date_gmt":"2018-10-22T06:29:36","guid":{"rendered":"http:\/\/www.pcnen.com\/portal\/?p=255336"},"modified":"2018-10-22T08:32:10","modified_gmt":"2018-10-22T06:32:10","slug":"planinu-ce-pokrenuti-samo-onaj-ko-je-na-pocetku-pomicao-kamencice","status":"publish","type":"post","link":"https:\/\/www.pcnen.com\/portal\/2018\/10\/22\/planinu-ce-pokrenuti-samo-onaj-ko-je-na-pocetku-pomicao-kamencice\/","title":{"rendered":"Planinu \u0107e pokrenuti samo onaj ko je na po\u010detku pomicao kamen\u010di\u0107e"},"content":{"rendered":"<p><strong>Autor: \u00a0Goran Sari\u0107<\/strong><\/p>\n<p><img loading=\"lazy\" decoding=\"async\" class=\"alignright size-medium wp-image-114554\" src=\"http:\/\/www.pcnen.com\/portal\/wp-content\/uploads\/2013\/05\/ruka-ruci-300x225.jpg\" alt=\"\" width=\"300\" height=\"225\" \/>Neformalna grupa gra\u0111ana \u201cVolonteri i prijatelji Konjica\u201d (NGG VIPK) osnovana je 2006. godine s ciljem da ja\u010da gra\u0111ansku svijet, pomogne \u010dovjeku, kom\u0161iji, djeci, zajednici i povezuje Konji\u010dane i prijatelje Konjica \u0161irom svijeta.<\/p>\n<p>VIPK \u010dine jezgro od pedesetak aktivista svih zanimanja, generacija i nacija i preko stotinu simpatizera, ljudi koji poma\u017eu u izvo\u0111enju projekata na unapre\u0111enju ljudske okoline i ja\u010danju gra\u0111anske svijesti i\u00a0 hrabrosti.<\/p>\n<p>\u201cNa\u0161a vizija i misija jeste da poma\u017eemo, da spajamo, da gradimo bolji svijet. Na\u0161u grupu \u010dine gra\u0111ani grada Konjica koje za rad i anga\u017eovanje motivi\u0161e borba za bolje me\u0111uljudske odnose, a protiv nepravde, jer smatramo da \u017eivot vrijedi posvetiti pronala\u017eenju i promovisanju mrvica dobrote i ljubavi kojih ima oko nas,\u201d stoji u jednom od saop\u0161tenja VIPK-a.<\/p>\n<p>Za desetine izvedenih gra\u0111anskih volonterskih akcija VIPK je dobio mnogo pohvala u Bosni i Hercegovini, ali i u inostranstvu.<\/p>\n<p>Oni su \u010dlanovi brojnih \u201cmre\u017ea\u201d nevladinih organizacija u Bosni i Hercegovini (Omladinska mre\u017ea, ACCOUNT, Unija za odr\u017eivi povratak i integracije u BiH\u2026), a sve\u010dani prijem za ove, ve\u0107inom mlade, entuzijaste jednom su uprili\u010dili i Volonteri UN u BiH, \u010diji je rezidentni koordinator, Jurij Afanasijev tom prilikom kazao: \u201cKonjic je sretan grad \u0161to vas ima.\u201d<\/p>\n<p>Razgovaramo sa Adisom Muhibi\u0107em, idejnim tvorcem i predsjednikom Upravnog odbora Udru\u017eenja \u201cVolonteri i prijatelji Konjica\u201c. Muhibi\u0107 (1977.) je ve\u0107 dvadeset godina zaposlen u Federalnoj upravi policije. O\u017eenjen, otac dvoje djece, uspje\u0161an sportista, sudija-porotnik i idealista koji vjeruje u bolji i pravedniji svijet.<\/p>\n<p><em>Kako ste uop\u0161te do\u0161li na ideju da osnujete Udru\u017eenje \u201cVolonteri i prijatelji konji\u010dke regije?\u201d Imam utisak da je, uprkos veoma lo\u0161em stanju u na\u0161oj zemlji, veoma malo takvih inicijativa na lokalnom nivou?<\/em><\/p>\n<p>Poslijeratno stanje u na\u0161oj dr\u017eavi i u gradu Konjicu proizvelo je mnoge probleme, a naro\u010dito u izgradnji zajednice. To je veoma slo\u017een posao, \u0161to vlasti ne shvataju ba\u0161 najbolje i neodovoljno rade na tome. Oni su prvenstveno okrenuti gra\u0111evinskim, dakle materijalnim pitanjima, dok zajednica u duhovnom pogledu zaostaje. Djeluju\u0107i lokalno, volonteri pokrivaju zna\u010dajan dio dru\u0161tvene kohezije, komunikacije, povezivanja marginaliziranih grupa, i tako obnavljaju poljuljano me\u0111usobno povjerenje. U takvim odnosima:\u00a0 manjak demokratije, kvalitetnih informacija, dobre komunikacije, a uz pove\u0107anje birokratizma, nezakonitosti, i korupcije, potpuno je zanemaren pojedinac, s njegovim pravima u lokalnoj zajednici. Konkretno, kod nas u Konjicu, lokalna administracija je u dobroj mjeri zanemarila djecu i njihovo pravo na igru, \u0161to mi kao roditelji i gra\u0111ani nikako nismo mogli prihvatiti.<\/p>\n<p><em>Negdje sam pro\u010ditao da je lokalna vlast ostala pasivna na Va\u0161 prijedlog da se rekonstrui\u0161e i vrati djeci sportski poligon u naselju Tre\u0161anica. Moram priznati da meni Konjic, \u0161to se ti\u010de urbanih sadr\u017eaja, sad izgleda ljep\u0161i nego prije rata. Je li se u me\u0111uvremenu stanje popravilo (i) \u0161to se ti\u010de prostora za djecu?<\/em><\/p>\n<p>Prema posljednjem popisu stanovni\u0161tva u BiH, op\u0107ina Konjic ima oko 5.000 djece i jo\u0161 uvijek tri neure\u0111ena dje\u010dija parka (Kolonija, Luka, Tre\u0161anica), te dva neure\u0111ena igrali\u0161ta (Ora\u0161je i Tre\u0107i mart). Volonteri posebnu pa\u017enju posve\u0107uju zdravom odgoju i odrastanju djece. Dakle, stanje u vezi sa brojem i kvalitetom dje\u010dijih igrali\u0161ta i parkova u gradu je i dalje nezadovoljavaju\u0107e.<\/p>\n<p>Na\u0161im sugra\u0111anima je poznato da mi zalaganjem i konkretnim aktivnostima doprinosimo boljem stanju u ovoj oblasti. Na\u017ealost, stanje je sve lo\u0161ije, sve se komercijalizuje, napla\u0107uje pristup svim sportskim terenima i klubovima, zbog \u010dega ih gra\u0111ani nisu u stanju optimalno koristiti. Apsurdno je, da je op\u0107ina Konjic bukvalno sprije\u010dila povratak i rekonstrukciju uzurpiranog sportskog poligona djeci u naselju Tre\u0161anica, iako smo prikupili svu potrebnu dokumentaciju i osigurali donaciju za njegovo popravljanje.<\/p>\n<p>Ta\u010dno je da je grad lijep. I mi s turistima u\u017eivamo u obilasku Kamene \u0107uprije, \u0161etnji pored Neretve, posjetama atraktivnim restoranima i kafi\u0107ima i ku\u0161anju delicija koje prave sjajni konji\u010dki kuhari. Me\u0111utim, zajednica bi trebala imati mnogo vi\u0161e koristi od svega toga.<\/p>\n<p><em>Kakvi su bili uslovi kad ste po\u010dinjali? Kako su na Vas i Va\u0161e, ve\u0107inom mlade, \u010dlanove gledale lokalne vlasti, a kako obi\u010dni gra\u0111ani Konjica?<\/em><\/p>\n<p>Pa, gra\u0111ani nas prepoznaju po tome \u0161to poma\u017eemo ljudima. U to prvo vrijeme u gradu nije bilo gra\u0111anskih inicijativa, a mjesne zajednice su na tom polju bile i ostale neaktivne. Sada u\u017eivamo veliko povjerenje gra\u0111ana, oni nam se \u010desto obra\u0107aju za pomo\u0107, jer znaju da kod nas nema zabranjenih tema i pitanja. U VIPK su se uklju\u010divali mnogi na\u0161i sugra\u0111ani koji danas imaju vlastita udru\u017eenja i djeluju na raznim poljima, a za gra\u0111anski aktivizam su bili potaknuti i edukovani u na\u0161em udru\u017eenju.<\/p>\n<p><em>S obzirom da ste o\u017eenjeni, otac dvojice dje\u010daka koji, koliko znam, i sami u\u010destvuju u aktivnostima VIPK-a, moram Vas upitati da li Vas je ikad bilo strah negativnih, pa i nasilnih reakcija? Jeste li se bojali za vlastitu, i sigurnost Va\u0161e supruge i djece?<\/em><\/p>\n<p>Sretno sam o\u017eenjen i 2001. godine sam postao otac blizanaca Alija i Dine. Kao i svaki roditelj, i ja radim za dobrobit moje djece. Radom u Udru\u017eenju oni, skupa sa drugom djecom, sti\u010du odre\u0111eno iskustvo, postaju odgovorniji i osje\u0107ajniji za druge ljude.<\/p>\n<p>A strah u dru\u0161tvu je itekako prisutan, on je dio atmosfere i jako je vidljiv kod mnogih ljudi. Negativne reakcije javljaju se u obliku ignorisanja na\u0161ih dopisa, neargumentovanih prijava na poslu, i to od strane pojedinaca kojima smeta moj gra\u0111anski aktivizam ili politi\u010dki aktivizam moje supruge. Ima svakakvih reakcija na Facebook-u, gdje ljudi koji nemaju hrabrosti da se suo\u010de sa stvarno\u0161\u0107u istresaju svoje frustracije\u2026 Sre\u0107om, do sada nije bilo nasilnih reakcija, pa mislim da se tu nemam \u010dega bojati.<\/p>\n<p>A sad malo o nedostatku gra\u0111anske hrabrosti. Kao \u0161to i sami znate, Konjic je u toku rata razaran sa tri strane. Granatama srpske vojske i snajperima HVO-a spolja, a terorom nekolicine zlo\u010dinaca u uniformama Armije RBiH iznutra. Tu vi\u0161e ni\u0161ta nije nepoznato. Ali, \u010dini mi se da se lokalne vlasti u Konjicu te\u0161ko i nerado suo\u010davaju s ovim mrljama na savjesti na\u0161ega grada. \u0160ta, recimo, mislite, o \u010dinjenici da, koliko ja znam, u \u010celebi\u0107ima nema spomen-plo\u010de \u017ertvama tamo\u0161njeg terora? \u0160ta treba uraditi da se gradske vlasti natjeraju da \u201cprogledaju\u201d i isprave te, po mom mi\u0161ljenju, velike nepravde?<\/p>\n<p>O stvarima koje pitate i ja sam samo \u010duo i pro\u010ditao iz vi\u0161e izvora. Po\u010detak agresije na Bosnu i Hercegovinu do\u010dekao sam kao maloljetna osoba te kao takav bio odre\u0111eno vrijeme dobrovoljac-kurir u ARBIH u Tar\u010dinu, a kasnije nastavio \u0161kolovanje u Srednjoj policijskoj \u0161koli u Sarajevu. Moje porijeklo nije odavde tako da po ovom pitanju svaki moj odgovor bi bio povr\u0161an. Mi insistiramo da svaka civilna \u017ertva rata ima spomen plo\u010du na mjestu stadanja u Konjicu tako da svi na\u0111u predugo o\u010dekivani smiraj. U tome dajemo bezrezervnu podr\u0161ku Udru\u017eenju civilnih \u017ertava rata, s kojima obilje\u017eavamo sve zna\u010dajnije datume. Mi\u0161ljenja smo da dru\u017eenja ovog tipa moraju biti prodornija u svojim inicijativama koje trebaju do\u0107i do Op\u0107inskog vije\u0107a, gdje se donosi kona\u010dna odluka i ispravlja ili ostavlja zate\u010deno stanje. Svaki drugi put bio bi kru\u017eenje u krug.<\/p>\n<p><em>Razumijem za\u0161to su gra\u0111ani Konjica \u0161utjeli onda, u ratu, kad je Grad bio \u201cokovan\u201d snajperima HVO-a i granatama vojske RS. Ali, \u0161ta mislite, za\u0161to se po\u0161teni Konji\u010dani \u2013 a znam da ih ima \u2013 o tim stvarima rijetko ogla\u0161avaju i sad, skoro \u010detvrt vijeka nakon rata?<\/em><\/p>\n<p>Kao \u0161to sam ve\u0107 rekao, stanovnik Konjica sam od 2000. godine tako da taj dio pri\u010de ne poznajem. Za ovo vrijeme provedeno u gradu uo\u010dio sam, da ljudi \u0161ute i trpe sve i sva\u0161ta i malo ko reaguje. Razlozi su vjerovatno brojni, ali je jedno sigurno. Briga za golo pre\u017eivljavanje natjerala je ve\u0107inu da se osje\u0107a tako.<\/p>\n<p><em>Sla\u017eem se. \u010cini mi se da je i njih, ali i skoro sve stanovnike BiH zahvatila neka bezvoljnost, pa i bezna\u0111e. Kao da ljudi vi\u0161e ni u \u0161ta ne vjeruju. Stariji \u201ckrpe\u201d kraj s krajem, a mladi nadaju samo jednom: odlasku na Zapad. S druge strane, Vi i Va\u0161i mladi drugari iz VIPK-a vjerujete u va\u017enost malih gesti, i pozitivnih pomaka. Mogu li se tom politikom malih koraka \u2013 da ovdje spomenem samo djevoj\u010dicu Hanu, kojoj je tek na va\u0161 poticaj gra\u0111evinskom intervencijom omogu\u0107en normalan ulazak u \u0161kolu u invalidskim kolicima \u2013 stvari i na krupnom planu promijeniti nabolje?<\/em><\/p>\n<p>I mladi iz na\u0161eg udru\u017eenja odlaze vani u potrazi za boljim \u017eivotom, jer su zanemareni i osje\u0107aju sav teret nereda u na\u0161em dru\u0161tvu kojeg isklju\u010divo moraju mijenjati odgovorni politi\u010dari. To je u njihovim rukama i nadamo se da \u0107e se to stanje kona\u010dno po\u010deti rje\u0161avati na bolje. Politika malih koraka uvijek urodi plodom. Na\u0161a Hana Vo\u0111o danas \u017eivi sretnije, kao i na\u0161 Belmin Kozi\u0107 i to je najbitniji dio pri\u010de. Ukoliko se iz tih na\u0161ih malih gesti izrode velike akcije, toplo \u0107emo ih pozdraviti. U ovom slu\u010daju skrenuli smo pri\u010du na djecu s pote\u0161ko\u0107ama u razvoju i dali sve od sebe da i drugi prepoznaju njihove potrebe i u\u010dine sve kako bi takve osobe imale lak\u0161i i normalniji \u017eivot. Sretnije \u017eive i porodice Alibegovi\u0107, Plav\u010di\u0107, \u010cori\u0107 i mnoge druge kojima su volonteri vratili osmijeh na lice.<\/p>\n<p><em>Jednom ste rekli, a to je vidljivo ve\u0107 i iz starosne dobi va\u0161ih \u010dlanova, da vam je prioritet rad s mladim ljudima. VIPK je nedavno i\u0161ao u Nevesinje, dru\u017eili ste se s tamo\u0161njom omladinom i skupa polo\u017eili cvije\u0107e u Trebinju na grob heroja gra\u0111anske hrabrosti Sr\u0111ana Aleksi\u0107a. Imate li informacija o sli\u010dnim susretima mladih u BiH i regionu, ima li naznaka o bu\u0111enju gra\u0111anske svijesti, naro\u010dito kod mladih?<\/em><\/p>\n<p>Ve\u0107 drugu godinu imamo uspje\u0161nu saradnju sa mladima Nevesinja i mogu kazati da se budi gra\u0111anska svijest kod mladih ljudi \u0161to je i bio i jedan od glavnih ciljeva projekata \u201cDobar kom\u0161ija zlata vrijedi\u201d, odnosno \u201cZajedno za budu\u0107nost\u201d, koji je podr\u017eala ameri\u010dka ambasada u Sarajevu. U Konjicu smo inicirali formiranje Koalicije za borbu protiv mr\u017enje \u201cPeace Building\u201d, koja ima za cilj uticaj protiv bilo kojeg vida mr\u017enje prema drugom i druga\u010dijem, u \u010demu u\u017eivamo podr\u0161ku OSCE-a u BiH. Mi smo, \u0161to se ti\u010de Konjica, u tome najaktivniji. U BiH i regionu imamo sli\u010dnih primjera, naro\u010dito kroz OSCE-ov projekat \u201cSupergra\u0111ani\/ke\u201d. Na nedavno odr\u017eanoj Skup\u0161tini na\u0161eg udru\u017eenja smo odlu\u010dili da Op\u0161tinskom vije\u0107u Konjica predlo\u017eimo da jedna ulica u na\u0161em gradu dobije ime heroja Sr\u0111ana Aleksi\u0107a.<\/p>\n<p><em>Evo jo\u0161 jednog lijepog, pozitivnog primjera. Prije par dana sam, naime, vidio fotografiju spomen-plo\u010de pokojnim dje\u010dacima Petru i Pavlu Golubovi\u0107, skupa sa roditeljima, profesorima \u0110urom i Vlastom, mu\u010dki ubijenih od strane (poznatih i procesuiranih) zlo\u010dinaca iz sastava MUP-a Konjic. Postavljena je, koliko sam mogao vidjeti, na ulazu u pravoslavno groblje na Donjem Selu, a dao ju je izraditi i postaviti na\u0161 sugra\u0111anin Anis Kosovac. Jeste li prije njenog postavljanja ve\u0107 znali za tu sjajnu ljudsku gestu gospodina Kosovca i da li ste mo\u017eda ovih dana kontaktirali s njim?<\/em><\/p>\n<p>Prije nekoliko godina VIPK je prvi krenuo sa obilje\u017eavanjem godi\u0161njice svirepog ubistva porodice Golubovi\u0107 na inicijativu novinara \u010cukle Mirsada i njegove supruge Du\u0161ice. Na ovom putu posljednjih godina pridru\u017eili su nam se i profesori Srednje \u0161kole (\u0110urine i Vlastine radne kolege), konji\u010dki izvi\u0111a\u010di, \u010dlanovi Udru\u017eenja civilnih \u017ertava rata i pojedini sugra\u0111ani. Nismo znali za ovu sjajnu gestu na\u0161eg sugra\u0111anina Kosovca koju pozdravljamo, a o njoj \u0107emo svakako porazgovarati s njim i podjeliti na\u0161a razmi\u0161ljanja i ideje.<\/p>\n<p><em>Zna\u010di, ima nade za Konjic i Bosnu i Hercegovinu?<\/em><\/p>\n<p>Ka\u017eu: \u201cPlaninu \u0107e pokrenuti samo onaj ko je na po\u010detku pomicao kamen\u010di\u0107e.\u201d Uvijek ima nade i uvijek \u0107e je biti. Putevi kojima mi kora\u010damo su spori, ali dosti\u017eni. Problemi su se i do sada mogli br\u017ee rje\u0161avati da smo imali dobru volju i spremnost na dijalog onih koji su du\u017eni raditi u interesu gra\u0111ana Konjica.<\/p>\n<p>U posljednje vrijeme imamo osje\u0107aj da se polako, ali sigurno, kod mla\u0111eg kadra vladaju\u0107ih struktura i opozicije javlja osje\u0107aj odgovornosti prema gra\u0111anima i prepoznaje zna\u010daj rada na\u0161eg udru\u017eenja za grad Konjic. Mislimo da \u0107e se stanje mijenjati nabolje ako vlast istinski po\u010dne oslu\u0161kivati potrebe ljudi i pratiti aktivnosti koje doprinose rje\u0161avanju problema obi\u010dnog \u010dovjeka.<\/p>\n<p>\u017delja nam je da Konjic bude evropski grad, zaista otvoren za sve ljude, da za dobrobit grada uklju\u010dimo sve Konji\u010dane i prijatelje Konjica iz cijelog svijeta, da organizujemo godi\u0161nji susret na\u0161e dijaspore te da uz pokretanje portala Novikonjic.ba o\u017eivimo i \u010dasopis \u201cMostovi\u201d koji se \u010ditao \u0161irom svijeta. Sve ovo bi sigurno doprinijelo izgradnji boljeg i ljep\u0161eg Konjica.<\/p>\n<p>Ta\u010dno.net<\/p>\n","protected":false},"excerpt":{"rendered":"<p>Razgovaramo sa Adisom Muhibi\u0107em, idejnim tvorcem i predsjednikom UO Udru\u017eenja \u201cVolonteri i prijatelji Konjica\u201c<\/p>\n","protected":false},"author":1,"featured_media":0,"comment_status":"open","ping_status":"closed","sticky":false,"template":"","format":"standard","meta":{"_seopress_robots_primary_cat":"","_seopress_titles_title":"","_seopress_titles_desc":"","_seopress_robots_index":"","_et_pb_use_builder":"","_et_pb_old_content":"","_et_gb_content_width":"","inline_featured_image":false,"footnotes":""},"categories":[5],"tags":[],"class_list":["post-255336","post","type-post","status-publish","format-standard","hentry","category-drugi-pisu"],"_links":{"self":[{"href":"https:\/\/www.pcnen.com\/portal\/wp-json\/wp\/v2\/posts\/255336","targetHints":{"allow":["GET"]}}],"collection":[{"href":"https:\/\/www.pcnen.com\/portal\/wp-json\/wp\/v2\/posts"}],"about":[{"href":"https:\/\/www.pcnen.com\/portal\/wp-json\/wp\/v2\/types\/post"}],"author":[{"embeddable":true,"href":"https:\/\/www.pcnen.com\/portal\/wp-json\/wp\/v2\/users\/1"}],"replies":[{"embeddable":true,"href":"https:\/\/www.pcnen.com\/portal\/wp-json\/wp\/v2\/comments?post=255336"}],"version-history":[{"count":0,"href":"https:\/\/www.pcnen.com\/portal\/wp-json\/wp\/v2\/posts\/255336\/revisions"}],"wp:attachment":[{"href":"https:\/\/www.pcnen.com\/portal\/wp-json\/wp\/v2\/media?parent=255336"}],"wp:term":[{"taxonomy":"category","embeddable":true,"href":"https:\/\/www.pcnen.com\/portal\/wp-json\/wp\/v2\/categories?post=255336"},{"taxonomy":"post_tag","embeddable":true,"href":"https:\/\/www.pcnen.com\/portal\/wp-json\/wp\/v2\/tags?post=255336"}],"curies":[{"name":"wp","href":"https:\/\/api.w.org\/{rel}","templated":true}]}}