{"id":255244,"date":"2018-10-20T19:30:06","date_gmt":"2018-10-20T17:30:06","guid":{"rendered":"http:\/\/www.pcnen.com\/portal\/?p=255244"},"modified":"2018-10-20T20:30:19","modified_gmt":"2018-10-20T18:30:19","slug":"ne-cijevnu-u-cijevi","status":"publish","type":"post","link":"https:\/\/www.pcnen.com\/portal\/2018\/10\/20\/ne-cijevnu-u-cijevi\/","title":{"rendered":"NE Cijevnu u cijevi!"},"content":{"rendered":"<div id=\"attachment_255271\" style=\"width: 310px\" class=\"wp-caption alignright\"><img loading=\"lazy\" decoding=\"async\" aria-describedby=\"caption-attachment-255271\" class=\"size-medium wp-image-255271\" src=\"http:\/\/www.pcnen.com\/portal\/wp-content\/uploads\/2018\/10\/Ne-Cijevnu-u-cijevi-300x154.jpg\" alt=\"\" width=\"300\" height=\"154\" \/><p id=\"caption-attachment-255271\" class=\"wp-caption-text\">Foto: Ilija Rajda Peri\u0107, screenshot<\/p><\/div>\n<p>Ve\u0107a grupa uglavnom mla\u0111ih gra\u0111ana i gra\u0111anki poru\u010dilo je danas iz suvog korita rijeke Cijevne ispod Dino\u0161e &#8220;NE Cijevnu u cijevi&#8221;.<\/p>\n<p>Pod ovim sloganom, Centar za za\u0161titu i prou\u010davanje ptica i nevladino udru\u017eenje Biciklo.me organizovali su danas protestnu bicilisti\u010dku vo\u017enju iz <a href=\"http:\/\/&lt;iframe src=&quot;https:\/\/www.facebook.com\/plugins\/video.php?href=https%3A%2F%2Fwww.facebook.com%2Filija.r.peric%2Fvideos%2F10161249792900093%2F&amp;show_text=0&amp;width=560&quot; width=&quot;560&quot; height=&quot;300&quot; style=&quot;border:none;overflow:hidden&quot; scrolling=&quot;no&quot; frameborder=&quot;0&quot; allowTransparency=&quot;true&quot; allowFullScreen=&quot;true&quot;&gt;&lt;\/iframe&gt;\">centra Podgorice<\/a> do Dino\u0161e kako bi skrenuli pa\u017enju na gradnju velikog broja mini hidroelektrana na rijeci u gornjem toku, u susjednoj dr\u017eavi.<\/p>\n<p>\u201cPriroda ne poznaje granice i jasno je da ovako va\u017ean ekosistem ne mo\u017eemo dijeliti i posmatrati kao odvojene cjeline. Svaka aktivnost u gornjem toku rijeke koja proti\u010de kroz Albaniju ostavlja posljedice na donji tok koji je kod nas za\u0161ti\u0107eno podru\u010dje. Samim tim, izgradnja planiranih 14 mHE na rijeci Cijevna, obesmi\u0161ljava sve ulo\u017eene napore da sa\u010duvamo i za\u0161titimo njene prirodne vrijednosti.<\/p>\n<p>Mini hidroelektrane odavno nisu problem samo naru\u0161avanja biodiverziteta, ve\u0107 su prerasle u socio-ekonomski problem. Sjever Crne Gore je primjer beskrupuloznog uni\u0161tavanja prirode na \u0161tetu lokalne zajednice, zarad povla\u0161\u0107enih investitora, a sada smo svjedoci da i centralni region zemlje po\u010dinje da osje\u0107a posljedice nezasitih apetita investitora\u201d, poru\u010dili su organizatori, najavljuju\u0107i protest.<\/p>\n<p>Gra\u0111ani i gra\u0111anke, me\u0111u kojima je bilo i lokalnog stanovni\u0161tva i civilnih aktivista iz Albanije, ali ne i politi\u010dara iz najnovije op\u0161tine &#8211; Tuzi, simboli\u010dno su se okupili u praznom korituo rijeke koja tokom su\u0161nog perioda <a href=\"http:\/\/&lt;iframe src=&quot;https:\/\/www.facebook.com\/plugins\/video.php?href=https%3A%2F%2Fwww.facebook.com%2Filija.r.peric%2Fvideos%2F10161249995650093%2F&amp;show_text=0&amp;width=560&quot; width=&quot;560&quot; height=&quot;300&quot; style=&quot;border:none;overflow:hidden&quot; scrolling=&quot;no&quot; frameborder=&quot;0&quot; allowTransparency=&quot;true&quot; allowFullScreen=&quot;true&quot;&gt;&lt;\/iframe&gt;\">nestaje ispod sela Dino\u0161a<\/a>. Oni koji su govorili su ukazali na \u010dinjenicu da mini-elektrane, bilo da se grade u Crnoj Gori ili u njenom susjedstvu, donose dobro samo manjem broju povla\u0161\u0107enih investitora, a svim aostalima \u0161tetu, posebno ekosistemu.<\/p>\n<p>Podgori\u010dki dnevnik Vijesti je ju\u010de objavio poseban dodatak posve\u0107en za\u0161titi rijeke Cijevne. TV Vijesti je op\u0161irno ve\u010deras izvijestila o protestnoj akciji, dok je nacionalna javna televizija kratku vijest o gra\u0111anskom protestu objavila na samom kraju Dnevnika 2, centralne informativne emisije.<\/p>\n","protected":false},"excerpt":{"rendered":"<p>Svaka aktivnost u gornjem toku rijeke koja proti\u010de kroz Albaniju ostavlja posljedice na donji tok koji je kod nas za\u0161ti\u0107eno podru\u010dje<\/p>\n","protected":false},"author":1,"featured_media":0,"comment_status":"open","ping_status":"closed","sticky":false,"template":"","format":"standard","meta":{"_seopress_robots_primary_cat":"","_seopress_titles_title":"","_seopress_titles_desc":"","_seopress_robots_index":"","_et_pb_use_builder":"","_et_pb_old_content":"","_et_gb_content_width":"","inline_featured_image":false,"footnotes":""},"categories":[14,12],"tags":[],"class_list":["post-255244","post","type-post","status-publish","format-standard","hentry","category-vijesti","category-prica-dana"],"_links":{"self":[{"href":"https:\/\/www.pcnen.com\/portal\/wp-json\/wp\/v2\/posts\/255244","targetHints":{"allow":["GET"]}}],"collection":[{"href":"https:\/\/www.pcnen.com\/portal\/wp-json\/wp\/v2\/posts"}],"about":[{"href":"https:\/\/www.pcnen.com\/portal\/wp-json\/wp\/v2\/types\/post"}],"author":[{"embeddable":true,"href":"https:\/\/www.pcnen.com\/portal\/wp-json\/wp\/v2\/users\/1"}],"replies":[{"embeddable":true,"href":"https:\/\/www.pcnen.com\/portal\/wp-json\/wp\/v2\/comments?post=255244"}],"version-history":[{"count":0,"href":"https:\/\/www.pcnen.com\/portal\/wp-json\/wp\/v2\/posts\/255244\/revisions"}],"wp:attachment":[{"href":"https:\/\/www.pcnen.com\/portal\/wp-json\/wp\/v2\/media?parent=255244"}],"wp:term":[{"taxonomy":"category","embeddable":true,"href":"https:\/\/www.pcnen.com\/portal\/wp-json\/wp\/v2\/categories?post=255244"},{"taxonomy":"post_tag","embeddable":true,"href":"https:\/\/www.pcnen.com\/portal\/wp-json\/wp\/v2\/tags?post=255244"}],"curies":[{"name":"wp","href":"https:\/\/api.w.org\/{rel}","templated":true}]}}