{"id":255215,"date":"2018-10-19T16:32:26","date_gmt":"2018-10-19T14:32:26","guid":{"rendered":"http:\/\/www.pcnen.com\/portal\/?p=255215"},"modified":"2018-10-19T18:18:24","modified_gmt":"2018-10-19T16:18:24","slug":"dukanovic-agresivno-svetosavlje-ponistava-crnogorski-vjerski-i-nacionalni-identitet","status":"publish","type":"post","link":"https:\/\/www.pcnen.com\/portal\/2018\/10\/19\/dukanovic-agresivno-svetosavlje-ponistava-crnogorski-vjerski-i-nacionalni-identitet\/","title":{"rendered":"\u0110ukanovi\u0107: Agresivno svetosavlje poni\u0161tava crnogorski vjerski i nacionalni identitet"},"content":{"rendered":"<p><img loading=\"lazy\" decoding=\"async\" src=\"http:\/\/www.pcnen.com\/portal\/wp-content\/uploads\/2018\/10\/Milo-Djukanovic-300x204.jpg\" alt=\"\" width=\"300\" height=\"204\" class=\"alignright size-medium wp-image-254495\" \/>Komentari\u0161u\u0107i izjavu mitropolita Amfilohija da je \u201epredsjednik Crne Gore u borbi protiv ruskog imperijalizma postao igra\u010dka u rukama zapadno-evropske, ameri\u010dke i NATO imperije\u201c,<br \/>\npredsjednik Crne Gore Milo \u0110ukanovi\u0107 je ocijenio da je za Srpsku pravoslavnu crkvu (SPC) problem svako ko nije poput njih.<\/p>\n<p>\u201cO\u010digledno je problem SPC da svakoga ko nije poput njih, slijepi poslu\u0161nik interesa ruskog imperijalizma, velikosrpskog nacionalizma i agresivnog svetosavlja, kojeg promovi\u0161e SPC, progla\u0161ava izdajnikom. Izdajnikom \u010dega, njihovih interesa? Da taj sam\u201c, naveo je \u0110ukanovi\u0107.<\/p>\n<p>On je ocijenio da Crna Gora ne smije da slijedi ni ruski imerijalizam, ni velikosrpski nacionalizam.<\/p>\n<p>\u201eNi agresivno svetosavlje, koje poni\u0161tava crnogorski vjerski i nacionalni identitet&#8221;, poru\u010dio je \u0110ukanovi\u0107, prenosi Mina.<\/p>\n<p>Takve izjave, kako je kazao, vidi kao sastavni dio repertoara kojim se na Crnu Goru obru\u0161io i srpski patrijarh Irinej.<\/p>\n<p>\u201cOvo su gluposti koje poku\u0161avaju da ometu Crnu Goru na putu njene emancipacije i usvajanja standarda koji \u0107e nas u\u010diniti sastavnim dijelom savremenog EU dru\u0161tva\u201d, poru\u010dio je \u0110ukanovi\u0107.<\/p>\n","protected":false},"excerpt":{"rendered":"<p>Komentari\u0161u\u0107i izjavu mitropolita Amfilohija da je \u201epredsjednik Crne Gore u borbi protiv ruskog imperijalizma postao igra\u010dka u rukama zapadno-evropske, ameri\u010dke i NATO imperije\u201c, predsjednik Crne Gore Milo \u0110ukanovi\u0107 je ocijenio da je za Srpsku pravoslavnu crkvu (SPC) problem svako ko nije poput njih. \u201cO\u010digledno je problem SPC da svakoga ko nije poput njih, slijepi poslu\u0161nik [&hellip;]<\/p>\n","protected":false},"author":1,"featured_media":0,"comment_status":"open","ping_status":"closed","sticky":false,"template":"","format":"standard","meta":{"_seopress_robots_primary_cat":"","_seopress_titles_title":"","_seopress_titles_desc":"","_seopress_robots_index":"","_et_pb_use_builder":"","_et_pb_old_content":"","_et_gb_content_width":"","inline_featured_image":false,"footnotes":""},"categories":[14,12],"tags":[],"class_list":["post-255215","post","type-post","status-publish","format-standard","hentry","category-vijesti","category-prica-dana"],"_links":{"self":[{"href":"https:\/\/www.pcnen.com\/portal\/wp-json\/wp\/v2\/posts\/255215","targetHints":{"allow":["GET"]}}],"collection":[{"href":"https:\/\/www.pcnen.com\/portal\/wp-json\/wp\/v2\/posts"}],"about":[{"href":"https:\/\/www.pcnen.com\/portal\/wp-json\/wp\/v2\/types\/post"}],"author":[{"embeddable":true,"href":"https:\/\/www.pcnen.com\/portal\/wp-json\/wp\/v2\/users\/1"}],"replies":[{"embeddable":true,"href":"https:\/\/www.pcnen.com\/portal\/wp-json\/wp\/v2\/comments?post=255215"}],"version-history":[{"count":0,"href":"https:\/\/www.pcnen.com\/portal\/wp-json\/wp\/v2\/posts\/255215\/revisions"}],"wp:attachment":[{"href":"https:\/\/www.pcnen.com\/portal\/wp-json\/wp\/v2\/media?parent=255215"}],"wp:term":[{"taxonomy":"category","embeddable":true,"href":"https:\/\/www.pcnen.com\/portal\/wp-json\/wp\/v2\/categories?post=255215"},{"taxonomy":"post_tag","embeddable":true,"href":"https:\/\/www.pcnen.com\/portal\/wp-json\/wp\/v2\/tags?post=255215"}],"curies":[{"name":"wp","href":"https:\/\/api.w.org\/{rel}","templated":true}]}}