{"id":254900,"date":"2018-10-14T11:14:13","date_gmt":"2018-10-14T09:14:13","guid":{"rendered":"http:\/\/www.pcnen.com\/portal\/?p=254900"},"modified":"2018-10-14T11:14:13","modified_gmt":"2018-10-14T09:14:13","slug":"nacije-od-kartona","status":"publish","type":"post","link":"https:\/\/www.pcnen.com\/portal\/2018\/10\/14\/nacije-od-kartona\/","title":{"rendered":"Nacije od kartona"},"content":{"rendered":"<p>Pi\u0161e:Heni Erceg<\/p>\n<p><img loading=\"lazy\" decoding=\"async\" src=\"http:\/\/www.pcnen.com\/portal\/wp-content\/uploads\/2017\/09\/Heni-Erceg-300x220.jpg\" alt=\"\" width=\"300\" height=\"220\" class=\"alignright size-medium wp-image-233616\" \/>Treba to vidjeti. Tu rasko\u0161 nacionalisti\u010dkog ki\u010da i dr\u017eavotvorne iluzije, oli\u010dene u stotinama kamenih i bron\u010danih figura politi\u010dara i vojskovo\u0111a svih fela, artista, pisaca, poeta, e da bi se doista shvatilo razmjere revizionisti\u010dkog apsolutizma dr\u017eave \u010diji je suverenitet takav da joj, zbog ucjena NATO-a i Gr\u010dke, prijeti \u010dak i promjena imena. Novo ime Sjeverna Makedonija oklja\u0161trit \u0107e, zna\u010di, sav ogroman identitetski trud i pretvaranje glavnog grada Skopja u drasti\u010dan primjer stvaranja izma\u0161tane nacionalne povijesti. U gipsu i knaufu. Tako taj meki i dragi narod, koji \u017eivi od prosje\u010dno tristotinjak eura mjese\u010dno, godinama svjedo\u010di ulaganju golemog novca u stotine i stotine nevjerojatno \u0161aljivih figura tobo\u017enjih nacionalnih vo\u0111a, lavova i konja, \u010dudesno golemih zdanja uzdu\u017e Vardara, kao \u0161izofrenog simbola ideje o stoljetnoj makedonskoj dr\u017eavnosti koja da je gorko nastradala ba\u0161 u vrijeme Jugoslavije. Pa je taj revizionisti\u010dki Diznilend upotpunjen Muzejom \u017ertava komunizma, ogromnom kulisom za neki film strave i u\u017easa kojemu su bili izlo\u017eeni \u201eborci\u201c za makedonsku samostalnost od strane komunisti\u010dkih zlotvora. Tu u memljivom prostoru makedonski nacionalisti, napravljeni od voska, groteskno vise s plafona, ispla\u017eenog jezika, s om\u010dom oko vrata, dok se u podno\u017eju sjaje \u010dizme nekog stra\u0161nog komunisti\u010dkog krvnika, svi rekviziti totalitarnog jugoslavenskog u\u017easa izlo\u017eeni su u jezivo mra\u010dnom ambijentu, sve kako bi re\u017eiser te nacionalisti\u010dke farse postigao \u0161to mu\u010dniji efekt na posjetioce. Ili \u0161to smje\u0161niji. Za one kojima je poznata prava povijest Makedonije. Uglavnom, neodoljivo je redikulozan taj \u010dudesni i skupi teatar zabune, groteskni stalni postav makedonske vjekovne dr\u017eavotvornosti, stradale najte\u017ee ba\u0161 u vrijeme jugoslavenskog socijalizma.<\/p>\n<p>Upravo kao i hrvatska tisu\u0107ljetna dr\u017eavnost kojoj kraja ne bi bilo, e da nije u\u0161la u sastav jugoslavenske diktature, pa zato, ne u tako komi\u010dnom klju\u010du kao u Skopju, nego mnogo mra\u010dnijem, i ovdje ni\u010du novi punktovi antitotalitarizma. Uskoro \u0107e tako golemi kamenolom iznad rudnika Ra\u0161a u Istri postati Memorijalni centar europskih totalitarizama, s akcentom dakako na onom najgorem, jugoslavenskom, valjda zbog te\u0161kih uvjeta rada tamo\u0161njih kopa\u010da kamena i rudara Ra\u0161e izlo\u017eenih totalnom jugoslavenskom mraku. Arsaland \u0107e se zvati, taj revizionisti\u010dki bastard poru\u0161ene industrije i ideolo\u0161ke magle, u kojemu \u0107e se rame uz rame izlo\u017eiti totalitarne memorabilije, uniforme Hitlerjugenda i pionirske kapice, a Hrvatska \u0107e skrojiti jo\u0161 djeli\u010dak nove povijesti. Kao nadomjestak izgubljene sada\u0161njosti i svoje operetne demokracije. Ne\u0107e ona nipo\u0161to lako susti\u0107i Makedoniju, koli\u010dinom okamenjene la\u017ene povijesti, ali nije da se ne trudi i svakim danom napreduje sve dublje u mrak vlastitog revizionizma, koji pak za razliku od makedonskog, ima svoje sna\u017ene reperkusije na svakodnevni \u017eivot, prepun etni\u010dke mr\u017enje i fa\u0161isti\u010dkih prijetnji.<\/p>\n<p>Jer mrgodna je to dr\u017eava \u010diji heroji jo\u0161 ne vise ispla\u017eena jezika u nekom muzeju komunizma, nego se javno glorificiraju ba\u0161 u primjerenom prostoru Nacionalne biblioteke gdje publika u\u017eiva u predstavljanju knjige o \u201e\u017eivotu i djelu generala Drinjanina i hrvatskog viteza\u201c. Svakako tipa koji je zbog svoje borbe za nacionalnu stvar nastradao od duge ruke jugoslavenskih krvnika u Madridu gdje je pobjegao nakon sloma fa\u0161izma. Eh da, samo ovdje je rije\u010d upravo o hrvatskoj specifi\u010dnosti, o tome da se otvoreno veli\u010da zapovjednik konclogora Jasenovac, Maks Luburi\u0107, usta\u0161ki ubojica koji je klao na svom putu od Sarajeva do Podravine i posebno u\u017eivao u ubijanju jasenova\u010dkih zato\u010denika. I treba li onda \u010duditi da u dr\u017eavi ogrezloj u mr\u017enji i nacionalizmu, s uli\u010dnim pretorijancima i klaunom na \u010delu izvr\u0161ne vlasti, na promociji knjige o najve\u0107em usta\u0161kom zlikovcu, Maksu Luburi\u0107u, bude i kolega mu po zlo\u010dinu, osu\u0111eni ratni zlo\u010dinac Dario Kordi\u0107, inspirator u\u017easnog, masovnog pokolja civila i djece u bosanskom selu Ahmi\u0107i? I sve to u glavnom gradu dr\u017eave \u010diji se ustav poziva na antifa\u0161izam, a zakoni sankcioniraju \u0161irenje zlo\u010dina\u010dkih ideologija. U dr\u017eavi \u010diji omiljeni pjevac Thompson nje\u017eno tepa tome Luburi\u0107u i o Jasenovcu arlau\u010de kao o \u201eku\u0107i Maksovih mesara\u201c, a \u0161efica dr\u017eave za nedavnog posjeta Kanadi ciju\u0107e Thompsonovu \u201eLijepa li si\u201c, pjesmuljak koji Hrvatsku \u0161iri i na dijelove Bosne.<\/p>\n<p>Vicente Perez Garcia, identitet kojega je Luburi\u0107u podario Francov re\u017eim, pokopan je u Valenciji, ali bi ga se socijalisti\u010dka \u0161panjolska vlada, u sklopu zakona koji predvi\u0111a kona\u010dni raskid s re\u017eimom dikatora Franca, sada htjela rje\u0161iti, kao i vo\u0111e NDH, Ante Paveli\u0107a. I treba li sumnjati da \u0107e kosti krvnika ova Hrvatska, ako do toga do\u0111e, rado prihvatiti? I za\u0161to ne, ako je od usta\u0161ije prestravljeni klaun na vlasti upravo dao zeleno svjetlo za gradnju spomenika Gojku \u0160u\u0161ku, Tu\u0111manovu ministru obrane, ratnom zlo\u010dincu prema \u010dijim je zamislima Hrvatska komadala Bosnu. Utoliko se makedonski primjer gipsane glorifikacije dr\u017eavotvornosti nadaje tek kao komi\u010dni cartoon u odnosu na raspojasani hrvatski nacionalizam. Totalitaran u nepristojno visokoj dozi zajedni\u0161tva podanika i vlasti.<\/p>\n<p>Mladina.si<a href=\"https:\/\/pescanik.net\/nacije-od-kartona\/\">\/Pe\u0161\u010danik.net<\/a><\/p>\n","protected":false},"excerpt":{"rendered":"<p>Mrgodna je to dr\u017eava \u010diji heroji jo\u0161 ne vise ispla\u017eena jezika u nekom muzeju komunizma<\/p>\n","protected":false},"author":1,"featured_media":233616,"comment_status":"open","ping_status":"closed","sticky":false,"template":"","format":"standard","meta":{"_seopress_robots_primary_cat":"","_seopress_titles_title":"","_seopress_titles_desc":"","_seopress_robots_index":"","_et_pb_use_builder":"","_et_pb_old_content":"","_et_gb_content_width":"","inline_featured_image":false,"footnotes":""},"categories":[5],"tags":[],"class_list":["post-254900","post","type-post","status-publish","format-standard","has-post-thumbnail","hentry","category-drugi-pisu"],"_links":{"self":[{"href":"https:\/\/www.pcnen.com\/portal\/wp-json\/wp\/v2\/posts\/254900","targetHints":{"allow":["GET"]}}],"collection":[{"href":"https:\/\/www.pcnen.com\/portal\/wp-json\/wp\/v2\/posts"}],"about":[{"href":"https:\/\/www.pcnen.com\/portal\/wp-json\/wp\/v2\/types\/post"}],"author":[{"embeddable":true,"href":"https:\/\/www.pcnen.com\/portal\/wp-json\/wp\/v2\/users\/1"}],"replies":[{"embeddable":true,"href":"https:\/\/www.pcnen.com\/portal\/wp-json\/wp\/v2\/comments?post=254900"}],"version-history":[{"count":0,"href":"https:\/\/www.pcnen.com\/portal\/wp-json\/wp\/v2\/posts\/254900\/revisions"}],"wp:featuredmedia":[{"embeddable":true,"href":"https:\/\/www.pcnen.com\/portal\/wp-json\/wp\/v2\/media\/233616"}],"wp:attachment":[{"href":"https:\/\/www.pcnen.com\/portal\/wp-json\/wp\/v2\/media?parent=254900"}],"wp:term":[{"taxonomy":"category","embeddable":true,"href":"https:\/\/www.pcnen.com\/portal\/wp-json\/wp\/v2\/categories?post=254900"},{"taxonomy":"post_tag","embeddable":true,"href":"https:\/\/www.pcnen.com\/portal\/wp-json\/wp\/v2\/tags?post=254900"}],"curies":[{"name":"wp","href":"https:\/\/api.w.org\/{rel}","templated":true}]}}