{"id":254504,"date":"2018-10-07T07:16:39","date_gmt":"2018-10-07T05:16:39","guid":{"rendered":"http:\/\/www.pcnen.com\/portal\/?p=254504"},"modified":"2018-10-06T22:19:58","modified_gmt":"2018-10-06T20:19:58","slug":"dan-narodnog-gneva-i-krada-slika","status":"publish","type":"post","link":"https:\/\/www.pcnen.com\/portal\/2018\/10\/07\/dan-narodnog-gneva-i-krada-slika\/","title":{"rendered":"Dan narodnog gneva i kra\u0111a slika"},"content":{"rendered":"<p><strong>Pi\u0161e: Zlatko Pakovi\u0107<\/strong><\/p>\n<p><img loading=\"lazy\" decoding=\"async\" class=\"alignright size-medium wp-image-218028\" src=\"http:\/\/www.pcnen.com\/portal\/wp-content\/uploads\/2016\/12\/Zlatko-Pakovic-300x220.jpg\" alt=\"\" width=\"300\" height=\"220\" \/>Se\u0107ate se po\u010detka Homerove \u201eIlijade\u201c, i one Ahilove, Ahilejeve srd\u017ebe, srd\u017ebe pogubne, koja je pokreta\u010d akcije, pokreta\u010d sudbine! Gnevom po\u010dinje i Dan stra\u0161nog suda, i osveta Klitemnestrina, i osveta Medejina, i osveta Elektrina\u2026 Gnevom narodnim po\u010dinje i Selja\u010dka buna i Buna na dahije, i ustanak 1804, i 27. mart i partizanski ustanak 1941, i, na kraju balade, Peti oktobar.<\/p>\n<p>Bio je, dakle, taj 5. oktobar 2000, dan pravednog narodnog gneva protiv nenarodnog re\u017eima Slobodana Milo\u0161evi\u0107a, kojem su dobro slu\u017eili, u brukanju i plja\u010dkanju srpskog dru\u0161tva i razaranju ju\u017enoslovenskih gradova izvan Srbije, oni koji danas usmeravaju ovaj brod od dr\u017eave koji su i sami bu\u0161ili, a u registru istorije na\u0161eg nacionalnog be\u0161\u010da\u0161\u0107a, zavedeni su pod kodnim, kobnim imenom neslobodnih radikala.<\/p>\n<p>Pre osamnaest godina, posle dugog zapta, srpsko dru\u0161tvo je prodisalo, ali ne zadugo. Entuzijazam za suo\u010davanje sa zlom pro\u0161lo\u0161\u0107u i za izgradnju demokratskog dru\u0161tva, splasnuo je vrlo brzo. Simbol tog naglog pada jeste realni doga\u0111aj \u2013 ubistvo premijera \u0110in\u0111i\u0107a.<\/p>\n<p>Milo\u0161evi\u0107, pojedini politi\u010dari visokog ranga, neki oficiri vojni i policijski, otpra\u0107eni su u Hag, na su\u0111enje, ali ne kao zlikovci, nego kao heroji, da takvima ostanu u javnom mnjenju do dana dana\u0161njeg. Umesto da se nacija, s pravom, ogradi od grozomornih zlo\u010dina koji pripadaju jednom re\u017eimu i njegovim trabantima, i dan-danas vode\u0107i politi\u010dari, u ime nacije, negiraju evidentirane zlo\u010dine. Dakle, osu\u0111eni jesu pojedini realizatori i naredbodavci tih zlo\u010dina, ali njihovi duhovnici, inspiratori zlo\u010dina, i dalje su najugledniji gra\u0111ani ovog dru\u0161tva, dok Milo\u0161evi\u0107evi \u201epovla\u0161\u0107eni biznismeni\u201c i poslovo\u0111e i danas vode brigu o privredi. Zato, samo zato, ne mo\u017eemo da vidimo sjaj onog blistavog dana od pre osamnaest godina, iako je otada dru\u0161tvo trebalo da postane punoletno.<\/p>\n<p>Za\u0161to je izostala promena? Zato \u0161to su onaj petooktobarski narodni gnev, kao kapital u privatnom obrtu, upotrebili upravo oni koji su delili isti sistem vrednosti i na jednak na\u010din ste\u010dene posede s Milo\u0161evi\u0107evom klikom, a svojim su se lukavstvom, na kraju krvave balade, na\u0161li na suprotnoj strani od Milo\u0161evi\u0107a, samo zato \u0161to je jedino to za njih bilo profitabilno. Oni se, po prirodi stvari, nisu mogli slo\u017eiti sa \u0110in\u0111i\u0107evom idejom o radikalnom raskidu, o smeni svih korumpiranih sudija itd.<\/p>\n<p>Narodni gnev ostrvio se Petog oktobra na Narodnu skup\u0161tinu kao na jazbinu kriminalne i krimonigene politike. Gorele su pojedine odaje Narodne skup\u0161tine, a ta je paljevina pripisana demonstrantima. Odneti su pojedini predmeti, ne\u0161to name\u0161taja, pokradene neke slike, me\u0111u kojima i vrlo vredna platna Lubarde, Konjovi\u0107a, Dobrovi\u0107a, Milunovi\u0107a\u2026 i sve je to pripisano na ra\u010dun demonstriraju\u0107ih gra\u0111ana i gra\u0111anki. Borili su se, dakle, za op\u0161tu stvar, za ono res publica, a ku\u0107i su potom odneli u privatnu kolekciju upotrebne i ukrasne predmete iz Narodne skup\u0161tine: do\u0161li su kao gra\u0111ani, vratili su se ku\u0107i kao lopovi. Dakle, nisu ni\u0161ta bolji od onih protiv kojih su se borili! Do\u0161li su s ponosom da vrate poga\u017eeno dostojanstvo, a vratili se bez obraza! Dakle, nisu ni\u0161ta bolji od onih koji su od Narodne skup\u0161tine napravili jazbinu lopovluka i la\u017ei, koju je promovisao RTS, uz saslu\u017eenje i tada mo\u0107ne privatne Televizije Pink, koja je danas, na istom zadatku, vi\u0161estruko silnija.<\/p>\n<p>Pala je Petog oktobra Milo\u0161evi\u0107eva glava, ali je njen mozak i dalje centrala nove stare srpske politi\u010dke misli \u2013 vrlo lukava, u novim okolnostima, vrlo disperzivna i, luciferovski, vrlo protivre\u010dna, kako se niko ne bi mogao dosetiti odakle to vetar duva i \u0161ta su danas vetrenja\u010de.<\/p>\n<p>U Narodnoj skup\u0161tini, povodom Petog oktobra, otvorena je izlo\u017eba \u201eUmetnost koja \u010deka pravdu\u201c: 55 reprodukcija, 5. oktobra 2000. ukradenih umetni\u010dkih slika. Izlo\u017ebu je, s ponosom, otvorila predsednica skup\u0161tine, Maja Gojkovi\u0107, koja je Petog oktobra bila pozama\u0161na \u010destica u objektu narodnog gneva, da danas tom istom narodu podastre izlo\u017ebu o njegovom lopovskom \u010dinu i naravi.<\/p>\n<p>A ko je, u stvari, krao te slike? Ista je to ruka koja je krala i slike na rati\u0161tima u Hrvatskoj i Bosni i Hercegovini, tokom devedesetih godina pro\u0161log veka, da zavr\u0161e u privatnim kolekcijama i nekim muzejima, da im se zametne trag, ili da ih danas od Srbije potra\u017euju ministarstva kulture ovih dr\u017eava. Kra\u0111a slika Petog oktobra bila je poslednji akt rata koji se vodio tokom cele poslednje decenije u pro\u0161lom veku, a narodni gnev je zbog tog rata i tih kra\u0111a u\u0161ao u Narodnu skup\u0161tinu, da bi iz nje izgnao zle duhove, a ne da bi krao lepe slike.<\/p>\n<p>Oni koji su zapodenuli ratove i podstrekivali na masovna ubistva i kra\u0111u u njima, pa i kra\u0111u umetni\u010dkih dela, danas upara\u0111uju izlo\u017ebu o Petom oktobru kao vandalizmu. Oko vandala na svako dobro delo gleda vandalski.<\/p>\n<p><a href=\"https:\/\/www.danas.rs\/kolumna\/zlatko-pakovic\/dan-narodnog-gneva-i-kradja-slika\/\">Danas<\/a><\/p>\n","protected":false},"excerpt":{"rendered":"<p>Peti oktobar je dan narodnog gneva. Gnevom, srd\u017ebom \u2013 zovite to ose\u0107anje povre\u0111enog dostojanstva kako vam drago \u2013 po\u010dinje i evropska knji\u017eevnost<\/p>\n","protected":false},"author":1,"featured_media":0,"comment_status":"open","ping_status":"closed","sticky":false,"template":"","format":"standard","meta":{"_seopress_robots_primary_cat":"","_seopress_titles_title":"","_seopress_titles_desc":"","_seopress_robots_index":"","_et_pb_use_builder":"","_et_pb_old_content":"","_et_gb_content_width":"","inline_featured_image":false,"footnotes":""},"categories":[5],"tags":[],"class_list":["post-254504","post","type-post","status-publish","format-standard","hentry","category-drugi-pisu"],"_links":{"self":[{"href":"https:\/\/www.pcnen.com\/portal\/wp-json\/wp\/v2\/posts\/254504","targetHints":{"allow":["GET"]}}],"collection":[{"href":"https:\/\/www.pcnen.com\/portal\/wp-json\/wp\/v2\/posts"}],"about":[{"href":"https:\/\/www.pcnen.com\/portal\/wp-json\/wp\/v2\/types\/post"}],"author":[{"embeddable":true,"href":"https:\/\/www.pcnen.com\/portal\/wp-json\/wp\/v2\/users\/1"}],"replies":[{"embeddable":true,"href":"https:\/\/www.pcnen.com\/portal\/wp-json\/wp\/v2\/comments?post=254504"}],"version-history":[{"count":0,"href":"https:\/\/www.pcnen.com\/portal\/wp-json\/wp\/v2\/posts\/254504\/revisions"}],"wp:attachment":[{"href":"https:\/\/www.pcnen.com\/portal\/wp-json\/wp\/v2\/media?parent=254504"}],"wp:term":[{"taxonomy":"category","embeddable":true,"href":"https:\/\/www.pcnen.com\/portal\/wp-json\/wp\/v2\/categories?post=254504"},{"taxonomy":"post_tag","embeddable":true,"href":"https:\/\/www.pcnen.com\/portal\/wp-json\/wp\/v2\/tags?post=254504"}],"curies":[{"name":"wp","href":"https:\/\/api.w.org\/{rel}","templated":true}]}}