{"id":254328,"date":"2018-10-04T07:00:08","date_gmt":"2018-10-04T05:00:08","guid":{"rendered":"http:\/\/www.pcnen.com\/portal\/?p=254328"},"modified":"2018-10-04T12:26:19","modified_gmt":"2018-10-04T10:26:19","slug":"kosovo-nije-nase","status":"publish","type":"post","link":"https:\/\/www.pcnen.com\/portal\/2018\/10\/04\/kosovo-nije-nase\/","title":{"rendered":"Kosovo nije na\u0161e"},"content":{"rendered":"<p><strong>Pi\u0161e: Nikola Krsti\u0107<\/strong><\/p>\n<p><img loading=\"lazy\" decoding=\"async\" class=\"alignleft size-full wp-image-69444\" src=\"http:\/\/www.pcnen.com\/portal\/wp-content\/uploads\/2011\/12\/Kosova-e1538581099631.jpg\" alt=\"\" width=\"300\" height=\"225\" \/>Pre nekih dve godine, jedan stariji kolega, koji se bavi dru\u0161tveno-politi\u010dkim temama o mra\u010dnoj pro\u0161losti Srbije, upitao me je da li sam ikada bio na Kosovu.<\/p>\n<p>\u201eNisam.\u201c<\/p>\n<p>\u201eI nemoj nikada.\u201c<\/p>\n<p>\u201e\u0160to?\u201c, pitao sam ga sasvim zbunjeno.<\/p>\n<p>\u201eZna\u0161 li ti koja je to vukojebina?\u201c, odgovorio mi je.<\/p>\n<p>Da ne tupim mnogo, jo\u0161 od Pa\u0161i\u0107a pa naovamo, Kosovo je krenulo da se temeljno i sistematski mitologizuje me\u0111u na\u0161irokom javno\u0161\u0107u. Paradoksalno je \u0161to je Srbiji to par\u010de zemlje krenulo da \u201epropada kroz prste\u201c ve\u0107 po\u010detkom XX stole\u0107a, kada je u balkanskim ratovima hrlila sa osvetni\u010dkom razjareno\u0161\u0107u na sve \u0161to nije bilo srpsko, misle\u0107i da \u0107e na taj na\u010din da ga u potpunosti prisvoji sebi. Me\u0111utim, \u0161to se u kasnijim godinama ispostavilo, ono je od nas bilo sve dalje i dalje. \u0160to smo vi\u0161e stiskali obru\u010d oko njega, ono je sve vi\u0161e be\u017ealo od nas.<\/p>\n<p>Ruku na srce, bez uvla\u010denja u titostalgiju, poku\u0161ano je pragmati\u010dnim re\u0161enjem da se Srbija jednom zanavek raskanta tog kamena oko vrata, davanjem autonomije Ustavom iz 1974. godine, da se to nekako procesualno, na duge staze, re\u0161i i okon\u010da; ali, ne lezi vra\u017ee, primenjivanjem silovitosti iz 1990, kada joj je ta autonomija grubijanski oduzeta, to je samo pokazalo da je Kosovo (i Metohija), zapravo, \u017ertva na\u0161e odvratne posesivnosti i psiholo\u0161ke zavisnosti prema toj kolevci hiljadugodi\u0161njeg srpskog sna.<\/p>\n<p>Ali, \u0161ta je, u stvari, ono u realnosti kada bih to morao nekom, tipa, Novozelen\u0111aninu da objasnim?<\/p>\n<p>Pa to je jedan najnerazvijeniji deo Evrope, koji je bio, jeste i osta\u0107e ve\u010dita raskrsnica narkotika, belog roblja i oru\u017eja; izvori\u0161te zapu\u0161tenosti, siroma\u0161tva, zatucanosti i raznoraznih bole\u0161\u010dina; epicentar kauboj\u0161tine, bandi i kriminalnih klanova; mesto sa kojeg be\u017ei i srpsko, i albansko stanovni\u0161tvo sa sve \u017eivotinjama, escajgom i saksijama ka nekoj boljoj i svetlijoj budu\u0107nosti; crna ta\u010dka na koju niko normalan se nikada ne\u0107e vratiti\u2026<\/p>\n<p>Za devedeset i pet odsto Srba ono predstavlja popkulturnu Valhalu u kojoj nikada nisu bili, niti imaju nameru odu. U su\u0161tini, to je defakto mra\u010dni vilajet koji je dehumanizovao, svakome ko se tamo dole na\u0161ao, \u0161ansu za bilo kakvu vrstu razumnosti.<\/p>\n<p>To je tako\u0111e ukleto polje na kojem je srpska vojska i policija vr\u0161ila nacisti\u010dku segregaciju tokom poslednjih godina pro\u0161loga veka, kakva nije vi\u0111ena na tlu Evrope od Drugog svetskog rata.<\/p>\n<p>Sa tog svetog mesta, gde su srpski manastiri, crkve i ikone; albanski le\u0161evi \u2013 \u017eene, dece, staraca \u2013 u hladnja\u010dama su prevo\u017eeni u jame po Srbiji.<\/p>\n<p>Pa, zbog tog Kosova smo i preko tambure dobili ona tri meseca kada su sa neba plju\u0161tale NATO bombe.<\/p>\n<p>I sada opet neko ho\u0107e da ka\u017ee da je to Kosovo na\u0161e? Neka hvala, nije vi\u0161e na\u0161e, ali, kada bolje razmislim, da li je vi\u0161e normalno, nakon svega, da ono uop\u0161te bude ne\u010dije?<\/p>\n<p>Jer to je samo jedna opusto\u0161ena zemlja \u017ealosnih ljudi, \u0161to Srba, \u0161to Albanaca, koji dole, silom prilika, moraju da \u017eive, izolovani od \u010ditavog sveta, jer, eto, nisu mogli ba\u0161 da biraju gde \u0107e da se rode. To je tlo koje je pretrpelo mnogo gor\u010dine, jauka, krikova i bola. To je zemlji\u0161te na kome ni crni \u0111avo vi\u0161e ne bi mogao da zadrema.<\/p>\n<p>I onda, kada \u010dujem, od populisti\u010dkih laprdala i salonskih desni\u010dara, da bi konflikt trebalo zamrznuti, sa\u010dekati da se promene svetske prilike, zamolio bih te iste, da se spuste dole, ako smeju, naravno, da okupe onaj narod, ako budu umeli, i albanski, i srpski, i da im objasne prostim jezikom \u2013 jer, \u0161ta \u0107e\u0161, ne \u017eive ljudi u Beogradu, pa da razumeju to visokointeligentno i emancipovano razmi\u0161ljanje \u2013 kako bi trebalo, ipak, jo\u0161 mal\u010dice da sa\u010dekaju, da se strpe, jo\u0161 samo nekoliko godinica, mo\u017eda i vi\u0161e, da se jo\u0161 malo me\u0111usobno mrze, a da \u0107e se nekakvo re\u0161enje, dok ka\u017ee\u0161 Kosmet, u vihornoj budu\u0107nosti ve\u0107 prona\u0107i.<\/p>\n<p>Tako da im ka\u017eu, kada ih budu gledali, onako izborane, umorne i namu\u010dene, a onda, nakon te govorancije, neka bace pogled iza njih; vide\u0107e u daljini, kroz samo jedan treptaj oka, to im garantujem, nepreglednu rulju \u2013 koja \u0107e se sastojati od preko deset hiljada nevinih, nedu\u017enih i pobijenih \u2013 kako \u0107ute\u0107ki posmatra i nemo se zgleda zbog kakve su oni vukojebine nastradali.<\/p>\n<p><a href=\"https:\/\/www.danas.rs\/dijalog\/licni-stavovi\/kosovo-nije-nase\/\">Danas<\/a><\/p>\n","protected":false},"excerpt":{"rendered":"<p>To je jedna opusto\u0161ena zemlja \u017ealosnih ljudi, \u0161to Srba, \u0161to Albanaca, koji dole, silom prilika, moraju da \u017eive, izolovani od \u010ditavog sveta, jer, eto, nisu mogli ba\u0161 da biraju gde \u0107e da se rode.<\/p>\n","protected":false},"author":1,"featured_media":69444,"comment_status":"open","ping_status":"closed","sticky":false,"template":"","format":"standard","meta":{"_seopress_robots_primary_cat":"","_seopress_titles_title":"","_seopress_titles_desc":"","_seopress_robots_index":"","_et_pb_use_builder":"","_et_pb_old_content":"","_et_gb_content_width":"","inline_featured_image":false,"footnotes":""},"categories":[5],"tags":[],"class_list":["post-254328","post","type-post","status-publish","format-standard","has-post-thumbnail","hentry","category-drugi-pisu"],"_links":{"self":[{"href":"https:\/\/www.pcnen.com\/portal\/wp-json\/wp\/v2\/posts\/254328","targetHints":{"allow":["GET"]}}],"collection":[{"href":"https:\/\/www.pcnen.com\/portal\/wp-json\/wp\/v2\/posts"}],"about":[{"href":"https:\/\/www.pcnen.com\/portal\/wp-json\/wp\/v2\/types\/post"}],"author":[{"embeddable":true,"href":"https:\/\/www.pcnen.com\/portal\/wp-json\/wp\/v2\/users\/1"}],"replies":[{"embeddable":true,"href":"https:\/\/www.pcnen.com\/portal\/wp-json\/wp\/v2\/comments?post=254328"}],"version-history":[{"count":0,"href":"https:\/\/www.pcnen.com\/portal\/wp-json\/wp\/v2\/posts\/254328\/revisions"}],"wp:featuredmedia":[{"embeddable":true,"href":"https:\/\/www.pcnen.com\/portal\/wp-json\/wp\/v2\/media\/69444"}],"wp:attachment":[{"href":"https:\/\/www.pcnen.com\/portal\/wp-json\/wp\/v2\/media?parent=254328"}],"wp:term":[{"taxonomy":"category","embeddable":true,"href":"https:\/\/www.pcnen.com\/portal\/wp-json\/wp\/v2\/categories?post=254328"},{"taxonomy":"post_tag","embeddable":true,"href":"https:\/\/www.pcnen.com\/portal\/wp-json\/wp\/v2\/tags?post=254328"}],"curies":[{"name":"wp","href":"https:\/\/api.w.org\/{rel}","templated":true}]}}