{"id":254183,"date":"2018-10-01T12:31:00","date_gmt":"2018-10-01T10:31:00","guid":{"rendered":"http:\/\/www.pcnen.com\/portal\/?p=254183"},"modified":"2018-10-01T12:31:00","modified_gmt":"2018-10-01T10:31:00","slug":"ura-ukazala-na-govor-mrznje-u-novoj-emisiji-tvcg","status":"publish","type":"post","link":"https:\/\/www.pcnen.com\/portal\/2018\/10\/01\/ura-ukazala-na-govor-mrznje-u-novoj-emisiji-tvcg\/","title":{"rendered":"URA ukazala na govor mr\u017enje u novoj emisiji TVCG"},"content":{"rendered":"<p>Gra\u0111anski pokret URA je podnio danas prigovor na sadr\u017eaj emisije &#8216;Dvogled\u2019, koja se emituje u novoj programskoj \u0161emi RTCG, Savjetu tog emitera i Agenciji za elektronske medije (AEM), zbog, kako tvrde, govora mr\u017enje prema srpskoj nacionalnoj zajednici i kleve\u0107enja i etiketiranja ljudi, prenosi portal Vijesti.<\/p>\n<p><iframe loading=\"lazy\" title=\"Govor mr\u017enje na RTCG-u\" width=\"1080\" height=\"608\" src=\"https:\/\/www.youtube.com\/embed\/xLfdcSM1tZE?feature=oembed\" frameborder=\"0\" allow=\"accelerometer; autoplay; clipboard-write; encrypted-media; gyroscope; picture-in-picture; web-share\" allowfullscreen><\/iframe><\/p>\n<p>\u201cNa odre\u0111enje sagovornika prema posjeti srpskog knji\u017eevnika Matije Be\u0107kovi\u0107a Budvi, filozof \u00a0Milenko Perovi\u0107 je na sraman na\u010din kazao da on mo\u017ee dolaziti samo u op\u0161tine gdje su \u010detnici na vlasti, tako kleve\u0107u\u0107i i etiketiraju\u0107i ljude na na\u010din bez ikakvog osnova. Perovi\u0107 je na vrhuncu govora sa elementima fa\u0161izma zaklju\u010dio da se nada da \u0107e Be\u0107kovi\u0107 ubudu\u0107e mo\u0107i da gostuje samo u Brodarevu, i tako se grubo ogrije\u0161io o zakone i Ustav Crne Gore\u201c, objasnili su iz \u00a0URA.<\/p>\n<p>Evmisija je bila na programu 27. septembra.<\/p>\n<p>URA je zatra\u017eila od Savjeta RTCG da ova emisija bude skinuta sa programa TVCG, a od AEM \u00a0da izrekne mjeru upozorenja prema RTCG.<\/p>\n","protected":false},"excerpt":{"rendered":"<p>Gra\u0111anski pokret URA je podnio danas prigovor na sadr\u017eaj emisije &#8216;Dvogled\u2019, koja se emituje u novoj programskoj \u0161emi RTCG, Savjetu tog emitera i Agenciji za elektronske medije (AEM), zbog, kako tvrde, govora mr\u017enje prema srpskoj nacionalnoj zajednici i kleve\u0107enja i etiketiranja ljudi, prenosi portal Vijesti. \u201cNa odre\u0111enje sagovornika prema posjeti srpskog knji\u017eevnika Matije Be\u0107kovi\u0107a Budvi, [&hellip;]<\/p>\n","protected":false},"author":1,"featured_media":0,"comment_status":"open","ping_status":"closed","sticky":false,"template":"","format":"standard","meta":{"_seopress_robots_primary_cat":"","_seopress_titles_title":"","_seopress_titles_desc":"","_seopress_robots_index":"","_et_pb_use_builder":"","_et_pb_old_content":"","_et_gb_content_width":"","inline_featured_image":false,"footnotes":""},"categories":[14],"tags":[],"class_list":["post-254183","post","type-post","status-publish","format-standard","hentry","category-vijesti"],"_links":{"self":[{"href":"https:\/\/www.pcnen.com\/portal\/wp-json\/wp\/v2\/posts\/254183","targetHints":{"allow":["GET"]}}],"collection":[{"href":"https:\/\/www.pcnen.com\/portal\/wp-json\/wp\/v2\/posts"}],"about":[{"href":"https:\/\/www.pcnen.com\/portal\/wp-json\/wp\/v2\/types\/post"}],"author":[{"embeddable":true,"href":"https:\/\/www.pcnen.com\/portal\/wp-json\/wp\/v2\/users\/1"}],"replies":[{"embeddable":true,"href":"https:\/\/www.pcnen.com\/portal\/wp-json\/wp\/v2\/comments?post=254183"}],"version-history":[{"count":0,"href":"https:\/\/www.pcnen.com\/portal\/wp-json\/wp\/v2\/posts\/254183\/revisions"}],"wp:attachment":[{"href":"https:\/\/www.pcnen.com\/portal\/wp-json\/wp\/v2\/media?parent=254183"}],"wp:term":[{"taxonomy":"category","embeddable":true,"href":"https:\/\/www.pcnen.com\/portal\/wp-json\/wp\/v2\/categories?post=254183"},{"taxonomy":"post_tag","embeddable":true,"href":"https:\/\/www.pcnen.com\/portal\/wp-json\/wp\/v2\/tags?post=254183"}],"curies":[{"name":"wp","href":"https:\/\/api.w.org\/{rel}","templated":true}]}}