{"id":254116,"date":"2018-09-29T22:55:22","date_gmt":"2018-09-29T20:55:22","guid":{"rendered":"http:\/\/www.pcnen.com\/portal\/?p=254116"},"modified":"2018-09-29T22:55:22","modified_gmt":"2018-09-29T20:55:22","slug":"finis-i-pad-video","status":"publish","type":"post","link":"https:\/\/www.pcnen.com\/portal\/2018\/09\/29\/finis-i-pad-video\/","title":{"rendered":"Fini\u0161 i pad (video)"},"content":{"rendered":"<p>Dvojica takmi\u010dara u biciklisti\u010dkoj trci Granfondo del Fermano u italijanskom gradu Fermo gurali su se i pali u cilju.<\/p>\n","protected":false},"excerpt":{"rendered":"<p>Dvojica takmi\u010dara u biciklisti\u010dkoj trci Granfondo del Fermano u italijanskom gradu Fermo gurali su se i pali u cilju.<\/p>\n","protected":false},"author":1,"featured_media":0,"comment_status":"open","ping_status":"closed","sticky":false,"template":"","format":"standard","meta":{"_seopress_robots_primary_cat":"","_seopress_titles_title":"","_seopress_titles_desc":"","_seopress_robots_index":"","_et_pb_use_builder":"","_et_pb_old_content":"","_et_gb_content_width":"","inline_featured_image":false,"footnotes":""},"categories":[13],"tags":[],"class_list":["post-254116","post","type-post","status-publish","format-standard","hentry","category-video"],"_links":{"self":[{"href":"https:\/\/www.pcnen.com\/portal\/wp-json\/wp\/v2\/posts\/254116","targetHints":{"allow":["GET"]}}],"collection":[{"href":"https:\/\/www.pcnen.com\/portal\/wp-json\/wp\/v2\/posts"}],"about":[{"href":"https:\/\/www.pcnen.com\/portal\/wp-json\/wp\/v2\/types\/post"}],"author":[{"embeddable":true,"href":"https:\/\/www.pcnen.com\/portal\/wp-json\/wp\/v2\/users\/1"}],"replies":[{"embeddable":true,"href":"https:\/\/www.pcnen.com\/portal\/wp-json\/wp\/v2\/comments?post=254116"}],"version-history":[{"count":0,"href":"https:\/\/www.pcnen.com\/portal\/wp-json\/wp\/v2\/posts\/254116\/revisions"}],"wp:attachment":[{"href":"https:\/\/www.pcnen.com\/portal\/wp-json\/wp\/v2\/media?parent=254116"}],"wp:term":[{"taxonomy":"category","embeddable":true,"href":"https:\/\/www.pcnen.com\/portal\/wp-json\/wp\/v2\/categories?post=254116"},{"taxonomy":"post_tag","embeddable":true,"href":"https:\/\/www.pcnen.com\/portal\/wp-json\/wp\/v2\/tags?post=254116"}],"curies":[{"name":"wp","href":"https:\/\/api.w.org\/{rel}","templated":true}]}}