{"id":254025,"date":"2018-09-28T07:38:01","date_gmt":"2018-09-28T05:38:01","guid":{"rendered":"http:\/\/www.pcnen.com\/portal\/?p=254025"},"modified":"2018-09-28T07:38:01","modified_gmt":"2018-09-28T05:38:01","slug":"bojkot-laznog-referenduma-makedonija-ne-u-nato","status":"publish","type":"post","link":"https:\/\/www.pcnen.com\/portal\/2018\/09\/28\/bojkot-laznog-referenduma-makedonija-ne-u-nato\/","title":{"rendered":"Bojkot la\u017enog referenduma! Makedonija ne u NATO!"},"content":{"rendered":"<p><strong>Autor: Nemanja Drobnjak<\/strong><\/p>\n<p><img loading=\"lazy\" decoding=\"async\" class=\"alignleft size-medium wp-image-254026\" src=\"http:\/\/www.pcnen.com\/portal\/wp-content\/uploads\/2018\/09\/Dimitar-Apasiev-300x222.jpg\" alt=\"\" width=\"300\" height=\"222\" \/>Tridesetog septembra ove godine u Makedoniji \u0107e biti odr\u017ean referendum na kojem \u0107e gra\u0111ani glasati za ili protiv ulaska zemlje u EU i NATO i \u0161to je mnogo va\u017enije za Makedonce, za ili protiv gr\u010dko-makedonskog sporazuma oko promene imena Republike Makedonije u Severna Makedonija. U javnosti, kako makedonskoj tako i \u0161ire, preovla\u0111uje stav da bi odbijanje, odnosno negativan odgovor na referendumsko pitanje, samo dodatno produbio ionako krhku politi\u010dku situaciju u ovoj zemlji. Ipak, ima i onih glasova koji govore druga\u010dije i koji su mi\u0161ljenja da bi odluka o bojkotu ovog referenduma usled njegove nelegitimnosti bio pravi odgovor, pre svega politi\u010dkim elitama koje decenijama vladaju Makedonijom i koje po svaku cenu, pa i cenu koja bi podrazumevala modifikaciju\u00a0 nacionalnog identiteta, \u017eelele da referendum uspe. Jedan takav glas, izuzetno britak i aktuelan poslednjih meseci je i glas Dimitra Apasieva. Dimitar Apasiev (ro\u0111en 1983. u Velesu) je doktor pravnih nauka.\u00a0 Dugogodi\u0161nji je politi\u010dki aktivista Pokreta za socijalnu pravdu \u201cLenka\u201d. Radi kao docent na Pravnom fakultetu, Dr\u017eavnog univerziteta \u201cGoce Del\u010dev\u201d u \u0160tipu na katedri za gra\u0111ansko pravo. Predaje Rimsko pravo, Sudsku retoriku i Filozofiju prava.<\/p>\n<p><strong>NEMANJA DROBNJAK: Pro\u0161lo je 15 meseci od formiranja nove makedonske Vlade. Posle decenijske vlasti konzervativaca, socijaldemokrate su se napokon vratile na \u010delo dr\u017eave. Da li je ta Vlada donela ne\u0161to novo na socijalnom i ekonomskom planu? Da li su bar ispunili predizborna obe\u0107anja?<\/strong><\/p>\n<p>DIMITAR APASIEV: Jedino \u0161to su socijaldemokrati ispunili od svojih predizbornih obe\u0107anja jeste ukidanje radiodifuzne takse i pove\u0107anje minimalne zarade na \u201cneverovatnih\u201d 12000 denara (ne\u0161to vi\u0161e od 200 evra). Ali treba znati da u Makedoniji postoji nakazna praksa gde vlasnici uzimaju deo zarade nazad na ruke, dok je pove\u0107anje objektivno samo na papiru. Socijalni status radnika uop\u0161te nije dobar \u0161to i nije iznena\u0111uju\u0107e imaju\u0107i u vidu istorijat korumpiranosti SDSM-a. Po preuzimanju vlasti po\u010deli su da se bave samo spoljnom politikom,\u00a0 i to krajnje amaterski i servilno, a ne dru\u0161tvenim pitanjima kao \u0161to su ekonomija, korupcija i pravosu\u0111e \u2013 \u0161to su obe\u0107anja koja su ih dovela na vlast.<\/p>\n<p><strong>Kakva je situacija na me\u0111unacionalnom planu? Da li je bar tu do\u0161lo do nekih pozitivnih pomaka u odnosima izme\u0111u Makedonaca i Albanaca i na koji na\u010din socijaldemokratska politika uti\u010de na op\u0161tu atmosferu u dru\u0161tvu?<\/strong><\/p>\n<p>Sa zajedni\u010dkim \u201canti-Gruevski\u201d protestima protiv biv\u0161eg premijera do\u0161lo je do velikih iskoraka u me\u0111uetni\u010dkim odnosima. Me\u0111utim, sve je to poga\u017eeno, tako da je situacija danas i gora, jer ne postoje zakonski postupci protiv najvi\u0161ih struktura DUI (vladaju\u0107a partija makedonskih Albanaca). Otvaranjem pitanja iz Okvirnog sporazuma kao na primer tzv. \u201cZakon o dvojezi\u010dnosti\u201d, kao i pitanja nacionalnog identiteta kroz tzv. Prespa sporazum sa Gr\u010dkom, ponovo je raspaljen nacionalizam i \u0161ovinizam u zemlji, koji je ve\u0107 dugi niz godina bio u pozadini. Ipak, mi kao levi\u010darska partija verujemo da je ekonomska situacija glavni problem i za Makedonce i za Albance i za druge etni\u010dke grupe. Neka\u017enjena korupcija u politi\u010dkim elitama je veoma plodno tlo za potpaljivanje me\u0111uetni\u010dke mr\u017enje me\u0111u stanovni\u0161tvom.<\/p>\n<p><strong>Koji je stav partije Levice, \u010diji si ti jedan od pokreta\u010da, po pitanju me\u0111unacionalnih odnosa u Makedoniji? Levicu su u su\u0161tini, zajedni\u010dkim snagama, osnovali Makedonci i Albanci koji dele iste vrednosi, \u0161to je zaista ne\u0161to nevi\u0111eno u Makedonskoj novijoj istoriji. Po \u010demu se va\u0161e re\u0161enje razlikuje od onoga \u0161to predla\u017eu etablirane makedonske i albanske partije?<\/strong><\/p>\n<p>Mi smo jedina nadetni\u010dka politi\u010dka partija u Makedoniji i u samom najvi\u0161em rukovodstvu. U Predsedni\u0161tvu, od ukupno sedam \u010dlanova, \u010dak trojica nisu etni\u010dki Makedonci. Biznis-partije koriste etno-\u0161ovinizam kao sredstvo za podelu radni\u010dke klase i na taj na\u010din vladaju nama stalno nas siroma\u0161e\u0107i. Levica \u0107e u praksi okon\u010dati takvu tendenciju i neprincipijelnu politiku!<\/p>\n<p><strong>Ovog meseca, ta\u010dnije 30. septembra, Makedoniju o\u010dekuje referendum koji se zvani\u010dno predstavlja kao referendum o priklju\u010denju EU i NATO, a zapravo se iza njega kriju daleko krupnije stvari, poput uspe\u0161nosti ili neuspe\u0161nosti gr\u010dko-makedonskog sporazuma. Najpre, kakav je tvoj stav o referendumu kao obliku politi\u010dke participacije?<\/strong><\/p>\n<p>Referendum kao na\u010din za praktikovanje direktne demokratije, u principu je pozitivna stvar, jer to zna\u010di da gra\u0111ani direktno ostvaruju vlast a ne preko korumpiranih elita. Me\u0111utim, to nije slu\u010daj sa ovim neustavnim i nezakonitim referendumom koji je formalno-pravno neva\u017ee\u0107i i ne mo\u017ee da izazove pravne posledice \u2013 jer je samo savetodavan, ali ne i obavezuju\u0107. Na\u0161 stav je jasan -BOJKOT ovakvog ilegalnog\u00a0 referenduma! Mislimo da je to jedina razumna politi\u010dka opcija kako bi se spre\u010dio kvislin\u0161ki sporazum izme\u0111u Gr\u010dke i \u201cdruge strane\u201d (Severna Makedonija), a i samo \u010dlanstvo u imperijalisti\u010dki NATO pakt.<\/p>\n<p><strong>Referendumsko pitanje \u0107e glasiti: \u201cDa li ste za \u010dlanstvo u EU i NATO, uz prihvatanje sporazuma o imenu izme\u0111u Republike Makedonije i Gr\u010dke?\u201d Zar se ne \u010dini da iz ovog pitanja sledi da se primarno name\u0107e odgovor na prvi deo pitanja a da je ovo \u201cuz\u201d ne\u0161to sekundarno, iako bi stvari mo\u017eda trebale biti obrnute? \u0160ta je ovim pitanjem vlast \u017eelela da postigne?<\/strong><\/p>\n<p>Ovaj referendum ni u kom slu\u010daju ne mo\u017ee da bude i \u010dlanstvo u EU jer nemamo ni odluku ni poziv da se priklju\u010dimo EU! Ovaj manipulativni Referendum ima za cilj trajnu i kona\u010dnu promenu ustavnog imena zemlje i Ustav \u201cRepublike Makedonija\u201d u \u201cRepublike Severne Makedonije\u201d, uprkos \u010dinjenici da nas je vi\u0161e od 140 zemalja sveta priznalo pod ustavnim imenom. Vlada vodi ilegalnu i brutalnu kampanju ZA \u201cevropsku Makedoniju\u201d jer ako bi rekli istinu, to bi bilo fatalno za njihove zle namere i politi\u010dke rejtinge.<\/p>\n<p><strong>Referendum bi pre svega trebalo sprovesti onda kada gra\u0111ani bivaju upoznati sa onim \u0161ta biraju. Kakav je Va\u0161 utisak, da li su gra\u0111ani Makedonije svesni za \u0161ta glasaju? Da li postoji prostor za demokratsku debatu i u kojoj meri postoji pritisak vlasti da referendum uspe? Ako ga ima kako se taj pritisak o\u010dituje?<\/strong><\/p>\n<p>Ve\u0107i deo javnosti je \u017ertva dvadesetsedmogodi\u0161nje propagande kako su samo EU i NATO spas za katastrofalnu situaciju u zemlji i na taj na\u010din su fundamentalno neobave\u0161teni \u0161ta donosi to \u010dlanstvo. Ali ja i dalje mislim da ve\u0107ina gra\u0111ana shvata da je ova politika Vlade odraz nesposobnosti i da ne vodi nikuda! Debata ne postoji, barem nije istinita \u2013 ali postoji potpuna medijska propaganda koja se pla\u0107a novcem iz dr\u017eavnog bud\u017eeta. Evo, pre samo nekoliko dana, novinarki koja vodi jednu debatnu emisiju 43 sagovornika koja podr\u017eavaju ZA na Referendumu odbilo je da debatuje sa mnom!? To dovoljno govori o njihovim \u201cdemokratskim kapacitetima\u201d, ali i \u201csnazi njihovih argumenata\u201d. Pritisak Vlade je uglavnom finansijski, ali i putem represivnih metoda koje su inherentne autokratskim re\u017eimima. Imamo pouzdane informacije od tzv. istra\u017eiva\u010dkih novinara, urednika, kolumnista, nevladinih aktivista, itd. \u201cOpinionmakeri\u201d primaju od 3000-5000 evra mese\u010dno kako bi u\u010destvovali u provladinoj propagandnoj ma\u0161ineriji pranja mozgova.<\/p>\n<p><strong>Partija Levica, koja je nastala udru\u017eivanjem Lenke, nekih \u010dlanova Solidarnosti, kao i manjih levi\u010darkih grupa i aktivista u Makedoniji, vodi kampanju za bojkot referenduma. \u0160ta je vama kao Levici sporno po pitanju referenduma? Da li to \u0161to bi njegova uspe\u0161nost dodatno ugrozila ionako krhki makedonski identitet, ili \u010dinjenica da \u0107e se on odigrati pod pritiskom EU i NATO, a ne slobodnom voljom makedonskog naroda?<\/strong><\/p>\n<p>Na\u0161i razlozi za bojkot su vi\u0161estruki: Prvi je levi\u010darski princip koji se odnosi na samoopredeljenje \u2013 pravo naroda da sam kroji sopstvenu sudbinu i identitet, koji je poga\u017een ovim tzv. Dogovorom. Zatim, mi kao levi\u010dari smo antiimperijalisti i smeta nam \u0161to NATO pakt donosi samo bedu, smrt, siroma\u0161tvo i ugnjetavanje, a ne prosperitet i demokratiju, onako kako la\u017eno izjavljuje Vlada. Sam tzv. \u201ePrespanski dogovor\u201c je zaklju\u010den od strane nenadle\u017enog ministra, a nije od strane predsednika republike \u2013 \u0161to se protivi Ustavu Republike Makedonije iz 1991. godine. \u201eDogovor\u201c stavlja Makedoniju u pot\u010dinjenu poziciju prema stranoj dr\u017eavi i uveli\u010dava ionako ogroman uticaj gr\u010dkog kapitala u Makedoniji, time zacemetiraju\u0107i i hegemoniju kapitalista iz regiona. Sa otvaranjem nacionalnih pitanja, samo se podgreva nacional\u0161ovinizam u dr\u017eavi i stvaraju se nepotrebne i \u0161tetne podele i optu\u017ebe izme\u0111u razli\u010ditih segmenata radni\u0161tva, \u0161to samim tim unaza\u0111uje zajedni\u010dku klasnu borbu \u2013 a to je jedan od najva\u017enijih elemenata za bilo kog iskrenog levi\u010dara. Uz to, kao profesor prava, frapiran sam kr\u0161enjem Ustava, zakona i procedura, svesno stvorenim sa ciljem da se provu\u010de ovo tu\u0111e delo zapadnih imperijalista.<\/p>\n<p><strong>Koliko je realna opasnost izolacije Makedonije s jedne strane i gubitka identiteta s druge, ukoliko referendum uspe ili ne uspe? Da li to pre spada u politi\u010dku propagandu ili realne scenarije?<\/strong><\/p>\n<p>Makedonija i da \u017eeli, ne mo\u017ee da bude izolovana, budu\u0107i da se nalazi na bitnom geostrate\u0161kom podru\u010dju Balkana. A ona, momentalno, i nije izolovana \u2013 iako nije \u010dlanica NATO-a, ni Evropske unije. Po pitanju identiteta, dovoljno je samo da se napomene da sa implementacijom ovog \u0161tetnog i izdajni\u010dkog \u201cDogovora\u201d, u li\u010dnim kartama u delu za dr\u017eavljanstvo \u0107e umesto \u201cMakedonac\/ka\u201d stajati fraza \u201cgra\u0111anin Republike Severne Makedonije\u201d!? Ukoliko ovo nije promena identiteta, onda ja ne znam \u0161ta je u stvari istina.<\/p>\n<p><strong>Pre 4 godine u Makedoniji se dogodila takozvana \u0160arena revolucija \u010diji si aktivan u\u010desnik bio. Postoje velike kontroverze oko njenog op\u0161teg karaktera, pa i ocena da ste vi bili \u201ckorisni idioti\u201c SDSM-a u toj pri\u010di. Kakva je tvoja ocena \u0160arene revolucije i va\u0161eg u\u010de\u0161\u0107a u njoj?<\/strong><\/p>\n<p>Pokret #\u041f\u0440\u043e\u0442\u0435\u0441\u0442\u0438\u0440\u0430\u043c, sli\u010dno kao i sada pokret #\u0411\u043e\u0458\u043a\u043e\u0442\u0438\u0440\u0430\u043c, po\u010deo je kao nepartijski op\u0161ti pokret u koji smo bili ulju\u010deni od samog starta, \u010dak i pre formiranja Levice. Ne mislim da smo bili \u201ckorisni idioti\u201d, budu\u0107i da je revolt naroda ka Starom re\u017eimu VMRO-DPMNE bio iskren i postojao bi i sa nama i bez nas. To \u0161to smo dozvolili da SDSM postane gori Novi re\u017eim i da iskoristi protestni pokret je delimi\u010dno na\u0161a gre\u0161ka, no istorijska lekcija je ve\u0107 nau\u010dena. To svakako nije bila istinska Revolucija. Iste korumpirane elite vladaju Makedonijom poslednje tri decenije i sada, kona\u010dno, postoji tre\u0107a opcija, odnosno alternativa \u2013 postoji partija Levica, koja po mnogo \u010demu odska\u010de od uobi\u010dajene slike o politi\u010darima u Makedoniji.<\/p>\n<p><strong>Da li \u0107e po Vama 1. oktobar doneti nove masovne proteste \u0161irom zemlje bez obzira na ishod referenduma? I na koji na\u010din \u0107e se odraziti bilo pozitivan, bilo negativni ishod referenduma, na makedonsko dru\u0161tvo i me\u0111unacionalne odnose u njemu?<\/strong><\/p>\n<p>Ja sam siguran da \u0107e referendum biti neuspe\u0161an, odnosno da ne\u0107e postojati potrebna izlaznost. U tom slu\u010daju, ostaje na snazi odluka donesena na Referendumu o nezavisnosti iz 1991. godine. No, u slu\u010daju da vlastodr\u0161ci \u017eele da nasilno i siled\u017eijski sprovedu ustavne izmene bez postojanja referendumske odluke \u2013 onda su protesti u tom slu\u010daju neminovni! Poku\u0161aj takavog manevra za kvazilegitimizaciju jedne nenarodne politike, ube\u0111en sam da \u0107e dovesti do \u0161irokog narodnog revolta i radikalizacije politi\u010dke akcije. Kvinsli\u0161ki dogovor sa Gr\u010dkom, ve\u0107 ima negativne posledice. I po Makedoniju i po Gr\u010dku. Na\u0161i drugovi levi\u010dari iz Gr\u010dke sa kojima sara\u0111ujemo, a koji priznaju pravo na samoopredeljenje, ve\u0107 odr\u017eavaju proteste protiv ovog nametnutog dogovora, na kome u\u010destvuju i na\u0161i \u010dlanovi i ma\u0161u na\u0161im obele\u017ejima u Solunu i Atini. Ovaj tzv. \u201eDogovor\u201c i njegove posledice moraju da budu spre\u010deni do Nove godine, i zato jasno i glasno ka\u017eemo na\u0161 stav: Bojkot la\u017enog referenduma! Makedonija ne treba da ulazi u NATO ni pod ustavnim imenom.<\/p>\n<p><a href=\"http:\/\/www.noviplamen.net\/glavna\/dimitar-apasiev-bojkot-laznog-referenduma-makedonija-ne-u-nato\/\">Novi plamen<\/a><\/p>\n","protected":false},"excerpt":{"rendered":"<p>Apasiev: Mislimo da je to jedina razumna politi\u010dka opcija kako bi se spre\u010dio kvislin\u0161ki sporazum izme\u0111u Gr\u010dke i \u201cdruge strane\u201d (Severna Makedonija), a i samo \u010dlanstvo u imperijalisti\u010dki NATO pakt<\/p>\n","protected":false},"author":1,"featured_media":0,"comment_status":"open","ping_status":"closed","sticky":false,"template":"","format":"standard","meta":{"_seopress_robots_primary_cat":"","_seopress_titles_title":"","_seopress_titles_desc":"","_seopress_robots_index":"","_et_pb_use_builder":"","_et_pb_old_content":"","_et_gb_content_width":"","inline_featured_image":false,"footnotes":""},"categories":[5],"tags":[],"class_list":["post-254025","post","type-post","status-publish","format-standard","hentry","category-drugi-pisu"],"_links":{"self":[{"href":"https:\/\/www.pcnen.com\/portal\/wp-json\/wp\/v2\/posts\/254025","targetHints":{"allow":["GET"]}}],"collection":[{"href":"https:\/\/www.pcnen.com\/portal\/wp-json\/wp\/v2\/posts"}],"about":[{"href":"https:\/\/www.pcnen.com\/portal\/wp-json\/wp\/v2\/types\/post"}],"author":[{"embeddable":true,"href":"https:\/\/www.pcnen.com\/portal\/wp-json\/wp\/v2\/users\/1"}],"replies":[{"embeddable":true,"href":"https:\/\/www.pcnen.com\/portal\/wp-json\/wp\/v2\/comments?post=254025"}],"version-history":[{"count":0,"href":"https:\/\/www.pcnen.com\/portal\/wp-json\/wp\/v2\/posts\/254025\/revisions"}],"wp:attachment":[{"href":"https:\/\/www.pcnen.com\/portal\/wp-json\/wp\/v2\/media?parent=254025"}],"wp:term":[{"taxonomy":"category","embeddable":true,"href":"https:\/\/www.pcnen.com\/portal\/wp-json\/wp\/v2\/categories?post=254025"},{"taxonomy":"post_tag","embeddable":true,"href":"https:\/\/www.pcnen.com\/portal\/wp-json\/wp\/v2\/tags?post=254025"}],"curies":[{"name":"wp","href":"https:\/\/api.w.org\/{rel}","templated":true}]}}