{"id":253452,"date":"2018-09-17T08:57:35","date_gmt":"2018-09-17T06:57:35","guid":{"rendered":"http:\/\/www.pcnen.com\/portal\/?p=253452"},"modified":"2018-09-17T08:57:35","modified_gmt":"2018-09-17T06:57:35","slug":"ima-li-kraja-lazima","status":"publish","type":"post","link":"https:\/\/www.pcnen.com\/portal\/2018\/09\/17\/ima-li-kraja-lazima\/","title":{"rendered":"Ima li kraja la\u017eima?"},"content":{"rendered":"<p><strong><img loading=\"lazy\" decoding=\"async\" class=\"alignleft size-medium wp-image-180389\" src=\"http:\/\/www.pcnen.com\/portal\/wp-content\/uploads\/2015\/05\/zlatko-dizdarevic-300x222.jpg\" alt=\"\" width=\"300\" height=\"222\" \/>Autor: Zlatko Dizdarevi\u0107\u00a0\u00a0\u00a0\u00a0\u00a0\u00a0<\/strong><\/p>\n<p>Ne bez razloga, tema o odlascima iz Bosne i Hercegovine (nije izuzetak u regionu) iz dana u dan ubrzano izbija tamo gdje joj je i mjesto \u2013 u prvi plan \u201canaliza\u201d \u0161ta smo to i ko smo danas, bezmalo tri decenije nakon raspada biv\u0161e dr\u017eave. I povodom masovnih poraza samih sebe, a sve u ime slobode, demokracije, prosperiteta i sre\u0107e. Pri\u010da o tome ko sve, za\u0161to i uz kakva obrazlo\u017eenja, a sve \u010de\u0161\u0107e i bez rije\u010di obja\u0161njenja odlazi iz zemlje, postala je mrka slutnja i za one koji ostaju, slu\u0161aju\u0107i degutantne la\u017ei pacijenata \u0161to su se spremili da pobjede na izborima narednog mjeseca, prije svega obe\u0107anjima kako \u0107e nam svima s njima biti mnogo bolje.<\/p>\n<p>\u0160ta je u ovoj storiji danas novo. Da li je to \u201cnovo\u201d do\u0161lo tek tako, ili je \u010da\u0161a jada i gor\u010dine po\u010dela da se prelijeva zato \u0161to je u temelje op\u0161teg nezadovoljstva ugra\u0111ena nevi\u0111ena koli\u010dina la\u017enih obe\u0107anja na sve strane isklijalih nikogovi\u0107a koji se nude kao rje\u0161enje. Borba za opstanak na vlasti kako bi se raspolagalo nesmetano do sada otetim plijenom i onim \u0161to tek mo\u017ee da se otme, borba je na \u017eivot i smrt i tu povratka vi\u0161e nema. Ko ne uspije, a omrsio se u vlasti pred zatvorom je, ko uspije grabi dalje. Ostalima se ho\u0107e kazati da je potpuna nenormalnost \u0161to je zavladala dr\u017eavom i dru\u0161tvom postala normalna i da to mo\u017ee tako i dalje, sve do kona\u010dnog i svekolikog kraja i dr\u017eave i naroda. Oni \u0107e na\u0107i gdje da se sklone. Pri tome je, kako bi kazao doktor politi\u010dkih znanosti iz Sarajeva Nerzuk \u0106urak, \u201cglavni resurs te mo\u0107i u ovom dru\u0161tvu glupost\u201d koja je, uz sve ostalo, iznikla na potpunom ubijanju pameti i znanja.<\/p>\n<p>To je, eto, nova dimenzija u pri\u010di o odlascima \u0161to se do sada kako-tako gurala u prvi plan. Daleko iza ta\u010dne, ali sve manje dominantne pri\u010de o ekskluzivno ekonomskim razlozima koji su nezaposlene sa \u010ditavim familijama tjerali u trajno drugi \u017eivot vani, klijali su i mnogi drugi, jo\u0161 brutalniji razlozi za masovne odlaske. \u201cOno tamo\u201d postala je jedina \u0161ansa za bje\u017eanje od ovoga ovdje obilje\u017eenog ubijanjem digniteta, poni\u017eenjem, bahatim dokazivanjem da si niko i ni\u0161ta ako nisi \u201cnjihov\u201d, sistematskim odbijanjem od svega \u0161to je u korak sa ostalim svijetom ma koliko se i on uru\u0161avao&#8230;\u0160to bi kazao jedan ovda\u0161nji student pred put negdje \u201ctamo daleko\u201d u pola studija ovdje: \u201cNije vi\u0161e samo problem \u0161to ovdje ne\u0107u dobiti posao kada diplomiram, ako nisam stranka i familija, ve\u0107 i u tome \u0161to mi ova ovda\u0161nja diploma, ovakva kakva je, nigdje i ni za \u0161ta ne\u0107e va\u017eiti napolju. Dotle nam je, uz ostalo, dobacio i tzv. sistem obrazovanja&#8230;\u201d<\/p>\n<p>Ve\u0107 podugo postoje\u0107a i odr\u017eavana drama je u svekolikom raspadu nekada uobi\u010dajenih standarda i vrijednosti, ali jo\u0161 vi\u0161e u tome da niko u vladaju\u0107im krugovima ne misli da je to problem. Nove vrijednosti i pripadaju\u0107i standardi i ne mogu biti druga\u010diji od njihovih tvoraca kakvi su masovno isplivali na vrh. Individualna pamet pora\u017eena je kolektivnom glupo\u0161\u0107u koja generira nacionalizam, proizvodnja mr\u017enje i animoziteta sve do nasilja i mentalnog militarizma kao \u201ckulture\u201d. Ono \u0161to se pri tome nudi kao politika u dru\u0161tvu, zapravo je \u010dista trivijalizacija politike, sve do njene vulgarizacije. Nametnuta tuma\u010denja stvarnosti za cilj imaju prikrivanje stvarnosti, a li\u010dne promid\u017ebe vladaju\u0107ih va\u017enije su \u010dak i od takve politike.<\/p>\n<p>Rezultat svega ovoga je logi\u010dan, ali nije kona\u010dan. Jo\u0161 pro\u0161le godine, prema tzv. migracionom profilu ura\u0111enom u BiH, velika ve\u0107ina svih stanovnika BiH, tada \u010dak i njih vi\u0161e od 80 posto, iskazivalo je otvoreno nezadovoljstvo \u017eivotom u zemlji. Vi\u0161e od 50 posto bi i\u0161lo van, bezmalo gdje bilo u Evropi. Ovakav procenat nezadovoljnih i spremnih na odlazak iz BiH lani je bio najve\u0107i u pore\u0111enju sa zemljama jugosito\u010dne Evrope. Ve\u0107i \u010dak i od Albanije, koliko ju\u010de neprikosnovene u tom pogledu.<\/p>\n<p>Naravno, motiv \u201cbudu\u0107nosti\u201d koji uklju\u010duje i posao, ali ne vi\u0161e kao ekskluzivno najva\u017eniji, precizno se \u010dita kod mladih ljudi \u010diju je populaciju prema uobi\u010dajenim evropskim standardima lani sa\u010dinjavalo u BiH 777.000 stanovnika, ne\u0161to vi\u0161e mu\u0161karaca nego djevojaka. Me\u0111u njima, vi\u0161e od 60 posto nije imalo posao, a od toga 82 posto je tragalo za poslom du\u017ee od godinu dana. Du\u017ee od dvije godine traga polovica nezaposlenih, a du\u017ee od pet godina \u2013 njih 20 posto. Je li te\u0161ko zamisliti kakav zaklju\u010dak o dr\u017eavi, sistemu, odnosima i vrijednostima onih koji se evo ponovo bezo\u010dno i krajnje agresivno bore za vlast mogu izvu\u0107i svi ti ovako i ovoliko dugo hladno odba\u010deni i zanemareni, uz sve \u0161kole i kvalifikacije koje imaju.<\/p>\n<p>U jednoj anketi koju je sa nezaposlenima \u0161to su se ili spremali na odlazak ili \u201cozbiljno razmi\u0161ljali\u201d o tome, procenat onih koji su izjavili da je \u201cposao va\u017ean motiv, ali ne vi\u0161e samo posao\u201d popeo se do 93 posto. Usput, na nivou BiH ne postoji ni jedna ustanova ili institucija koja se bavi razlozima odlaska mladih iz zemlje. Sugovornici na ovu temu iz strana\u010dki dobro uhljebljene administracije \u0107e vam kazati da postoji \u201cKomisija za koordinaciju pitanja mladih\u201d, ali \u0107e svaki poku\u0161aj da ih se prepozna na njihovoj web stranici zavr\u0161iti zaklju\u010dkom kako je to postojanje tek na papiru. Naravno, samo najneupu\u0107eniji i najnaivniji mo\u017ee pomisliti da \u010dlanovi doti\u010dne \u201cKomisije\u201d taj svoj nerad ne napla\u0107uju.<\/p>\n<p>Dodatno dramati\u010dan podatak u cijeloj ovoj pri\u010di jeste da je me\u0111u 180 hiljada stanovnika BiH \u0161to su oti\u0161li iz zemlje u minulih pet godina, \u010dak 79 posto onih \u0161to su prethodno izlazili na izbore i za nekoga glasali. O\u010digledno, poku\u0161avaju\u0107i da makar tako doprinesu promjeni, bez obzira na to da li su pri tome vjerovali u one koji su tvorci dana\u0161nje katastrofalne realnosti, ili u neke druge koji su od pobjednika potisnuti. Njihov gra\u0111anski entuzijazam vlastodr\u0161ci nisu imali namjeru da nagrade minimalnim pomakom kao boljem. Unutar grupacije onih \u0161to danas izjavljuju da ne\u0107e iza\u0107i na izbore (trenutne sonda\u017ee kazuju da \u0107e ih biti vi\u0161e od 20 posto), malo vi\u0161e od deset posto ka\u017ee da ih izbori ne zanimaju, dok je oko 45 posto onih koji ka\u017eu da nemaju za koga glasati, a malo vi\u0161e od 40 procenata ispitanihj polaze od toga da \u201cni\u0161ta ne mogu promijeniti\u201d.<\/p>\n<p>Problem je teorijski navodno lako rije\u0161iti: iza\u0111ite svi na izbore i bit \u0107e promjene. Prakti\u010dno, zaka\u0161njenje za takav potez ogromno je. Javno mnijenje je eutanazirano, bira\u010dko tijelo egzistencijalno ucijenjeno pripadanjem nacionalnim strankama i familijama, dr\u017eava potpuno u kand\u017eama korupcije od vrha do samog dna, a poruka svima onima koji ne pripadaju tom dru\u0161tvu jeste \u2013 najbolje vam je da odete! Istovremeno, \u0161to bi kazali u Bosni, \u201ck'o biber po pilavu\u201d eto i ne tako davne naprosto fascinantne poruke Lars-Gunnar Wigemarka, \u0161efa EU delegacije u BiH: \u201cU Bosni i Hercegovini ima mnogo optimizma, a gra\u0111anima je potrebno samo obezbijediti da \u017eive van politike&#8230;\u201d I o optimizmu i o tome da se ovdje mo\u017ee egzistirati izvan \u201cpolitike\u201d, doista mo\u017ee govoriti samo neko ko se apsolutno ni u putu nije sreo sa ovda\u0161njom realnosti. A ako u pozadini takvih izjava nije ba\u0161 tolika sljepo\u0107a koja ne pa\u0161e \u010dovjeku na ovakvoj funkciji, onda se doista valja ozbiljno zapitati \u2013 a \u0161ta jeste? Ne\u0161to opako mora biti. Oni koji slu\u0161aju ovakve i sli\u010dne poruke ljudi \u0161to su nam \u201cevropski pomaga\u010di\u201d, o\u010digledno nisu slu\u010dajno ve\u0107 spakovanih kofera za bilo gdje, a na prvo mjesto razloga za definitivni i trajni odlazak isti\u010du \u201cpotpuno uni\u0161teno dostojanstvo\u201d. Me\u0111u njima je ponajvi\u0161e onih onih \u0161to treba da grade budu\u0107nost dru\u0161tva i dr\u017eave, a potpuno su zapostavljeni i zaboravljeni. Oni su naprosto vi\u0161ak jer samim svojim postojanjem, na\u010dinom razmi\u0161ljanja i reagiranja, ve\u0107 postali opasnost za \u201celitu\u201d \u010dijoj se vrsti ne vidi alternativa.<\/p>\n<p>Smatra se ve\u0107 bezmalo \u010dudnim danas u Bosni i Hercegovini onaj ko pita kako na\u010delnik op\u0107ine mo\u017ee da bude osu\u0111eni ratni zlo\u010dinac, kako to da kandidat za \u010dlana Predsjedni\u0161tva dr\u017eave javno ka\u017ee da ne priznaje tu dr\u017eavu, kako je osnovna legitimacija vode\u0107ih politi\u010dkih partija vjera i nacija i time se ovdje ve\u0107 tridesetak godina \u017eivi ono \u0161to se kao iznena\u0111uju\u0107e zlo pojavljuje na evropskoj desnici&#8230;<\/p>\n<p>Ispumpavanje elementarne dr\u017eavne i dru\u0161tvene supstance u BiH, o\u010digledno, nije vi\u0161e ni slu\u010dajno ni neo\u010dekivano. Ideje i akcije na terenu depopulacije vezivali smo ne tako davno za prostore na kojima se ne mo\u017ee \u017eivjeti zbog siroma\u0161tva i svekolike bijede, neobrazovanja i jada. Tamo negdje daleko. Mi se nismo jo\u0161 ne tako davno smatrali takvima. Znali smo \u0161ta nam je identitet i imali snage da se odr\u017eimo na povr\u0161ini uprkos raznim apetitima iznutra i jo\u0161 vi\u0161e izvana. Ti se apetiti nisu promijenili, naprotiv jo\u0161 su ve\u0107i iz niza razloga koji mijenjaju realnost na planeti. Promijenila se na\u0161a pri\u010da. Postali smo mali i jadni, ba\u0161 onako du\u0161u dali za \u201coptimizam\u201d o kojem govori Wigemark.<\/p>\n<p>Za po\u010detak, bilo bi sjajno kada bi se bar mogao naslutiti kraj laganjima i samozavaravanjima. O\u010digledno, oni kojima je la\u017e u interesu to ne\u0107e dozvoliti. Zadatak ostaje na onima \u0161to su jo\u0161 ovdje i nisu odlu\u010dili da idu, mada je mo\u017eda i za njih kasno nakon izgubljene tri decenije \u0161ansi. A mo\u017eda i nije. Ta pri\u010da mora da se desi iznutra. Izvana je niko ne\u0107e pokrenuti jer vanjskim velikim igra\u010dima mi smo mali povod za njihovu sekiraciju, a mnogima od njih potrebni smo ba\u0161 ovakvi kakvi smo \u2013 odlaze\u0107i. Sve do dana kada \u0107e, kako neko re\u010de ovih povodima, u Bosni ostati samo hiljade kojekakvih \u201cpoliti\u010dara i parlamentaraca\u201d, i niko vi\u0161e.<\/p>\n<p><a href=\"http:\/\/www.novilist.hr\/Komentari\/Kolumne\/Balkanski-ambasador-Zlatka-Dizdarevica\/ZLATKO-DIZDAREVIC-Ima-li-kraja-lazima\">Novi list<\/a><\/p>\n","protected":false},"excerpt":{"rendered":"<p>Bilo bi sjajno kada bi se bar mogao naslutiti kraj laganjima i samozavaravanjima. Oni kojima je la\u017e u interesu to ne\u0107e dozvoliti. Zadatak ostaje na onima \u0161to su jo\u0161 ovdje i nisu odlu\u010dili oti\u0107i<\/p>\n","protected":false},"author":1,"featured_media":0,"comment_status":"open","ping_status":"closed","sticky":false,"template":"","format":"standard","meta":{"_seopress_robots_primary_cat":"","_seopress_titles_title":"","_seopress_titles_desc":"","_seopress_robots_index":"","_et_pb_use_builder":"","_et_pb_old_content":"","_et_gb_content_width":"","inline_featured_image":false,"footnotes":""},"categories":[5],"tags":[],"class_list":["post-253452","post","type-post","status-publish","format-standard","hentry","category-drugi-pisu"],"_links":{"self":[{"href":"https:\/\/www.pcnen.com\/portal\/wp-json\/wp\/v2\/posts\/253452","targetHints":{"allow":["GET"]}}],"collection":[{"href":"https:\/\/www.pcnen.com\/portal\/wp-json\/wp\/v2\/posts"}],"about":[{"href":"https:\/\/www.pcnen.com\/portal\/wp-json\/wp\/v2\/types\/post"}],"author":[{"embeddable":true,"href":"https:\/\/www.pcnen.com\/portal\/wp-json\/wp\/v2\/users\/1"}],"replies":[{"embeddable":true,"href":"https:\/\/www.pcnen.com\/portal\/wp-json\/wp\/v2\/comments?post=253452"}],"version-history":[{"count":0,"href":"https:\/\/www.pcnen.com\/portal\/wp-json\/wp\/v2\/posts\/253452\/revisions"}],"wp:attachment":[{"href":"https:\/\/www.pcnen.com\/portal\/wp-json\/wp\/v2\/media?parent=253452"}],"wp:term":[{"taxonomy":"category","embeddable":true,"href":"https:\/\/www.pcnen.com\/portal\/wp-json\/wp\/v2\/categories?post=253452"},{"taxonomy":"post_tag","embeddable":true,"href":"https:\/\/www.pcnen.com\/portal\/wp-json\/wp\/v2\/tags?post=253452"}],"curies":[{"name":"wp","href":"https:\/\/api.w.org\/{rel}","templated":true}]}}