{"id":253333,"date":"2018-09-15T08:20:46","date_gmt":"2018-09-15T06:20:46","guid":{"rendered":"http:\/\/www.pcnen.com\/portal\/?p=253333"},"modified":"2018-09-15T08:20:46","modified_gmt":"2018-09-15T06:20:46","slug":"dva-jaca-zemljotesa-na-sibenskom-podrucju","status":"publish","type":"post","link":"https:\/\/www.pcnen.com\/portal\/2018\/09\/15\/dva-jaca-zemljotesa-na-sibenskom-podrucju\/","title":{"rendered":"Dva ja\u010da zemljotesa na \u0161ibenskom podru\u010dju"},"content":{"rendered":"<p><img loading=\"lazy\" decoding=\"async\" src=\"http:\/\/www.pcnen.com\/portal\/wp-content\/uploads\/2012\/10\/zemljotres.jpg\" alt=\"\" width=\"259\" height=\"194\" class=\"alignleft size-full wp-image-96930\" \/>Stanovnici \u0160ibenika i okoline osetili su no\u0107as oko 1:30. Ovaj zemljotres bio je ja\u010dine 3 stepena prema Rihteru. Ali oko pet sati udario je jo\u0161 jedan ja\u010di, prenose hrvatski mediji.<\/p>\n<p>Prvi put se tlo zatreslo u 1:38 \u010dasova, prema podacima stranice EMSC. Epicentar zemljotresa bio je izme\u0111u Vodica i Zatona.<\/p>\n<p>Tlo se jo\u0161 ja\u010de zatreslo ne\u0161to iza pet sati. Prema prvim podacima ja\u010dina zemljotresa iznosila je 4,2 Rihtera s epicentrom tri kilometra sjeverno od Vodica i osjetio se na \u0161irem podru\u010dju.<\/p>\n","protected":false},"excerpt":{"rendered":"<p>Stanovnici \u0160ibenika i okoline osetili su no\u0107as oko 1:30. Ovaj zemljotres bio je ja\u010dine 3 stepena prema Rihteru. Ali oko pet sati udario je jo\u0161 jedan ja\u010di, prenose hrvatski mediji. Prvi put se tlo zatreslo u 1:38 \u010dasova, prema podacima stranice EMSC. Epicentar zemljotresa bio je izme\u0111u Vodica i Zatona. Tlo se jo\u0161 ja\u010de zatreslo [&hellip;]<\/p>\n","protected":false},"author":1,"featured_media":0,"comment_status":"open","ping_status":"closed","sticky":false,"template":"","format":"standard","meta":{"_seopress_robots_primary_cat":"","_seopress_titles_title":"","_seopress_titles_desc":"","_seopress_robots_index":"","_et_pb_use_builder":"","_et_pb_old_content":"","_et_gb_content_width":"","inline_featured_image":false,"footnotes":""},"categories":[14],"tags":[],"class_list":["post-253333","post","type-post","status-publish","format-standard","hentry","category-vijesti"],"_links":{"self":[{"href":"https:\/\/www.pcnen.com\/portal\/wp-json\/wp\/v2\/posts\/253333","targetHints":{"allow":["GET"]}}],"collection":[{"href":"https:\/\/www.pcnen.com\/portal\/wp-json\/wp\/v2\/posts"}],"about":[{"href":"https:\/\/www.pcnen.com\/portal\/wp-json\/wp\/v2\/types\/post"}],"author":[{"embeddable":true,"href":"https:\/\/www.pcnen.com\/portal\/wp-json\/wp\/v2\/users\/1"}],"replies":[{"embeddable":true,"href":"https:\/\/www.pcnen.com\/portal\/wp-json\/wp\/v2\/comments?post=253333"}],"version-history":[{"count":0,"href":"https:\/\/www.pcnen.com\/portal\/wp-json\/wp\/v2\/posts\/253333\/revisions"}],"wp:attachment":[{"href":"https:\/\/www.pcnen.com\/portal\/wp-json\/wp\/v2\/media?parent=253333"}],"wp:term":[{"taxonomy":"category","embeddable":true,"href":"https:\/\/www.pcnen.com\/portal\/wp-json\/wp\/v2\/categories?post=253333"},{"taxonomy":"post_tag","embeddable":true,"href":"https:\/\/www.pcnen.com\/portal\/wp-json\/wp\/v2\/tags?post=253333"}],"curies":[{"name":"wp","href":"https:\/\/api.w.org\/{rel}","templated":true}]}}