{"id":253191,"date":"2018-09-12T12:50:43","date_gmt":"2018-09-12T10:50:43","guid":{"rendered":"http:\/\/www.pcnen.com\/portal\/?p=253191"},"modified":"2018-09-12T13:00:22","modified_gmt":"2018-09-12T11:00:22","slug":"eu-ukida-pomjeranje-kazaljki-od-2019","status":"publish","type":"post","link":"https:\/\/www.pcnen.com\/portal\/2018\/09\/12\/eu-ukida-pomjeranje-kazaljki-od-2019\/","title":{"rendered":"EU ukida pomjeranje kazaljki od 2019."},"content":{"rendered":"<p><img loading=\"lazy\" decoding=\"async\" class=\"alignright size-medium wp-image-79586\" src=\"http:\/\/www.pcnen.com\/portal\/wp-content\/uploads\/2012\/03\/sat-277x300.jpg\" alt=\"\" width=\"277\" height=\"300\" \/>Evropska komisija je objavila danas predlog za ukidanje polugodi\u0161njeg pomjeranja kazaljki sata u Evropskoj uniji u 2019. godini, daju\u0107i dr\u017eavama \u010dlanicama slobodu da odlu\u010de da li \u017eele da zadr\u017ee ljetnje ili zimsko ra\u010dunanje vremena.<\/p>\n<p>&#8220;Moramo prestati s tim pomjeranjem kazaljki&#8221;, rekao je predsednik Evropske komisije \u017dan-Klod Junker, prenosi RSE.<\/p>\n<p>U anketi Evropske komisije sprovedenoj od jula do avgusta u\u010destvovalo je 4,6 miliona ljudi i ve\u0107ina se izjasnila protiv pomjeranja kazaljki.<\/p>\n","protected":false},"excerpt":{"rendered":"<p>Evropska komisija je objavila danas predlog za ukidanje polugodi\u0161njeg pomjeranja kazaljki sata u Evropskoj uniji u 2019. godini, daju\u0107i dr\u017eavama \u010dlanicama slobodu da odlu\u010de da li \u017eele da zadr\u017ee ljetnje ili zimsko ra\u010dunanje vremena. &#8220;Moramo prestati s tim pomjeranjem kazaljki&#8221;, rekao je predsednik Evropske komisije \u017dan-Klod Junker, prenosi RSE. U anketi Evropske komisije sprovedenoj od [&hellip;]<\/p>\n","protected":false},"author":1,"featured_media":0,"comment_status":"open","ping_status":"closed","sticky":false,"template":"","format":"standard","meta":{"_seopress_robots_primary_cat":"","_seopress_titles_title":"","_seopress_titles_desc":"","_seopress_robots_index":"","_et_pb_use_builder":"","_et_pb_old_content":"","_et_gb_content_width":"","inline_featured_image":false,"footnotes":""},"categories":[14,12],"tags":[],"class_list":["post-253191","post","type-post","status-publish","format-standard","hentry","category-vijesti","category-prica-dana"],"_links":{"self":[{"href":"https:\/\/www.pcnen.com\/portal\/wp-json\/wp\/v2\/posts\/253191","targetHints":{"allow":["GET"]}}],"collection":[{"href":"https:\/\/www.pcnen.com\/portal\/wp-json\/wp\/v2\/posts"}],"about":[{"href":"https:\/\/www.pcnen.com\/portal\/wp-json\/wp\/v2\/types\/post"}],"author":[{"embeddable":true,"href":"https:\/\/www.pcnen.com\/portal\/wp-json\/wp\/v2\/users\/1"}],"replies":[{"embeddable":true,"href":"https:\/\/www.pcnen.com\/portal\/wp-json\/wp\/v2\/comments?post=253191"}],"version-history":[{"count":0,"href":"https:\/\/www.pcnen.com\/portal\/wp-json\/wp\/v2\/posts\/253191\/revisions"}],"wp:attachment":[{"href":"https:\/\/www.pcnen.com\/portal\/wp-json\/wp\/v2\/media?parent=253191"}],"wp:term":[{"taxonomy":"category","embeddable":true,"href":"https:\/\/www.pcnen.com\/portal\/wp-json\/wp\/v2\/categories?post=253191"},{"taxonomy":"post_tag","embeddable":true,"href":"https:\/\/www.pcnen.com\/portal\/wp-json\/wp\/v2\/tags?post=253191"}],"curies":[{"name":"wp","href":"https:\/\/api.w.org\/{rel}","templated":true}]}}