{"id":252767,"date":"2018-09-05T07:00:36","date_gmt":"2018-09-05T05:00:36","guid":{"rendered":"http:\/\/www.pcnen.com\/portal\/?p=252767"},"modified":"2018-09-04T22:12:18","modified_gmt":"2018-09-04T20:12:18","slug":"crkva-je-najveci-poslodavac-i-zastitnik-silovatelja-djece","status":"publish","type":"post","link":"https:\/\/www.pcnen.com\/portal\/2018\/09\/05\/crkva-je-najveci-poslodavac-i-zastitnik-silovatelja-djece\/","title":{"rendered":"Crkva je najve\u0107i poslodavac i za\u0161titnik silovatelja djece"},"content":{"rendered":"<p><strong>Autor: Hrvoje \u0160imi\u010devi\u0107<\/strong><\/p>\n<p><img loading=\"lazy\" decoding=\"async\" class=\"alignleft size-medium wp-image-251631\" src=\"http:\/\/www.pcnen.com\/portal\/wp-content\/uploads\/2018\/08\/crkva-zkzlostavljanje-djece-300x175.jpg\" alt=\"\" width=\"300\" height=\"175\" \/>Pro\u0161loga tjedna biv\u0161i apostolski nuncij u Washingtonu Carlo Maria Vigano optu\u017eio je papu Franju da je znao za te\u0161ke optu\u017ebe o seksualnom zlostavljanju maloljetnika na ra\u010dun ameri\u010dkog kardinala Theodorea McCarricka pet godina prije nego \u0161to je prihvatio njegovu ostavku. Papa je zasad odbio komentirati takve tvrdnje, sugeriraju\u0107i izme\u0111u redaka da se radi o koordiniranom napadu tradicionalista na njegovu reformatorsku politiku. \u010covjek koji je optu\u017eio papu da je znao za te\u0161ke optu\u017ebe, ali nije ni\u0161ta poduzeo, glasi za jednog od nositelja radikalne struje u Katoli\u010dkoj crkvi, koja nalikuje na hibrid trenutnog vodstva Kaptola i katoli\u010dkih aktivista tipa Stjepe Bartulice. Ba\u0161 kao potonji, Vigano je stava da su gejevi me\u0111u sve\u0107enicima uzro\u010dnici pedofilije. Nasuprot njega stoji \u2018umjerenja\u010dka\u2019 struja predvo\u0111ena papom Franjom, \u010dovjekom koji je nakon optu\u017ebi da je suu\u010desnik u zata\u0161kavanju zlo\u010dina nad maloljetnicima izjavio da bi roditelji gejeva trebali zatra\u017eiti psihijatrijsku pomo\u0107. \u0160to je, me\u0111utim, sa \u017ertvama? Britanac Peter Saunders mi\u0161ljenja je da su i tradicionalisti i tobo\u017enji reformatori jednako odgovorni za zata\u0161kavanje omasovljenog zlostavljanja djece pod okriljem Crkve. Kao dje\u010daka ro\u0111enog nedaleko od Londona Saundersa je zlostavljalo vi\u0161e sve\u0107enika u osnovnoj i srednjoj katoli\u010dkoj \u0161koli. O svemu je progovorio godinama nakon tih doga\u0111aja. Sredinom devedesetih osnovao je Nacionalno udru\u017eenje za ljude zlostavljane u djetinjstvu (NAPAC), organizaciju koja je do danas raznim aktivnostima olak\u0161ala patnju desecima tisu\u0107a ljudi. Njegov rad zamijetio je i papa Franjo, koji ga je 2014. pozvao da postane \u010dlan papinske Komisije za za\u0161titu maloljetnika, sastavljene od pripadnika klera i \u017ertava sve\u0107eni\u010dke pedofilije. Zbog kritika na ra\u010dun rada ovog tijela, Saunders je ubrzo izba\u010den iz Komisije. U razgovoru za Novosti opisuje koje su okolnosti dovele do toga i za\u0161to smatra da Katoli\u010dka crkva pod ravnanjem pape Franje nije ni\u0161ta poduzela da sankcionira pedofiliju u svojim redovima.<\/p>\n<p><strong>Krv na rukama<\/strong><\/p>\n<p><em>Ukoliko se Viganove tvrdnje na ra\u010duna pape poka\u017eu to\u010dnima, treba li odstupiti prvi \u010dovjek Katoli\u010dke crkve?<\/em><\/p>\n<p>Svi oni trebaju odstupiti. Carlo Maria Vigano nije ni\u0161ta bolji od pape Franje kad je rije\u010d o ovoj temi. Mediji su prije dvije godine objavili da je Vigano sudjelovao u blokiranju istrage koja je trebala provjeriti sli\u010dne optu\u017ebe protiv ameri\u010dkog nadbiskupa Johna Nienstedta, tako da nema moralno pravo na ovakve istupe. \u010cak i mimo toga, njegovo pismo zapravo nema nikakve veze sa za\u0161titom djece ili brigom o \u017ertvama. Radi se jedino i isklju\u010divo o \u017eudnji za mo\u0107i unutar Crkve, institucije koja se po\u010dinje polako raspadati pred na\u0161im o\u010dima.<\/p>\n<p><em>Jeste li, me\u0111utim, iznena\u0111eni ovakvim optu\u017ebama?<\/em><\/p>\n<p>Nimalo. Analizira li se pro\u0161lost pape Franje, iz vremena kad je bio nadbiskup u Argentini, postaje razvidno da bi trebao dati odgovore oko vlastitog \u010dinjenja ili, bolje re\u0107i, ne\u010dinjenja vezano uz optu\u017ebe za sve\u0107eni\u010dko zlostavljanje maloljetnika. Njegova biografija u tom kontekstu nije impresivna. Dapa\u010de, \u010dini se da se po ovom pitanju ne razilazi previ\u0161e od mno\u0161tva pripadnika klera.<\/p>\n<p>Borave\u0107i u Irskoj, papa je navodno ostao \u2018\u0161okiran\u2019 nakon \u0161to su mu neke \u017ertve ispri\u010dale da su \u010dasne sestre od neo\u017eenjenih majki stvarale robove u praonicama, otev\u0161i im vi\u0161e od sto tisu\u0107a novoro\u0111ene djece. Ispri\u010dao se i u otvorenom pismu zbog zlostavlja\u010da iz Crkve, koji se u Irskoj broje u stotinama.<\/p>\n<p>Ne vjerujem da je papa zbilja \u2018\u0161okiran\u2019 bilo kojom novom informacijom koju je \u010duo, jer takve pri\u010de slu\u0161a ve\u0107 du\u017ee vrijeme. Isto tako, njegovo \u017ealjenje je potpuno neva\u017eno bez ozbiljnih i hitnih promjena. \u2018Isprika\u2019 bez djelovanja ne zna\u010di ni\u0161ta. Imao je papa pet godina da ne\u0161to poduzme.<\/p>\n<p><em>Je li, po va\u0161em mi\u0161ljenju pobolj\u0161ao situaciju?<\/em><\/p>\n<p>Ne. Uspostavio je Komisiju \u010diji sam bio \u010dlan, ali kratko. Pridru\u017eio sam im se na poziv pape jer sam zbilja mislio da \u0107e do\u0107i do promjena. Vrlo brzo sam shvatio da je to krnje tijelo, jedva ne\u0161to vi\u0161e od treninga odnosa s javno\u0161\u0107u. Komisija nije imala bud\u017eet, sve vatikanske crkvene institucije na \u010delu s biskupima i drugim pojedincima odbijale su sura\u0111ivati s nama, davati nam informacije nu\u017ene za smisleno funkcioniranje ovoga tijela, a ve\u0107ina \u010dlanova nikad nije imala namjeru \u2018zaljuljati brod\u2019, \u0161to je bilo nu\u017eno. Zapravo, ovaj brod treba preokrenuti! Tri do \u010detiri godine nakon poziva da se pridru\u017eim Komisiji jako sam razo\u010daran jer se malo toga promijenilo. To tijelo trebalo bi biti potpuno neovisno od Crkve. Ta neovisnost ne postoji. Dapa\u010de, Komisija je pod potpunom kontrolom Vatikana, u kojem se mnogi odupiru promjenama. Me\u0111u njima su pojedinci koji sami imaju \u2018krvi na rukama\u2019, ali i oni koji \u0107e sve u\u010diniti da za\u0161tite instituciju.<\/p>\n<p>Koji su bili konkretni razlozi za va\u0161 odlazak iz Komisije za za\u0161titu maloljetnika? Spominjala se va\u0161a kritika na ra\u010dun tretmana australskog kardinala Georgea Pella, doju\u010dera\u0161njeg papinog intimusa i prvog \u010dovjeka vatikanskih financija, puno prije nego \u0161to je po\u010dela slu\u017ebena istraga u Australiji u kojoj ga se sumnji\u010di da je svjesno propustio sankcionirati zlostavlja\u010de vi\u0161e od tisu\u0107u djece.<\/p>\n<p>Isklju\u010dili su me iz vi\u0161e razloga. Da, usudio sam se propitivati motive i pona\u0161anje kardinala Georgea Pella, nakon \u010dega su mi njegovi skupi odvjetnici poslali prijete\u0107e pismo. Pell \u0107e imati najskuplje odvjetnike koje novac mo\u017ee kupiti nakon \u0161to krene su\u0111enje. Osim toga, usudio sam se pitati i predsjednika komisije, kardinala Seana O\u2019Malleyja, \u0161to je to\u010dno postignuto u dvije godine postojanja tog tijela. Nije mogao navesti nijednu stvar. Pitao sam ga i za\u0161to papa nikad nije posjetio \u2018svoju\u2019 komisiju. Odgovoreno mi je da je \u2018previ\u0161e zaposlen\u2019. Isus nikad nije bio zaposlen kad je trebalo pri\u010dati o svetosti dje\u010djeg \u017eivota. Na koncu sam predlo\u017eio i da djelovanje komisije bude dostupno javnosti, odnosno transparentno. Oni su se odlu\u010dili na tajnost, jer tako Crkva funkcionira. Treba \u0161utjeti, zakopati problem, oklevetati \u017ertve i stati iza zlostavlja\u010da u haljama.<\/p>\n<p><em>U posljednjem velikom pedofilskom skandalu, biskupi i drugi pojedinci u ameri\u010dkoj saveznoj dr\u017eavi Pennsylvaniji prikrivali su seksualno zlostavljanje vi\u0161e od tisu\u0107u djece od strane 300 sve\u0107enika u razdoblju od 70 godina. Tamo\u0161nji dr\u017eavni odvjetnik prije nekoliko dana je izjavio da imaju dokaze o tome da je Vatikan sve znao, ali ni\u0161ta nisu poduzeli. Koji je va\u0161 komentar?<\/em><\/p>\n<p>Spomenuti doga\u0111aji jo\u0161 su jedan pokazatelj razmjera globalnog skandala sve\u0107eni\u010dkog zlostavljanja. Broj \u2018identificiranih \u017ertava\u2019 bit \u0107e samo vrh sante jer ve\u0107ina \u017ertava, prema svim studijama, nikad ne prijavi napastovanje, ali su metode zlostavljanja i zata\u0161kavanja zlo\u010dina identi\u010dne kao u drugim slu\u010dajevima diljem svijeta. To je sramotno i bestidno.<\/p>\n<p><strong>Prijetnje i zastra\u0161ivanje<\/strong><\/p>\n<p><em>Sla\u017eete li se s opaskama pojedinih \u017ertava, upoznatih s funkcioniranjem Crkve, da je iluzorno od njih o\u010dekivati promjene, ve\u0107 da su klju\u010dni svjetovni sudovi i druge institucije koje posjeduju mo\u0107 koju kler ne mo\u017ee kontrolirati?<\/em><\/p>\n<p>Sla\u017eem se. Ne mogu vidjeti promjenu iznutra, jer su oni previ\u0161e upleteni na mnogo na\u010dina. Silovanje i drugi oblici zlostavljanja u Crkvi globalni su problem. Ugled organizacije i za\u0161tita njenih djelatnika \u2013 od sve\u0107enika do biskupa \u2013 uvijek dobiva prioritet pred sigurno\u0161\u0107u djece i brigom za \u017ertve. Unato\u010d papinim povremenim sna\u017enim rije\u010dima, Katoli\u010dka crkva ostaje najve\u0107i poslodavac i za\u0161titnik silovatelja djece. Ne\u0161to se mora poduzeti i znamo da Crkva to ne\u0107e napraviti svojevoljno.<\/p>\n<p><em>U dva desetlje\u0107a postojanja va\u0161a je organizacija na razne na\u010dine pomogla vi\u0161e od sto tisu\u0107a pojedinaca koji su zlostavljani u djetinjstvu. Kao osoba koja radi sa \u017ertvama, mo\u017eete li re\u0107i koji su najve\u0107i problem s kojima se takve osobe susre\u0107u?<\/em><\/p>\n<p>Problemi su brojni i zna\u010dajni. Povjerenje je jedan od njih. Brojne \u017ertve nikad ne uspiju vratiti povjerenje. Mnogi me\u0111u nama pate od smanjenog samopo\u0161tovanja, srama i krivnje. Drugi pribjegavaju samoozlje\u0111ivanju ili se polagano ubijaju drogama i alkoholom. Lista posljedica je duga i uznemiruju\u0107a, da ne govorim o tro\u0161kovima za dru\u0161tvo.<\/p>\n<p><em>Brojnim \u017ertvama sve\u0107enika zajedni\u010dko je da pri\u010daju o traumama tek desetlje\u0107ima nakon samih doga\u0111aja.<\/em><\/p>\n<p>Spomenuti faktori su razlog za\u0161to mnogi te\u0161ko razgovaraju o ovim odvratnim zlo\u010dinima. Djeca nerijetko nemaju rije\u010di da opi\u0161u \u0161to im se dogodilo. Podmukli i manipulativni zlostavlja\u010di im prijete. Sve je zapravo okrenuto protiv toga da djeca progovore. Nakon toga nastojimo zakopati sje\u0107anja zato \u0161to je zlostavlja\u010d naj\u010de\u0161\u0107e netko koga volimo ili ga se bojimo. Ili oboje.<\/p>\n<p><em>Naknadna svjedo\u010denja \u017ertava \u010dest su razlog i u Hrvatskoj za osudu sredine i klera, koji ih optu\u017euju za laganje i nevjerodostojnost. Vi ste tako\u0111er progovorili u \u010detrdesetim godinama, desetlje\u0107ima nakon svega \u0161to vam se dogodilo. Kako je na to reagirala va\u0161a okolina?<\/em><\/p>\n<p>Nitko nije sumnjao u moje rije\u010di, \u0161to je bilo ohrabruju\u0107e. Nisam se osje\u0107ao stigmatiziran ni na koji na\u010din. Jedan \u010dlan obitelji samo mi je rekao: \u2018Za\u0161to sad to spominje\u0161?\u2019 Moj je odgovor: ako ne sad, kad bih trebao o tome pri\u010dati? Ti doga\u0111aji obilje\u017eili su i nastavljaju obilje\u017eavati cijeli moj \u017eivot. Istupaju\u0107i u javnost, mi zapravo \u0161titimo druge. Zlostavljanje se hrani tajno\u0161\u0107u i zastra\u0161ivanjem. Kao \u0161to sam ve\u0107 rekao, isklju\u010den sam iz papinske komisije zbog tra\u017eenja ve\u0107e otvorenosti i transparentnosti. Crkva to nije \u017eeljela.<\/p>\n<p><em>Koji su, po va\u0161em mi\u0161ljenju, klju\u010dni razlozi za nepojmljive razmjere pedofilije u Katoli\u010dkoj crkvi?<\/em><\/p>\n<p>Rije\u010d je o instituciji kojom dominiraju mu\u0161karci i koja imperativno tra\u017ei poslu\u0161nost i \u010dednost, \u0161to je gotovo nemogu\u0107e nametnuti normalnim ljudima. Mnogi sve\u0107enici nisu u celibatu i jam\u010de \u0161utnju kad njihov \u2018brat\u2019 izda zvanje zlostavljaju\u0107i djecu. Poput mnogih drugih institucija, i ova \u0161titi sebe na \u0161tetu svih ostalih, ponajvi\u0161e \u017ertava svojih kriminalaca. Kao \u0161to rekoh, Crkva nije sposobna uvoditi interne promjene po ovom pitanju. Samo bi vanjske inicijative mogle dovesti do nekih reformi.<\/p>\n<p><em>Mediji su zabilje\u017eili da Irci nisu gajili odu\u0161evljenje zbog recentnog dolaska pape. Koliko se mijenja dru\u0161tveno-politi\u010dki odnos prema Katoli\u010dkoj crkvi u zemlji koja je poznata po tradicionalnoj bliskosti s tom vjerskom institucijom?<\/em><\/p>\n<p>Irska je metafora za crkveni sustav koji zlostavlja na globalnoj razini. Irski premijer bio je vrlo jasan kad je pro\u0161loga tjedna rekao papi da je dana\u0161nja Irska druga\u010dija od one koja je prihva\u0107ala lekcije institucije koja je nadgledala i poticala takve razmjere kriminalnosti u njihovoj zemlji.<\/p>\n<p><a href=\"https:\/\/www.portalnovosti.com\/peter-saunders-crkva-je-najveci-poslodavac-i-zastitnik-silovatelja-djece\">Portal Novosti<\/a><\/p>\n","protected":false},"excerpt":{"rendered":"<p>Peter Saunders: Rije\u010d je o instituciji kojom dominiraju mu\u0161karci i koja imperativno tra\u017ei poslu\u0161nost i \u010dednost, \u0161to je gotovo nemogu\u0107e nametnuti normalnim ljudima. Mnogi sve\u0107enici nisu u celibatu i jam\u010de \u0161utnju kad njihov \u2018brat\u2019 izda zvanje zlostavljaju\u0107i djecu. Poput mnogih drugih institucija, i ova \u0161titi sebe na \u0161tetu svih ostalih<\/p>\n","protected":false},"author":1,"featured_media":0,"comment_status":"open","ping_status":"closed","sticky":false,"template":"","format":"standard","meta":{"_seopress_robots_primary_cat":"","_seopress_titles_title":"","_seopress_titles_desc":"","_seopress_robots_index":"","_et_pb_use_builder":"","_et_pb_old_content":"","_et_gb_content_width":"","inline_featured_image":false,"footnotes":""},"categories":[5],"tags":[],"class_list":["post-252767","post","type-post","status-publish","format-standard","hentry","category-drugi-pisu"],"_links":{"self":[{"href":"https:\/\/www.pcnen.com\/portal\/wp-json\/wp\/v2\/posts\/252767","targetHints":{"allow":["GET"]}}],"collection":[{"href":"https:\/\/www.pcnen.com\/portal\/wp-json\/wp\/v2\/posts"}],"about":[{"href":"https:\/\/www.pcnen.com\/portal\/wp-json\/wp\/v2\/types\/post"}],"author":[{"embeddable":true,"href":"https:\/\/www.pcnen.com\/portal\/wp-json\/wp\/v2\/users\/1"}],"replies":[{"embeddable":true,"href":"https:\/\/www.pcnen.com\/portal\/wp-json\/wp\/v2\/comments?post=252767"}],"version-history":[{"count":0,"href":"https:\/\/www.pcnen.com\/portal\/wp-json\/wp\/v2\/posts\/252767\/revisions"}],"wp:attachment":[{"href":"https:\/\/www.pcnen.com\/portal\/wp-json\/wp\/v2\/media?parent=252767"}],"wp:term":[{"taxonomy":"category","embeddable":true,"href":"https:\/\/www.pcnen.com\/portal\/wp-json\/wp\/v2\/categories?post=252767"},{"taxonomy":"post_tag","embeddable":true,"href":"https:\/\/www.pcnen.com\/portal\/wp-json\/wp\/v2\/tags?post=252767"}],"curies":[{"name":"wp","href":"https:\/\/api.w.org\/{rel}","templated":true}]}}