{"id":252640,"date":"2018-09-03T08:14:00","date_gmt":"2018-09-03T06:14:00","guid":{"rendered":"http:\/\/www.pcnen.com\/portal\/?p=252640"},"modified":"2018-09-03T08:14:00","modified_gmt":"2018-09-03T06:14:00","slug":"radnici-su-manjina-koje-se-valja-rijesiti","status":"publish","type":"post","link":"https:\/\/www.pcnen.com\/portal\/2018\/09\/03\/radnici-su-manjina-koje-se-valja-rijesiti\/","title":{"rendered":"Radnici su manjina koje se valja rije\u0161iti"},"content":{"rendered":"<p><strong><img loading=\"lazy\" decoding=\"async\" class=\"alignleft size-medium wp-image-226495\" src=\"http:\/\/www.pcnen.com\/portal\/wp-content\/uploads\/2017\/05\/radnici-300x226.png\" alt=\"\" width=\"300\" height=\"226\" \/>Pi\u0161e: Mladen Bla\u017eevi\u0107<\/strong><\/p>\n<p>Radnici su u u\u017eem smislu odavno postali manjina. To su oni koji rade, a jo\u0161 uvijek ih zovemo radnicima. Imaju \u010dak i svoje sindikate, za razliku od neusporedivo ve\u0107eg broja jednako ugro\u017eenih ljudi u trgovini ili ugostiteljstvu, koje odavno zovemo djelatnici ili zaposlenici. Oni su druga pri\u010da i dok se ne organiziraju nemaju razloga postati neprijatelji.<\/p>\n<p>Radnici su u u\u017eem smislu odavno postali manjina. To su oni koji rade, a jo\u0161 uvijek ih zovemo radnicima. Imaju \u010dak i svoje sindikate, za razliku od neusporedivo ve\u0107eg broja jednako ugro\u017eenih ljudi u trgovini ili ugostiteljstvu, koje odavno zovemo djelatnici ili zaposlenici. Oni su druga pri\u010da i dok se ne organiziraju nemaju razloga postati neprijatelji.<\/p>\n<p>Radnik skoro trideset godina \u0161uti, i \u0161utjet \u0107e i dalje ako mu isplatite pla\u0107u. \u0160uti jer se srami sebe i svoje nemo\u0107i. \u017divimo u svijetu pobjednika i gubitnika gdje radnik dobro zna gdje mu je mjesto. Javi se samo kad borba za egzistenciju pobjedi sramotu. U me\u0111uvremenu slavi sportske uspjehe, jer jedino tako mo\u017ee osjetiti dio pobjede.<\/p>\n<p>Ne trebaju nas \u010duditi novi napisi i stavovi liberalnih ili \u010dak &#8220;lijevih&#8221; krugova (o desnima ne\u0107u tro\u0161iti rije\u010di) gdje se radnike progla\u0161ava krivcima za propast brodogradnje. Bilo je samo pitanje kad \u0107e do\u0107i na red. \u017divimo u zemlji gdje uvijek iznova ponestaje neprijatelja, pa svoju duljinu fronta \u0161iri sukladno razvedenosti na\u0161e obale. Kako smo u svjetskim razmjerima bezna\u010dajni, pa se nitko nama ne bavi, ne uspjevamo namaknuti dovoljno vanjskih neprijatelja i sve \u010de\u0161\u0107e pose\u017eemo za unutarnjim.<\/p>\n<p>Zamislimo sliku hrvatske obale s brojnim otocima, nek mi ne zamjere oto\u010dani, na kojoj svaki predstavlja neku manjinu. Za\u0161to manjinu? Da, radnici su u u\u017eem smislu odavno postali manjina. To su oni koji rade, a jo\u0161 uvijek ih zovemo radnicima. Imaju \u010dak i svoje sindikate, za razliku od neusporedivo ve\u0107eg broja jednako ugro\u017eenih ljudi u trgovini ili ugostiteljstvu, koje odavno zovemo djelatnici ili zaposlenici. Oni su druga pri\u010da i dok se ne organiziraju nemaju razloga postati neprijatelji. Ali radnici u industriji su, zbog konzistentnog, skoro tridesetogodi\u0161njeg uni\u0161tavanja industrije, pred nestajanjem i postali su manjina. A manjine se uvijek valja rije\u0161iti, jer kvari zajedni\u0161tvo. Za lo\u0161 polo\u017eaj si je ionako sama kriva. Razloge je lako prona\u0107i. Recimo, Srbi su si sami krivi za iseljavanje, jer su zapo\u010deli rat. Homoseksualci su si sami krivi za ustavno smanjivanje prava, jer paradiraju po gradovima i provociraju ve\u0107inu. &#8220;Uhljebi&#8221; iz nevladinih organizacija su sami krivi za ukidanje financijskih sredstava, jer kritiziraju dru\u0161tvene anomalije umjesto da propagiraju hrvatsko zajedni\u0161tvo. A radnici su, eto, krali klije\u0161ta i kacavide, godinama \u0161utjeli dok je kako-tako i\u0161lo, pjevali Thompsona&#8230;<\/p>\n<p>Naj\u010de\u0161\u0107e su upira\u010di prstom ujedinjeni u zbijene jedinice i pucaju \u010dim netko proviri na svom manjinskom otoku. Ali ima i onih koji biraju samo grupe otoka ili im se iz nekog razloga ne svi\u0111aju samo oto\u010dani s Tre\u010di\u0107a. No, pa\u017eljivo biranje ugro\u017eene skupine manjinaca te u osnovi ne \u010dini manjim trudbenikom za tra\u017eenje neprijatelja me\u0111u ugro\u017eenima. Radi se o istan\u010danijem ukusu.\u00a0 Samo si zadu\u017een za kra\u0107u liniju fronta.<\/p>\n<p>Pitanje zato glasi mo\u017eemo li predvidjeti idu\u0107u manjinu na ni\u0161anu? Ili manjinu koja \u0107e to tek postati? Jer front se jo\u0161 \u0161iri, a manjine mno\u017ee. Naslu\u0107ujem poljoprivrednike, zbog primanja poticajnih sredstava. Lako mogu zamisliti i nekog radnika Uljanika da pred televizorom psuje voza\u010de traktora koji su zaprije\u010dili cestu. Recimo da otkupljiva\u010d \u017eita nije dobio dovoljnu kvotu za dr\u017eavni otkup zaliha i slijedom toga je ostavio ratare na cjedilu ili im je snizio cijenu, pa ovi protestiraju. Ili kulturnjake, koji se ne\u0107kaju i \u010desto \u0161etaju po prvoj liniji fronta ne znaju\u0107i bi li se svrstali u ve\u0107inu ili manjinu. Radnik Uljanika zna da dobar dio njih kupi\u0161 za si\u0107u, ali i si\u0107a je novac. Za\u0161to bi umjetnik dobio za neki svoj umjetni\u010dki projekt, a on nije dobio pla\u0107u zara\u0111enu varenjem. A za\u0161to ne bi radnik \u0161kvera, kad se na\u0111e u ve\u0107oj gomili sa zaposlenicima i nezaposlenima, manjinca i neprijatelja vidio i me\u0111u profesorima i u\u010diteljima, s dje\u010djim raspustima preko ljeta umjesto varenja u potpalublju na \u010detrdeset stupnjeva? Neki bi se od tih profesora uskoro mogli i buniti protiv nove izvrsnosti kurikuluma. Ili ga na\u0111e me\u0111u znanstvenicima \u0161to samo putuju na seminare, a ne mogu financijski dokazati rezultat svog rada? Ili doktorima \u0161to imaju velike pla\u0107e, ali im nije dosta pa odlaze u inozemstvo vode\u0107i sa sobom medicinske sestre \u017eeljne lagodnog \u017eivota. Sve su to manjine i potencijalni neprijatelji koji mogu poslu\u017eiti. Radnik Uljanika o svima njima zasad \u0161uti. Jo\u0161 mu nitko nije tamo pokazao prstom. A ho\u0107e. Ne\u0107e valjda onaj koji pokazuje pokazati na sebe. Radnik skoro trideset godina \u0161uti, i \u0161utjet \u0107e i dalje ako mu isplatite pla\u0107u. \u0160uti jer se srami sebe i svoje nemo\u0107i. \u017divimo u svijetu pobjednika i gubitnika gdje radnik dobro zna gdje mu je mjesto. Javi se samo kad borba za egzistenciju pobjedi sramotu. U me\u0111uvremenu slavi sportske uspjehe, jer jedino tako mo\u017ee osjetiti dio pobjede.<\/p>\n<p>A vi \u0161to mu se rugate jer \u0161uti, pogledajte tko jo\u0161 \u0161uti? Pogledajte oko sebe svoj radni stol. Svoju firmu, svoju djelatnost, svoj krug ljudi oko sebe\u2026 Pa se zapitajte \u0161utite li i vi?<\/p>\n<p>I da, imam moralno pravo govoriti iz perspektive radnika, jer unato\u010d sklonosti pisanju, novac ve\u0107 dugi niz godina zara\u0111ujem kao radnik. Fizi\u010dkim radom. Bilo kao radnik vrtlar, bilo kao bau\u0161telac. U prekarijatu.<\/p>\n<p><a href=\"http:\/\/www.forum.tm\/vijesti\/radnici-su-manjina-koje-se-valja-rijesiti-6872\">Forum<\/a><\/p>\n","protected":false},"excerpt":{"rendered":"<p>Radnik skoro trideset godina \u0161uti, i \u0161utjet \u0107e i dalje ako mu isplatite pla\u0107u. \u0160uti jer se srami sebe i svoje nemo\u0107i. \u017divimo u svijetu pobjednika i gubitnika gdje radnik dobro zna gdje mu je mjesto<\/p>\n","protected":false},"author":1,"featured_media":0,"comment_status":"open","ping_status":"closed","sticky":false,"template":"","format":"standard","meta":{"_seopress_robots_primary_cat":"","_seopress_titles_title":"","_seopress_titles_desc":"","_seopress_robots_index":"","_et_pb_use_builder":"","_et_pb_old_content":"","_et_gb_content_width":"","inline_featured_image":false,"footnotes":""},"categories":[5],"tags":[],"class_list":["post-252640","post","type-post","status-publish","format-standard","hentry","category-drugi-pisu"],"_links":{"self":[{"href":"https:\/\/www.pcnen.com\/portal\/wp-json\/wp\/v2\/posts\/252640","targetHints":{"allow":["GET"]}}],"collection":[{"href":"https:\/\/www.pcnen.com\/portal\/wp-json\/wp\/v2\/posts"}],"about":[{"href":"https:\/\/www.pcnen.com\/portal\/wp-json\/wp\/v2\/types\/post"}],"author":[{"embeddable":true,"href":"https:\/\/www.pcnen.com\/portal\/wp-json\/wp\/v2\/users\/1"}],"replies":[{"embeddable":true,"href":"https:\/\/www.pcnen.com\/portal\/wp-json\/wp\/v2\/comments?post=252640"}],"version-history":[{"count":0,"href":"https:\/\/www.pcnen.com\/portal\/wp-json\/wp\/v2\/posts\/252640\/revisions"}],"wp:attachment":[{"href":"https:\/\/www.pcnen.com\/portal\/wp-json\/wp\/v2\/media?parent=252640"}],"wp:term":[{"taxonomy":"category","embeddable":true,"href":"https:\/\/www.pcnen.com\/portal\/wp-json\/wp\/v2\/categories?post=252640"},{"taxonomy":"post_tag","embeddable":true,"href":"https:\/\/www.pcnen.com\/portal\/wp-json\/wp\/v2\/tags?post=252640"}],"curies":[{"name":"wp","href":"https:\/\/api.w.org\/{rel}","templated":true}]}}