{"id":252558,"date":"2018-09-01T07:10:48","date_gmt":"2018-09-01T05:10:48","guid":{"rendered":"http:\/\/www.pcnen.com\/portal\/?p=252558"},"modified":"2018-09-01T07:23:43","modified_gmt":"2018-09-01T05:23:43","slug":"miris-rata-na-balkanu","status":"publish","type":"post","link":"https:\/\/www.pcnen.com\/portal\/2018\/09\/01\/miris-rata-na-balkanu\/","title":{"rendered":"Miris rata na Balkanu"},"content":{"rendered":"<p><strong><img loading=\"lazy\" decoding=\"async\" class=\"alignleft size-medium wp-image-217526\" src=\"http:\/\/www.pcnen.com\/portal\/wp-content\/uploads\/2016\/12\/Ljubodrag-Stojadinovic-300x220.jpg\" alt=\"\" width=\"300\" height=\"220\" \/>Pi\u0161e: Ljubodrag Stojadinovi\u0107<\/strong><\/p>\n<p>Sledi nam, dakle, precizno odvajanje ljudi i teritorija od drugih ljudi i teritorija, pa priklju\u010divanje tih ljudi i teritorija drugim ljudima i teritorijama. Ako tragamo za definicijom smisla ne\u010dega \u0161to smisla nema, ovo bi mogla da bude jedna od njih, zasnovana na etni\u010dkom paralogizmu: prebrojavanje \u017eivih glava, uterivanje svakog od nesre\u0107nika u svoj \u010dopor, uz prirodno re\u017eanje na protvni\u010dki, s druge strane \u017eice. Uz ose\u0107anje te\u0161ke nesre\u0107e me\u0111u sebi sli\u010dnima i istima, u ambijentu tragedije koja postaje op\u0161ta.<\/p>\n<p>Prethodno je neko uzeo olovku i iscrtao nove, krivudave granice, koje, vuku\u0107i tu ruku nevezanu za um, idu negde svojom voljom, kroz sela, ku\u0107e, gradove i kroz ljude. Crta\u010d je uveren da \u0107e njegova zami\u0161ljena linija ostati na tlu, \u010dvrsta kao granit, za sva vremena i za istoriju koje vi\u0161e nema. Crta\u010da je bilo na obe strane \u017eice, mogu\u0107e je da su oni svoja kona\u010dna dela iz tragi\u010dne geografije docrtali tu\u0111om rukom, prirodno nevezanom za razum.<\/p>\n<p>Za desetak dana, Mesija odlazi na Kosovo kako bi objasnio Srbima \u0161ta \u0107e da uradi sa svojim \u017eivotnim delom. Njegova je politi\u010dka arhitektura pred slomom, jer nema zgrade ni u \u010demu \u0161to je gradio, sve \u0161to postoji zasnovano je na beskrajnim logorei\u010dnim ispadima razli\u010ditih frekvencija. \u010citav tim sprema govor za Kosovo, a kona\u010dno \u0107e on biti samo njegov, tekst uobi\u010dajeno bezvredan, pateti\u010dno izdeklamovan. Kao lozinka i suvi\u0161no obrazlaganje neprekidnog podviga koji se okon\u010dava te\u0161kim porazom.<\/p>\n<p>Poraz se naslu\u0107uje iz poku\u0161aja da se na samom kraju u pomo\u0107 prizove logika nemogu\u0107eg. Da se napravi bar jo\u0161 jedan najrizi\u010dniji, mo\u017eda smrtonosni salto mortale, zaokret koji poni\u0161tava sve prethodno i ru\u0161i sve \u0161to sledi. Razgrani\u010denje je utopija, iskustvo koje nigde ne postoji kao dobro, re\u0161enje koje se nigde nije odr\u017ealo bez tragedije, drame i dubokih rana u tkivu onih koje politika usre\u0107uje.<\/p>\n<p>\u0160ta se ima doga\u0111ati sa Srbijom i Kosovom, koje jeste i nije njen deo, koje je na istom mestu ali je davno oti\u0161lo? Granice je neko ve\u0107 davno nacrtao, ali one su po ocenama i jedne i druge i tre\u0107e strane ipak nelogi\u010dne i nepravedne, ako u tome (grani\u010denju) uop\u0161te ima logike i pravde. Razdvajanje je posledica sile ili njenog manjka, reljefa, slu\u010dajnosti, mo\u0107ne politi\u010dke odluke, neznanja, surovosti i sirovosti, ambicija i gluposti. Sve to je ve\u0107 ura\u0111eno, mnogo puta, jer se borba oko Kosova ne vodi za ljude, nego za teritorije i raspored mo\u0107i me\u0111u slabima. Razmena ljudi je razme\u0161taj na dogovorene politi\u010dke posede, kidanje od svega \u0161to ih \u010dini ljudima, da bi tek preseljeni bili uskla\u0111eni sa idejom o kona\u010dnom nesre\u0107nom re\u0161enju.<\/p>\n<p>Kosovo i jug Srbije mogli bi da postanu novi poligon za svestrano, dogovoreno etni\u010dko \u010di\u0161\u0107enje. To je pravo ime za nasilni transfer ljudi, a u modelu bilo kog razgrani\u010denja sa \u201erazmenama\u201c, on ne mo\u017ee biti dobrovoljan, niti odvajanje mo\u017ee da protekne mirno. Mogu\u0107e je da obe strane u\u010destvuju u obostranom \u010di\u0161\u0107enju, i onda bi srpski \u017eivalj neizbe\u017eno dopao pod udar svoje vlasti, pod uslovom da je smatra svojom.<\/p>\n<p>Nagove\u0161tena razmena teritorija, na primer, sever Kosova za Pre\u0161evsku dolinu i jo\u0161 dve op\u0161tine (Bujanovac i Medve\u0111a), nije pojmljiva izvan tragi\u010darske fantazmagorije. Ona nudi karikaturalno saka\u0107enje Srbije i trebljenje stanovni\u0161tva koje svaka strana smatra svojim.<\/p>\n<p>To je opasni izvor odsudnog otpora i sukoba, koji ne mo\u017ee biti ubla\u017een pozivom na \u201evi\u0161e interese\u201c, jer njih zapravo nema, niti stra\u017earenjem velikih sila. Nema te sile koja zaustavlja pobunu kod velikih transfera ljudi, taj ambijent nudi sukob svih protiv svih. Kako i od koga razgrani\u010diti Srbe ju\u017eno od Ibra? Ho\u0107e li ovda\u0161nja vlast odvajati Albance koji \u017eive u Beogradu, a samo je to njihov grad. Znam to, poznajem mnogo njih.<\/p>\n<p>Potpisnici bilo kakvog dogovora nemaju podr\u0161ku ve\u0107ine, ni na jednoj strani. Ali, \u010dak ni ve\u0107ina ne \u010dini razgrani\u010denje, drame se odvijaju uglavnom u pojedina\u010dnim nesre\u0107ama, u te\u0161kim me\u0111uetni\u010dkim, ali i interetni\u010dkim sukobima. Masovno unesre\u0107eni ljudi neizbe\u017eno bi videli svoju dr\u017eavu kao izvor nesre\u0107e, i bili bi sasvim u pravu. Pre nekoliko dana, javio mi se poznanik iz okoline Prokuplja, poku\u0161avaju\u0107i da mi prenese atmosferu iz Topli\u010dkog kraja: \u201eOvde su ljudi prepla\u0161eni, \u0161ire se glasovi da \u0107e nova granica sa Kosovom da bude desetak kilometara ju\u017eno od Prokuplja. Ovi se spremaju da jebu majku ovome!\u201c<\/p>\n<p>Ne verujem u novi Topli\u010dki ustanak protiv vlade Ane Brnabi\u0107, jer ona je priznala da nema pojma o razgrani\u010denju, niti kako je to njen mahniti poslodavac zamislio. Ona jo\u0161 ni\u0161ta ne zna o politici koju mora da vodi. Da li je onda strah Vranjanaca i Prokup\u010dana opravdan, kad se ve\u0107 nalaze sasvim blizu iscrtane granice krize, koja preti da uskoro bude re\u0161ena? Meni se \u010dini da jeste, jer je ovde svaki strah opravdan i ima revnosnu potporu srpskih vlasti. Ona ga svojom neznala\u010dkom ambicijom stalno podsti\u010de, \u010dini ga realnim a ne \u010dini ni\u0161ta da ga spre\u010di. Nito to \u017eeli, niti ume.<\/p>\n<p>Uvo\u0111enje novih granica vra\u0107a istoriju i geografiju unatrag. Sile, koje podr\u017eavaju nove podele i zidove, mogle su lako da do\u0111u do neuporedivo bolje ideje: da investiraju u Kosovo i u jug Srbije, u zaostalu i zapu\u0161tenu privredu, u otklanjanje siroma\u0161tva, u puteve, bolnice, obrazovanje i zbli\u017eavanje. Umesto toga, oni ula\u017eu u ono najgore, \u0161to proizvodi najgore: u Vu\u010di\u0107a i Ta\u010dija.<\/p>\n<p>Bilo bi bolje u\u010diniti granice bezna\u010dajnim, simboli\u010dnim, likovnim obele\u017ejem prostora na kome \u017eive ljudi, bez etni\u010dke \u017eute trake na bilo \u010dijem rukavu. Jedva \u010dekam kraljev govor na Kosovu. U njemu \u0107e se svakako na\u0107i i samohvala o velikom radu i jo\u0161 ve\u0107oj li\u010dnoj hrabrosti, da zapo\u010dne i zavr\u0161i ono \u0161to niko pre njega nije smeo. I da ga ve\u010dno valja slaviti zbog svega \u0161to je izgubio.<\/p>\n<p>A posle toga sledi dr\u017eavno slavlje zbog pobede nad svojim narodom, op\u0161tenarodno veselje preseljenih ljudi, uz tamjan, praporce, nove spomenike, pevanje i pucanje. Pucanje, iz svega \u0161to postoji.<\/p>\n<p><a href=\"https:\/\/pescanik.net\/miris-rata-na-balkanu\/\">Pe\u0161\u010danik.net<\/a><\/p>\n","protected":false},"excerpt":{"rendered":"<p>Nagove\u0161tena razmena teritorija, na primer, sever Kosova za Pre\u0161evsku dolinu i jo\u0161 dve op\u0161tine (Bujanovac i Medve\u0111a), nije pojmljiva izvan tragi\u010darske fantazmagorije<\/p>\n","protected":false},"author":1,"featured_media":0,"comment_status":"open","ping_status":"closed","sticky":false,"template":"","format":"standard","meta":{"_seopress_robots_primary_cat":"","_seopress_titles_title":"","_seopress_titles_desc":"","_seopress_robots_index":"","_et_pb_use_builder":"","_et_pb_old_content":"","_et_gb_content_width":"","inline_featured_image":false,"footnotes":""},"categories":[5],"tags":[],"class_list":["post-252558","post","type-post","status-publish","format-standard","hentry","category-drugi-pisu"],"_links":{"self":[{"href":"https:\/\/www.pcnen.com\/portal\/wp-json\/wp\/v2\/posts\/252558","targetHints":{"allow":["GET"]}}],"collection":[{"href":"https:\/\/www.pcnen.com\/portal\/wp-json\/wp\/v2\/posts"}],"about":[{"href":"https:\/\/www.pcnen.com\/portal\/wp-json\/wp\/v2\/types\/post"}],"author":[{"embeddable":true,"href":"https:\/\/www.pcnen.com\/portal\/wp-json\/wp\/v2\/users\/1"}],"replies":[{"embeddable":true,"href":"https:\/\/www.pcnen.com\/portal\/wp-json\/wp\/v2\/comments?post=252558"}],"version-history":[{"count":0,"href":"https:\/\/www.pcnen.com\/portal\/wp-json\/wp\/v2\/posts\/252558\/revisions"}],"wp:attachment":[{"href":"https:\/\/www.pcnen.com\/portal\/wp-json\/wp\/v2\/media?parent=252558"}],"wp:term":[{"taxonomy":"category","embeddable":true,"href":"https:\/\/www.pcnen.com\/portal\/wp-json\/wp\/v2\/categories?post=252558"},{"taxonomy":"post_tag","embeddable":true,"href":"https:\/\/www.pcnen.com\/portal\/wp-json\/wp\/v2\/tags?post=252558"}],"curies":[{"name":"wp","href":"https:\/\/api.w.org\/{rel}","templated":true}]}}