{"id":252497,"date":"2018-08-31T07:12:22","date_gmt":"2018-08-31T05:12:22","guid":{"rendered":"http:\/\/www.pcnen.com\/portal\/?p=252497"},"modified":"2018-08-31T07:12:22","modified_gmt":"2018-08-31T05:12:22","slug":"kome-smeta-jasenovac","status":"publish","type":"post","link":"https:\/\/www.pcnen.com\/portal\/2018\/08\/31\/kome-smeta-jasenovac\/","title":{"rendered":"Kome smeta Jasenovac?"},"content":{"rendered":"<p><strong>Pi\u0161e: Menachem Rosensaft<\/strong><\/p>\n<p><img loading=\"lazy\" decoding=\"async\" class=\"alignleft size-medium wp-image-252498\" src=\"http:\/\/www.pcnen.com\/portal\/wp-content\/uploads\/2018\/08\/Jasenovac-djeca-300x218.jpg\" alt=\"\" width=\"300\" height=\"218\" \/>Postoje stra\u0161ne realnosti povijesti koje nitko, \u010dak i s najmanjim integritetom ili osje\u0107ajem pristojnosti, ne smije dovoditi pod znakom upitnika, iskrivljavati ih ili negirati.<\/p>\n<p>Pokolj milijuna \u017didova u logorima smrti Auschwitz-Birkenau, Treblinka, Majdanek, Belzec, Chelmno i Sobibor tijekom Holokausta u Drugom svjetskom ratu, upravo spada u ovu kategoriju.<\/p>\n<p>To se odnosi i na fundamentalnu \u010dinjenicu da je ovaj zlo\u010din protiv \u010dovje\u010dnosti po\u010dinila nacisti\u010dka Njema\u010dka i njezini multinacionalni fa\u0161isti\u010dki suu\u010desnici.<\/p>\n<p>Svaki poku\u0161aj da se negira, trivijalizira ili minimizira enormnost ovog genocida ili rehabilitirati, na bilo koji na\u010din, njegove po\u010dinitelje, je jednostavno re\u010deno, s moralne to\u010dke gledi\u0161ta, bestidno.<\/p>\n<p>Zato je negiranje Holokausta kazneno djelo u Njema\u010dkoj, Francuskoj, Rusiji, Italiji, Austriji, Rumunjskoj i brojnim drugim zemljama. Papa Franjo osudio je negiranje holokausta kao \u201cludilo\u201d, a njegov prethodnik, papa Benedikt XVI., izjavio je kako je to \u201cnedopustivo\u201d.<\/p>\n<p>Tako\u0111er je va\u017eno imati na umu kako tijekom Holokausta Nijemci nisu bili jedine masovne ubojice \u017didova, Roma i ostalih.<\/p>\n<p>U regiji Pridnjestrovlje, koja je u to vrijeme bila dio Rumunjske, \u017deljezna garda Hitlerovog saveznika Iona Antonescua entuzijasti\u010dno je sudjelovala u pokolju izme\u0111u 150.000 i 250.000 \u017didova. U Nezavisnoj Dr\u017eavi Hrvatskoj (NDH), usta\u0161e, predvo\u0111ene Antom Paveli\u0107em, po\u010dinili su brutalni genocid nad Srbima, \u017didovima i Romima.<\/p>\n<p>Prema podacima Memorijalnog muzeja Holokausta Sjedinjenih Ameri\u010dkih Dr\u017eava, hrvatske su vlasti u vrijeme vladavine usta\u0161kog re\u017eima ubile izme\u0111u 320.000 i 340.000 Srba iz Hrvatske i Bosne i Hercegovine, a vi\u0161e od 30.000 hrvatskih \u017didova je ubijeno u Hrvatskoj ili u Auschwitz-Birkenau.<\/p>\n<p>Kako bi proveli svoju genocidnu shemu, usta\u0161e su formirale mre\u017eu doma\u0107ih koncentracijskih logora, zloglasnih zbog brutalnosti koja se u njima odvijala i usporedivi su s barbarstvom u njema\u010dkim logorima smrti.<\/p>\n<p>Najzloglasnija je bila skupina od pet logora pod zajedni\u010dkim nazivom Jasenovac, locirana nedaleko od Zagreba, \u010desto nazivana \u201cAuschwitz Balkana\u201d.<\/p>\n<p>U ovim je logorima, prema Memorijalnom muzeju SAD-a, brutalno ubijeno negdje izme\u0111u 77.000 i 104.000 Srba, \u017didova, Roma i Hrvata koji su bili protivnici usta\u0161kog re\u017eima. Spomen-podru\u010dje Jasenovac poimeni\u010dno je identificiralo 83.145 Srba, \u017didova, Roma i antifa\u0161ista, koji su stradali u ovim logorima.<\/p>\n<p>Ekstremisti\u010dki elementi u Hrvatskoj godinama poku\u0161avaju rehabilitirati usta\u0161e i minimizirati zlo\u010dine po\u010dinjene u Jasenovcu.<\/p>\n<p>Najnoviji primjer ovog trenda je kolumna Milana Ivko\u0161i\u0107a, \u201c<a href=\"https:\/\/www.vecernji.hr\/premium\/jasenovac-ociscen-od-ideologizacije-pristranosti-i-komunistickih-krivotvorina-1264321\">Jasenovac o\u010di\u0161\u0107en od ideologizacije, pristranosti i komunisti\u010dkih krivotvorina<\/a>\u201d, objavljena 17. kolovoza u naj\u010ditanijim hrvatskim novinama Ve\u010dernji list.<\/p>\n<p>Ivko\u0161i\u0107 s divljenjem i naizgled bez stida pi\u0161e o knjizi \u201cRadni logor Jasenovac\u201d autora Igora Vuki\u0107a, koja je, prema Ivko\u0161i\u0107u, \u201cu bitnoj opreci prema desetlje\u0107ima nametanom mitu o Jasenovcu\u201d.<\/p>\n<p>Iako priznaje da su uvjeti u logorima bili te\u0161ki, Ivko\u0161i\u0107 groteskno pi\u0161e da je \u201cu logoru bilo i zabave. Bilo je sportskih utakmica, pogotovo nogometnih, koncerata, kazali\u0161nih predstava me\u0111u kojima su izvo\u0111ena i djela \u0161to su ih stvarali sami zato\u010denici\u201d.<\/p>\n<p>Zabava? U Jasenovcu? Ivko\u0161i\u0107ev poku\u0161aj da od njihove zle su\u0161tine \u2018o\u010disti\u2019 Jasenovac i usta\u0161e je za osudu. Za osudu je i njegova prezirna referenca \u201cmit Jasenovca\u201d.<\/p>\n<p>Brutalno ubojstvo desetaka tisu\u0107a ljudi u Jasenovcu nije mit, gospodine Ivko\u0161i\u0107u.<\/p>\n<p>\u201cJasenovac je bio ne\u010duveni logor smrti, nije postojao sli\u010dan u cijelom svijetu\u201d, izjavio je biv\u0161i zatvorenik Milo Despot u intervjuu usmene povijesti koju \u010duva Memorijalni muzej SAD-a.<\/p>\n<p>\u201cNijemci su likvidirali zatvorenike na suvremen na\u010din, dok su u Jasenovcu ubistva bila najokrutnija \u2013 s maljevima, \u010deki\u0107ima i no\u017eevima, najmanje s metcima\u201d, rekao je on.<\/p>\n<p>\u201cNije bilo plinskih komora, ali tako\u0111er nije nedostajalo ni barbarstvo. Mnogi zatvorenici imali su prorezana grla ili su njihove lubanje bile smrskane; ostali su bili upucani ili obje\u0161eni po drve\u0107u pored Save\u201d, napisao je o Jasenovcu novinar Nicholas Wood u New York Timesu 2006. godine.<\/p>\n<p>Pitam se ho\u0107e li Ivkovi\u0107 uzeti kao \u201czabavan\u201c za logora\u0161e jedan od sljede\u0107a \u010detiri primjera usta\u0161kog pona\u0161anja u Jasenovcu:<\/p>\n<p>U svom intervjuu Milo Despot svjedo\u010di kako je usta\u0161ka postrojba stavila vi\u0161e od 100 djevoj\u010dica srpske nacionalnosti na teretni \u010damac, naredila im je da skinu odje\u0107u, a zatim su ih pripadnici postrojbe zgrabili za kosu, prerezali im grla i bacili njihove le\u0161eve u rijeku.<\/p>\n<p>U jednom drugom razgovoru, Mara Vejnovi\u0107 je kazala kako je vidjela kako su usta\u0161e ubile skupinu djece s otrovnim plinom u vojarnama u Jasenovcu.<\/p>\n<p>Eduard Sajer imao je zadatak iskopati masovnu grobnicu u jednom od jasenova\u010dkih logora. Opisao je kako su usta\u0161ki stra\u017eari ubijali zatvorenike udaraju\u0107i ih maljem po glavi, me\u0111u kojima je bio i Eduardov mla\u0111i brat i kako su on i ostali zatvorenici, koji su kopali, morali vu\u0107i trupla u masovnu grobnicu. Sve \u0161to je Eduard mogao u\u010diniti za svog brata bilo je uhvatiti ga u naru\u010dje i lagano ga staviti na posljednji po\u010dinak.<\/p>\n<p>U svojim memoarima, \u201c44 mjeseca u Jasenovcu\u201d, Egon Berger opisao je hrvatskog franjevca Tomislava Filipovi\u0107a &#8211; Majstorovi\u0107a, tako\u0111er poznatog i kao \u201cfra Sotona\u201c, zloglasnog zapovjednika Jasenovca:<\/p>\n<p>\u201cFratar Majstorovi\u0107, \u010dije je lice bilo na\u0161minkano i napudrano i koji je bio odjeven u elegantno odijelo i nosio zelenu lova\u010dku kapu, s u\u017eivanjem je gledao svoje \u017ertve. Pri\u0161ao je djeci, \u010dak ih je i pomilovao po glavi. Pratili su ga Ljubo Milo\u0161 i Ivica Matkovi\u0107\u201c.<\/p>\n<p>\u201cFratar Majstorovi\u0107 je rekao majkama da \u0107e njihova djeca biti kr\u0161tena i odveo ih od majki, dijete koje je fra Majstorovi\u0107 imao u naru\u010dju, nevino je dotaklo na\u0161minkano lice svoga ubojice. Majke, uznemirene, prepoznale su situaciju. Ponudile su svoje \u017eivote u zamjenu za milost prema djeci. Dva djeteta su spu\u0161tena na zemlju, a tre\u0107e su bacili poput lopte u zrak. Fra Majstorovi\u0107 je uperio bode\u017e, proma\u0161io je tri puta, ali \u010detvrti put uz \u0161alu i smijeh, dijete je probodeno bode\u017eom\u201d.<\/p>\n<p>\u201cMajke su se bacale na zemlju, \u010dupale su kosu i u\u017easno po\u010dele vikati. Usta\u0161ki stra\u017eari iz 14. osje\u010dke divizije su ih odveli i ubili. Nakon \u0161to je troje djece brutalno ubijeno, ove su zvijeri na dvije noge razmijenile novac, jer su se izgleda okladili tko \u0107e prvi pogoditi dijete s bode\u017eom\u201c.<\/p>\n<p>Iskrivljuju\u0107i jezivu stvarnost Jasenovca, Milan Ivko\u0161i\u0107 je oskvrnuo sje\u0107anje na tisu\u0107e i tisu\u0107e nevinih mu\u0161karaca, \u017eena i djece ubijene u logorima.<\/p>\n<p>A objavljivanjem sramotne kolumne Ivko\u0161i\u0107a, Ve\u010dernji list je postao sudionik u nedopustivoj kampanji rehabilitacije usta\u0161a i zata\u0161kavanja njihovih zlo\u010dina. I Ivko\u0161i\u0107 i Ve\u010dernji list sada moraju biti pozvani na odgovornost.<\/p>\n<blockquote><p>Menachem Z. Rosensaft je generalni savjetnik Svjetskog \u017eidovskog kongresa. Predaje o zakonu genocida na pravnim fakultetima na Columbia sveu\u010dili\u0161tu i sveu\u010dili\u0161tu Cornell u SAD-u. \u010clanak je objavljen na stranicama BIRN-a<\/p>\n<p><a href=\"http:\/\/www.forum.tm\/vijesti\/kome-smeta-jasenovac-6866\">Forum<\/a><\/p><\/blockquote>\n","protected":false},"excerpt":{"rendered":"<p>Postoje stra\u0161ne realnosti povijesti koje nitko, \u010dak i s najmanjim integritetom ili osje\u0107ajem pristojnosti, ne smije dovoditi pod znakom upitnika, iskrivljavati ih ili negirati<\/p>\n","protected":false},"author":1,"featured_media":0,"comment_status":"open","ping_status":"closed","sticky":false,"template":"","format":"standard","meta":{"_seopress_robots_primary_cat":"","_seopress_titles_title":"","_seopress_titles_desc":"","_seopress_robots_index":"","_et_pb_use_builder":"","_et_pb_old_content":"","_et_gb_content_width":"","inline_featured_image":false,"footnotes":""},"categories":[5],"tags":[],"class_list":["post-252497","post","type-post","status-publish","format-standard","hentry","category-drugi-pisu"],"_links":{"self":[{"href":"https:\/\/www.pcnen.com\/portal\/wp-json\/wp\/v2\/posts\/252497","targetHints":{"allow":["GET"]}}],"collection":[{"href":"https:\/\/www.pcnen.com\/portal\/wp-json\/wp\/v2\/posts"}],"about":[{"href":"https:\/\/www.pcnen.com\/portal\/wp-json\/wp\/v2\/types\/post"}],"author":[{"embeddable":true,"href":"https:\/\/www.pcnen.com\/portal\/wp-json\/wp\/v2\/users\/1"}],"replies":[{"embeddable":true,"href":"https:\/\/www.pcnen.com\/portal\/wp-json\/wp\/v2\/comments?post=252497"}],"version-history":[{"count":0,"href":"https:\/\/www.pcnen.com\/portal\/wp-json\/wp\/v2\/posts\/252497\/revisions"}],"wp:attachment":[{"href":"https:\/\/www.pcnen.com\/portal\/wp-json\/wp\/v2\/media?parent=252497"}],"wp:term":[{"taxonomy":"category","embeddable":true,"href":"https:\/\/www.pcnen.com\/portal\/wp-json\/wp\/v2\/categories?post=252497"},{"taxonomy":"post_tag","embeddable":true,"href":"https:\/\/www.pcnen.com\/portal\/wp-json\/wp\/v2\/tags?post=252497"}],"curies":[{"name":"wp","href":"https:\/\/api.w.org\/{rel}","templated":true}]}}