{"id":252275,"date":"2018-08-27T06:00:58","date_gmt":"2018-08-27T04:00:58","guid":{"rendered":"http:\/\/www.pcnen.com\/portal\/?p=252275"},"modified":"2018-08-26T22:08:55","modified_gmt":"2018-08-26T20:08:55","slug":"destruktivni-autoriteti","status":"publish","type":"post","link":"https:\/\/www.pcnen.com\/portal\/2018\/08\/27\/destruktivni-autoriteti\/","title":{"rendered":"Destruktivni autoriteti"},"content":{"rendered":"<p><strong><img loading=\"lazy\" decoding=\"async\" class=\"size-medium wp-image-218028 alignright\" src=\"http:\/\/www.pcnen.com\/portal\/wp-content\/uploads\/2016\/12\/Zlatko-Pakovic-300x220.jpg\" alt=\"\" width=\"300\" height=\"220\" \/>Pi\u0161e: Zlatko Pakovi\u0107<\/strong><\/p>\n<p>Prvo je patrijarh Irinej prozborio, zastra\u0161uju\u0107e neodgovorno, pogubno neodgovorno, one neistinite re\u010di o polo\u017eaju Srba u Republici Crnoj Gori kao o polo\u017eaju Srba u genocidnoj NDH\u2026<\/p>\n<p>\u2026 koja je imala sisteme logora za masovno ubijanje ljudi srpske, jevrejske i romske nacionalnosti, a zatim se predsednik Vu\u010di\u0107, u nizu \u201esve u\u010destalijih sastanaka dr\u017eavnog vrha sa predstavnicima Srba iz Crne Gore\u201c, susreo sa Andrijom Mandi\u0107em, predsednikom Nove srpske demokratije, da razgovaraju \u201eo polo\u017eaju srpskog naroda u Crnoj Gori i na\u010dinima za njegovo unapre\u0111enje\u201c. Prema ovakvom scenariju ve\u0107 se odigravala stvarnost.<\/p>\n<p>Prvo krenu da kolaju iz usta crkvenih poglavara i akademika re\u010di u \u017eanru farse, poput onih o \u201eostacima zaklanog naroda\u201c, o \u201enajskupljoj srpskoj re\u010di\u201c, o \u201esrpskim zemljama svuda tamo gde su srpski grobovi\u201c, o \u201epolo\u017eaju Srba u Crnoj Gori kao u NDH\u201c, re\u010di o posvema\u0161njoj ugro\u017eenosti nacije izvan matice a na vlastitoj grudi, pa se zatim ta farsa premetne lako u te\u0161ku tragediju, kao \u0161to se u menja\u010dnicama jedna moneta jednostavno pretvori u drugu. Da, sve te na\u0161e balkanske tragedije, sa elementima horora, iz devedesetih godina pro\u0161log veka, po\u010dele su kao farse, sa elementima groteske.<\/p>\n<p>Setimo se groteskne farse, gotovo sotije \u201eSlu\u010daja Martinovi\u0107\u201c, koju su proizveli knji\u017eevni fariseji u Ulici Francuskoj br. 7, a koja se pretvorila u horor aparthejda za albansko stanovni\u0161tvo na Kosovu, da se zavr\u0161i tragedijom egzodusa Srba sa Kosova! Setimo se farse \u201ebalvanizacije\u201c Hrvatske, koja se pretalila u sramno granatiranje Zadra i Dubrovnika i ru\u0161enje Vukovara, a zavr\u0161ila se kao tragedija egzodusa Srba iz Hrvatske! I \u0161ta sada \u010dovek koji je sve to do\u017eiveo i pre\u017eiveo da o\u010dekuje od ove farsi\u010dne groteske patrijarhovih zluradih, paklenih re\u010di o Crnoj Gori, osim nave\u0161tenje novog kruga balkanskog pakla i novu naslednu bruku zlo\u010dina i novi egzodus Srba?<\/p>\n<p>U ovom nacionalnom bankrotu ima prora\u010duna, kao \u0161to u ludilu ludaka ima sistema. Kad god nacionalisti stanu da \u201eunapre\u0111uju polo\u017eaj srpskog naroda izvan matice Srbije\u201c, stvari tog unapre\u0111enja, posle faze krvavog obra\u010duna, pretvaraju se na kraju u totalno unaza\u0111enje tog famoznog \u201epolo\u017eaja srpskog naroda\u201c, zapravo, u poni\u0161tenje i napu\u0161tanje tog polo\u017eaja, koji se ina\u010de zove mesto stalnog boravka, mesto \u017eivljenja, dru\u017eenja i rada, ra\u0111anja, ljubavi i umiranja\u2026 zavi\u010daj, domovina.<\/p>\n<p>Ako ovaj negativni dru\u0161tveni i istorijski proces poka\u017eemo samo u po\u010detnoj i krajnjoj njegovoj fazi, od re\u010di ka delu, sagleda\u0107emo u jednoj slici \u0161ta zna\u010di odgovornost, odnosno neodgovornost, javno izgovorene re\u010di \u2013 \u0161ta je to te\u017eina re\u010di. Jer ovu sliku, na kojoj se po\u010detak vidi u svom kraju i kraj u svom po\u010detku, sliku koja pokazuje da iz re\u010di izlaze dela, ne zamagljuje ona sredi\u0161nja faza krvavog razra\u010dunavanja, u kojoj ubice neminovno ubijaju i na jednoj i na drugoj strani, nevini ljudi i deca neminovno stradaju i na jednoj i na drugoj strani, lopovi kradu, patolo\u0161ki tipovi se i\u017eivljavaju, osetljivi lude od bola i s jedne i s druge strane\u2026 Dakle, re\u010di va\u017ee\u0107ih nacionalnih autoriteta o pobolj\u0161avanju nacionalnog polo\u017eaja Srba izri\u010du masovna ubistva i egzoduse, kao \u0161to se izri\u010du smrtne presude.<\/p>\n<p>Ovu semanti\u010dku formulu o nacionalizmu kao nu\u017eno nacionalnom bankrotiranju morali bismo uvesti u redovnu nastavu, ako mislimo da, pre nego \u0161to se kao nacionalna kultura ugasimo, isko\u010dimo iz samoubila\u010dke spirale zlo\u010dina. U pregnantnom obliku, ona glasi: nacionalisti uni\u0161tavaju naciju.<\/p>\n<p>Ponovi\u0107u po ko zna koji put, tri su razloga iz kojih nacionalizam nu\u017eno razara naciju: 1) u nacionalizmu nema nacionalnog svojstva; 2) nacionalizam je nepo\u0161tovanje i mr\u017enja prema sopstvenoj naciji; 3) nacionalizam je paranoja.<\/p>\n<p>Jo\u0161 i ovo! Nacionalisti\u010dka paranoja slu\u017ei nacionalisti da zaba\u0161uri, i pred sobom i pred drugima, sebi\u010dne razloge svog profiterstva, \u010dija je moneta nacionalizam. Nacionalizam je, dakle, samo moneta elitnim nacionalistima za brzo sticanje statusa i poseda, a da bi ta moneta bila validna na tr\u017ei\u0161tu, mase moraju ubijati i ginuti, raseljavati druge i iseljavati se.<\/p>\n<p>Ilustrujmo to primerima na\u0161ih ilustrissimusa s po\u010detka teksta! \u010cinjeni\u010dni sud jasno i razgovetno dokazuje da patrijarh SPC i predsednik Republike Srbije ne govore istinu kad govore vrednosno o egzistencijalnoj ugro\u017eenosti srpskog naroda u Crnoj Gori. Ali, za\u0161to bi oni govorili istinu? Za\u0161to bi govorili istinito kad ne po\u0161tuju onu instancu koju nazivaju \u201esrpski narod\u201c?<\/p>\n<p>Srpska pravoslavna crkva ima goleme posede, proizvodi s tih poseda i te proizvode prodaje a ubira i zama\u0161ne prihode u vidu takozvanih donacija iz celog sveta, ali ne pla\u0107a porez svojoj domovini, da od tog poreza pomogne obrazovni, zdravstveni i socijalni sistem \u201esrpskom narodu\u201c. SPC je, dakle, izuzeta iz srpskog dru\u0161tva, ignori\u0161e ga, a name\u0107e mu se kao moralni sudija i zakonopravilo. Predsednik Vu\u010di\u0107, pak, ne po\u0161tuje najvi\u0161i zakonski akt \u201esrpskog naroda\u201c, Ustav Republike Srbije. Dugi niz godina, sve vreme svog premijerskog mandata, obavljao je i funkciju \u0161efa svih slu\u017ebi bezbednosti, \u0161to je zakonom zabranjeno, a sada, evo, javno promovi\u0161e podelu Kosova, dakle, direktno radi protiv Ustava Republike koji jasno defini\u0161e du\u017enost Predsednika Republike. Kad \u010dine \u0161tetno, kako mogu govoriti istinito?<\/p>\n<p><a href=\"https:\/\/www.danas.rs\/kolumna\/zlatko-pakovic\/destruktivni-autoriteti\/\">Danas<\/a><\/p>\n","protected":false},"excerpt":{"rendered":"<p>Nacionalisti\u010dka paranoja slu\u017ei nacionalisti da zaba\u0161uri, i pred sobom i pred drugima, sebi\u010dne razloge svog profiterstva, \u010dija je moneta nacionalizam<\/p>\n","protected":false},"author":1,"featured_media":0,"comment_status":"open","ping_status":"closed","sticky":false,"template":"","format":"standard","meta":{"_seopress_robots_primary_cat":"","_seopress_titles_title":"","_seopress_titles_desc":"","_seopress_robots_index":"","_et_pb_use_builder":"","_et_pb_old_content":"","_et_gb_content_width":"","inline_featured_image":false,"footnotes":""},"categories":[5],"tags":[],"class_list":["post-252275","post","type-post","status-publish","format-standard","hentry","category-drugi-pisu"],"_links":{"self":[{"href":"https:\/\/www.pcnen.com\/portal\/wp-json\/wp\/v2\/posts\/252275","targetHints":{"allow":["GET"]}}],"collection":[{"href":"https:\/\/www.pcnen.com\/portal\/wp-json\/wp\/v2\/posts"}],"about":[{"href":"https:\/\/www.pcnen.com\/portal\/wp-json\/wp\/v2\/types\/post"}],"author":[{"embeddable":true,"href":"https:\/\/www.pcnen.com\/portal\/wp-json\/wp\/v2\/users\/1"}],"replies":[{"embeddable":true,"href":"https:\/\/www.pcnen.com\/portal\/wp-json\/wp\/v2\/comments?post=252275"}],"version-history":[{"count":0,"href":"https:\/\/www.pcnen.com\/portal\/wp-json\/wp\/v2\/posts\/252275\/revisions"}],"wp:attachment":[{"href":"https:\/\/www.pcnen.com\/portal\/wp-json\/wp\/v2\/media?parent=252275"}],"wp:term":[{"taxonomy":"category","embeddable":true,"href":"https:\/\/www.pcnen.com\/portal\/wp-json\/wp\/v2\/categories?post=252275"},{"taxonomy":"post_tag","embeddable":true,"href":"https:\/\/www.pcnen.com\/portal\/wp-json\/wp\/v2\/tags?post=252275"}],"curies":[{"name":"wp","href":"https:\/\/api.w.org\/{rel}","templated":true}]}}