{"id":252238,"date":"2018-08-26T07:14:16","date_gmt":"2018-08-26T05:14:16","guid":{"rendered":"http:\/\/www.pcnen.com\/portal\/?p=252238"},"modified":"2018-08-26T07:14:16","modified_gmt":"2018-08-26T05:14:16","slug":"omladinsko-patriotski-kamp-greska-ili-posledica-sistema","status":"publish","type":"post","link":"https:\/\/www.pcnen.com\/portal\/2018\/08\/26\/omladinsko-patriotski-kamp-greska-ili-posledica-sistema\/","title":{"rendered":"Omladinsko-patriotski kamp \u2013 gre\u0161ka ili posledica sistema?"},"content":{"rendered":"<p><strong>Pi\u0161e: Irena Peji\u0107 <\/strong><\/p>\n<p><img loading=\"lazy\" decoding=\"async\" class=\"size-medium wp-image-221227 alignright\" src=\"http:\/\/www.pcnen.com\/portal\/wp-content\/uploads\/2017\/02\/vojska-300x220.jpg\" alt=\"\" width=\"300\" height=\"220\" \/>Nedavno zatvoreni omladinsko-patriotski kamp u kojem su omladinu obu\u010davali ratni veterani i pripadnici paravojnih formacija, organizatori ne vide kao problemati\u010dan. Dr\u017eava je poslednjeg dana kampa isti zatvorila, me\u0111utim tanka je linija izme\u0111u onoga \u0161to dr\u017eava promovi\u0161e i prakse prikazane u kampu na Zlatiboru.<\/p>\n<p>Skoro cela \u010deta dece i mladih pore\u0111anih u stroj u stavu mirno na uzvik organizatora kampa \u201e\u017divela\u201c uzvra\u0107aju gromoglasno \u201eSrbija!\u201c. Na ovaj na\u010din su polaznici i polaznice Omladinsko-patriotskog kampa na Zlatiboru do\u010dekali predsednika op\u0161tine \u010cajetina Milana Stamatovi\u0107a. Ono \u0161to neodoljivo podse\u0107a na vojni\u010dki protokol pozdravljanja vrhovnog komandanta, organizatori nazivaju dru\u017eenjem u prirodi i odbijaju kritiku da se radi o militarizaciji omladine.<\/p>\n<p>Kamp je nakon osam dana nesmetanog odr\u017eavanja zatvoren policijskom intervencijom koju je podstakla ve\u0107 uveliko uzbunjena javnost \u201ezbog mogu\u0107e zloupotrebe dece\u201c. Ova, organizovana obnova ratni\u010dkog sentimenta i otvorena militarizacija dece je najpre uzbunila medije i javnost, a i dr\u017eavu (navodno), mada poslednju.<br \/>\nPredvojni\u010dka obuka za decu<\/p>\n<p>Omladinsko-patriotski kamp je po primeru sli\u010dnih ruskih kampova, po re\u010dima organizatora, bio usmeren ka tome da deca \u201eoboga\u0107uju znanje istorijskim \u010dinjenicama, istorijom srpske vojske i srpsko-ruskim prijateljstvom\u201c. U njemu su deca imala fizi\u010dko vaspitanje, sticala navike kako treba da se \u017eivi, ve\u017eba, snalazi u prirodi i u njoj pre\u017eivljava.<\/p>\n<p>Uniformisana deca u stroju ipak nisu delovala kao da su tu do\u0161la da u\u010de \u0161ta je orijentiring ili alpinizam, da budu mladi gorani ili izvi\u0111a\u010di. Naprotiv, kamp je zapravo odisao disciplinovanim vojni\u010dkim entuzijazmom na koji su organizatori bez dileme bili ponosni.<\/p>\n<p>Na ulazu u kamp novinarske ekipe je sa\u010dekala improvizovana rampa koju su \u010duvali uniformisani i namr\u0161teni de\u010daci. \u017deljko Vukeli\u0107, organizator, je objasnio da su te, nekoliko brojeva ve\u0107e, uniforme koje su deca nosila ustvari rashodovane uniforme Vojske Jugoslavije koje su nosili njihovi o\u010devi kada su bili aktivni rezervisti i vojnici u \u201esrpskim oslobodila\u010dkim ratovima\u201c (sic!).<\/p>\n<p>Ono \u0161to su organizatori kampa (Udru\u017eenje u\u010desnika oru\u017eanih sukoba na prostoru biv\u0161e Jugoslavije) definisali kao u\u010denje dece fizi\u010dkoj spremnosti i pre\u017eivljavanju u prirodi jeste predvojni\u010dka obuka za omladince i omladinke. Decu su u kampu \u201etradiciji i srpskoj istoriji\u201c u\u010dili rusofili i \u010dlanovi nacionalisti\u010dke organizacije E.N.O.T. Corp. iz Rusije. Iako organizatori odbijaju da je po sredi militarizacija dece, ne kriju da se deca u kampu u\u010de (i) vojni\u010dkoj hijerarhiji, redu i disciplini. A sude\u0107i po atmosferi koja se mogla na licu mesta zate\u0107i, ovo omladinsko dru\u017eenje u prirodi je predstavljalo sveobuhvatnu indoktrinaciju, kompresovanu u desetodnevni izolovani kamp. O kognitivnom aspektu ovog \u201epedago\u0161kog poduhvata\u201c, da li je i koliko funkcionalan i prilago\u0111en uzrastu dece, ne treba tro\u0161iti re\u010di, jer su kamperi bili od dece uzrasta od trinaest godina do ve\u0107 oformljenih mladi\u0107a i devojaka od dvadeset i tri godine.<\/p>\n<p>Ali, kada se odmaknemo od moralizovanja da su to ipak (i) maloletna deca koja prolaze kroz formativni period izgradnje karaktera i identiteta te da im uniformisanje, oru\u017eje i pri\u010da o odbrani zemlje od neprijatelja nikako ne treba i ne sme biti identitetski osnov, name\u0107e nam se drugo pitanje. Ne samo da je militarizacija dece jasna i otvorena: planom i programom, simbolikom, retorikom, ritualnim radnjama i hijerarhijskom strukturom, ve\u0107 tu militarizaciju vr\u0161e \u2013 biv\u0161i i aktivni vojnici.<\/p>\n<p>Obuku deci dr\u017ee pripadnici ruske ultranacionalisti\u010dke paravojne organizacije koji su prema navodima medija bili aktivni i u sukobima u Ukrajini, pa i Siriji. Pored toga, \u0161to valjda samo po sebi treba da bude razlog za crvenu lampicu, decu za sve i svja u kampu obu\u010davaju i doma\u0107i ratni veterani, biv\u0161i u\u010desnici u ratu, i sami pritisnuti razli\u010ditim traumama iz ratnih iskustava. Bez namere da zagovaramo dru\u0161tvenu marginalizaciju ratnih veterana, jedno je od osnovnih pitanja kako je kamp u kom maloletnim licima obuku dr\u017ee ratni veterani dobio dozvolu za rad? A dozvola je dobijena, od lokalne ispostave MUPa.<\/p>\n<p>Organizatori i predsednik op\u0161tine \u010cajetina, kamp vide kao pozitivan u odnosu na drugu alternativu koja je deci, po njima, izgleda jedina dostupna \u2013 rijaliti emisijama koje mogu da gledaju na televizijama sa nacionalnom frekvencijom. Stavljanje dece izme\u0111u dva izbora \u2013 rijaliti programa i nekakvih patriotskih paravojni\u010dkih kampova je opasno i vu\u010de za sobom nemerljive posledice po nove generacije. Niti postoji nekakav sadr\u017einski vakuum izme\u0111u ove dve ponude, niti ovakvo ili-ili postavljanje realnosti u bilo kom smislu ide u korist deci. Deca, takvim porukama koje im se \u0161alju, i sami preuzimaju ili-ili poziciju i kompleksne dru\u0161tvene fenomene \u010desto i gledaju crno belim: ako nisi sa nama, protiv nas si.<br \/>\nKo to zloupotrebljava decu<\/p>\n<p>Punih osam dana su deca i omladinci\/ke nesmetano proveli u tzv. patriotskom kampu. Ukupno trideset i \u010detiri de\u010daka i deset devoj\u010dica su pro\u0161la (nezavr\u0161enu) paravojnu obuku za razli\u010dite aktivnosti u razli\u010ditim \u201eekstremnim\u201c okolnostima. Uniformisani, sa zelenim beretkama, takti\u010dkim cipelama i ve\u017ebovnim pu\u0161kama, pi\u0161toljima i no\u017eevima.<\/p>\n<p>Pa ipak, ova slika predsedniku op\u0161tine koja je finansijski i tehni\u010dki podr\u017eala kamp obezbediv\u0161i im osnovne uslove za rad i boravak, ne predstavlja ni\u0161ta problemati\u010dno. Naprotiv, predsednik zabrinutost javnosti vidi kao jo\u0161 jedan u nizu obra\u010duna vlasti, odnosno predsednika dr\u017eave, sa njim, kako ka\u017ee jedinim opozicionim predsednikom op\u0161tine.<\/p>\n<p>\u201cMi ne\u0107emo zbog tih optu\u017ebi odustati, ve\u0107 \u0107emo se truditi da on postane tradicija, da deca nau\u010de ono \u0161to ne mogu kroz redovno \u0161kolovanje, prvenstveno da za\u0161tite sebe, svoju porodicu i da imaju svest o svojoj dr\u017eavi, rekao je Stamatovi\u0107.<\/p>\n<p>Nakon osam dana i brojnih novinskih natpisa, dr\u017eava je reagovala i kamp je zatvoren. Prema re\u010dima predsednika republike \u201eTakve stvari Srbija ne\u0107e tolerisati\u201c. A za\u0161to jeste toliko dugo pitali bi cinici.<\/p>\n<p>Da je zloupotreba dece po sredi nema nikakve dileme, samo ne treba biti naivan, deca su zloupotrebljena i od strane opozicionog predsednika male lokalne samouprave, koji je u konstantnom povuci-potegni sukobu sa vlastima oko pitanja ko profitira od rasprodaje zemlje na lokalu, i od strane dr\u017eave i njenih zvani\u010dnika. Obe strane decu zloupotrebljavaju, jedni im nude\u0107i navodno zdrav provod, dru\u017eenje i u\u010denje a drugi ih \u0161tite\u0107i, sude\u0107i po izjavama, samo od no\u0161enja uniformi. Indoktrinaciju i militarizaciju dece i otvoreni nacionalisti\u010dki diskurs niko ne pominje, niti kome od zvani\u010dnika smeta.<\/p>\n<p>A \u0161to bi im i smetalo, kada je celokupni obrazovni kurikulum, odobren od strane nadle\u017enog ministarstva, jednako nacionalisti\u010dki i predvojni\u010dki usmeren. Deca u \u0161kolama jednako u\u010de da je neophodno vra\u0107anje tradicionalnim, patrijarhalnim vrednostima, zadr\u017eavanju ratni\u010dkog sentimenta kada srpske zemlje i ognji\u0161ta napadnu neprijatelji srpskog naroda. Svi ti neprijatelji se menjaju, mogu biti spolja\u0161nji, ali mogu biti i sav onaj kukolj na\u0161eg nacionalnog bi\u0107a koji ispred nacionalne stave socijalnu pravdu.<\/p>\n<p>Da je mesto nacionalnog sentimenta jedno od najva\u017enijih u ukupnom vrednosnom sistemu govori plan i program obrazovanja koji se primenjuje u doma\u0107em \u0161kolstvu. Ideolo\u0161ko usmerenje istorijskih \u010dinjenica koje deca u\u010de u patriotskom kampu (a naslu\u0107ujemo ih opravdano na osnovu nacionalisti\u010dkog i militaristi\u010dkog karaktera kampa) nikako ne odstupa od zvani\u010dnog kurikuluma u \u0161kolama. Od raspada Jugoslavije obrazovni kurikulum se prilago\u0111ava ciljevima desni\u010darskih vlasti: od prekrajanja i falsifikovanja istorijskih \u010dinjenica, demonizacije socijalisti\u010dke pro\u0161losti i relativizacije fa\u0161izma, o \u010demu je ve\u0107 pisano, do \u201epatriotskog\u201c usmerenja vaspitanja dece primetnim u \u010ditankama i izboru knji\u017eevnosti na \u010dasovima maternjeg jezika. Namera \u0161kolske socijalizacije je da se deci prenese spremnost da se nacionalni interesi brane silom, a ne da se razvija ne samo kriti\u010dka svest, nego elementarna solidarnost.<\/p>\n<p>Neumerenim glorifikovanjem ratnog juna\u0161tva i nasilja kao jedinog na\u010dina da se o\u010duva nacionalna sloboda deci prenosimo automatski pozitivan stav prema ratni\u0161tvu i \u017ertvovanju \u017eivota za domovinu (a \u017ertvovanje svog \u017eivota je poslednji doprinos, onaj deo koji je samorazumljiv i pre\u0107utan je da pre svog \u017eivota treba \u017ertvovati vi\u0161e tu\u0111ih). Tako gajimo decu uvek spremnu da za srpsku stvar uzmu pu\u0161ku u ruke i \u201eda slu\u0161aju nare\u0111enja i komande\u201c umesto jedni druge.<\/p>\n<p>Na kraju, kamp jeste zatvoren. Dok predsednik dr\u017eave broji jeftino zara\u0111ene politi\u010dke poene o kampu izgovara: \u201eRoditelje molim da kada to i rade, ne rade u uniformama\u201c. A \u0161ta bi bilo da \u2013 uniformi nije bilo? Da uniformi nije bilo, ironi\u010dno, kamp bi bio samo dosledna vannastavna aktivnost srpskog \u0161kolstva, koji u potpunosti ide u pravcu zvani\u010dnih obrazovnih trendova, jednako nacionalisti\u010dki i predvojni\u010dki formulisanih. Ovako ispada da su javnost samo uniforme uzbunile.<\/p>\n<p>Ipak, ne treba da nas \u010dudi ni da se kamp slede\u0107e godine pojavi na nekom drugom mestu sa decom u novim uniformama skrojenim po njihovoj meri, koje su njihovi vr\u0161njaci na dualnom obrazovanju u nekoj fabrici sa\u0161ili. Tako jedne u\u010dimo da \u0107ute i rade a druge da \u0107ute i \u201ebrane\u201c. A za siroma\u0161tvo i generalno nikakav \u017eivotni standard mogu da opljunu po neki rijaliti.<\/p>\n<p><a href=\"http:\/\/www.masina.rs\/?p=7189\" target=\"_blank\" rel=\"noopener\">Ma\u0161ina<\/a><\/p>\n","protected":false},"excerpt":{"rendered":"<p>Celokupni obrazovni kurikulum, odobren od strane nadle\u017enog ministarstva, jednako nacionalisti\u010dki i predvojni\u010dki usmeren<\/p>\n","protected":false},"author":1,"featured_media":0,"comment_status":"open","ping_status":"closed","sticky":false,"template":"","format":"standard","meta":{"_seopress_robots_primary_cat":"","_seopress_titles_title":"","_seopress_titles_desc":"","_seopress_robots_index":"","_et_pb_use_builder":"","_et_pb_old_content":"","_et_gb_content_width":"","inline_featured_image":false,"footnotes":""},"categories":[5],"tags":[],"class_list":["post-252238","post","type-post","status-publish","format-standard","hentry","category-drugi-pisu"],"_links":{"self":[{"href":"https:\/\/www.pcnen.com\/portal\/wp-json\/wp\/v2\/posts\/252238","targetHints":{"allow":["GET"]}}],"collection":[{"href":"https:\/\/www.pcnen.com\/portal\/wp-json\/wp\/v2\/posts"}],"about":[{"href":"https:\/\/www.pcnen.com\/portal\/wp-json\/wp\/v2\/types\/post"}],"author":[{"embeddable":true,"href":"https:\/\/www.pcnen.com\/portal\/wp-json\/wp\/v2\/users\/1"}],"replies":[{"embeddable":true,"href":"https:\/\/www.pcnen.com\/portal\/wp-json\/wp\/v2\/comments?post=252238"}],"version-history":[{"count":0,"href":"https:\/\/www.pcnen.com\/portal\/wp-json\/wp\/v2\/posts\/252238\/revisions"}],"wp:attachment":[{"href":"https:\/\/www.pcnen.com\/portal\/wp-json\/wp\/v2\/media?parent=252238"}],"wp:term":[{"taxonomy":"category","embeddable":true,"href":"https:\/\/www.pcnen.com\/portal\/wp-json\/wp\/v2\/categories?post=252238"},{"taxonomy":"post_tag","embeddable":true,"href":"https:\/\/www.pcnen.com\/portal\/wp-json\/wp\/v2\/tags?post=252238"}],"curies":[{"name":"wp","href":"https:\/\/api.w.org\/{rel}","templated":true}]}}