{"id":251950,"date":"2018-08-21T07:00:15","date_gmt":"2018-08-21T05:00:15","guid":{"rendered":"http:\/\/www.pcnen.com\/portal\/?p=251950"},"modified":"2018-08-20T21:43:12","modified_gmt":"2018-08-20T19:43:12","slug":"svijet-lazi-ili-lazni-svijet","status":"publish","type":"post","link":"https:\/\/www.pcnen.com\/portal\/2018\/08\/21\/svijet-lazi-ili-lazni-svijet\/","title":{"rendered":"Svijet la\u017ei ili la\u017eni svijet"},"content":{"rendered":"<p><strong><img loading=\"lazy\" decoding=\"async\" class=\"alignleft size-medium wp-image-142889\" src=\"http:\/\/www.pcnen.com\/portal\/wp-content\/uploads\/2014\/04\/Tomislav-Jakic-300x218.jpg\" alt=\"\" width=\"300\" height=\"218\" \/>Autor: Tomislav Jaki\u0107<\/strong><\/p>\n<p>Re\u010de, nema tome davno, predsjednik Srbije Aleksandar Vu\u010di\u0107 kako je izjava velikog Nikole Tesle o tome da se ponosi srpskim rodom i hrvatskom domovinom \u2013 la\u017ena, da je to \u201ckomunisti\u010dka izmi\u0161ljotina\u201d.<\/p>\n<p>Re\u010de, ima tome ve\u0107 dobrih nekoliko mjeseci, predsjednica Hrvatske Kolinda Grabar Kitarovi\u0107 kako \u201cHrvatska i Rumunjska dijele zajedni\u010dko iskustvo \u017eivota iza \u017eeljezne zavjese\u201d.<\/p>\n<p>Re\u010de, a pro\u0161lo je od tada malo manje od pola godine, britanska premijerka Theresa May da je Rusija odgovorna za trovanje biv\u0161eg ruskog obavje\u0161tajca i njegove k\u0107erke na tlu Britanije, jer \u201cdrugog prihvatljivog obja\u0161njenja \u2013 nema\u201d.<\/p>\n<p>Re\u010de, evo ovih dana, utjecajna ameri\u010dka senatorica, kako se Rusija mije\u0161ala u ameri\u010dke predsjedni\u010dke izbore godine 2016. i kako \u0107e se mije\u0161ati i u izbore za polovicu \u010dlanova Senata i Predstavni\u010dkog doma ove jeseni.<\/p>\n<p>Re\u010de, a ima tome ve\u0107 vi\u0161e od desetlje\u0107a, ameri\u010dki ministar vanjskih poslova u Vije\u0107u sigurnosti Ujedinjenih naroda da Sjedinjene Dr\u017eave raspola\u017eu neporecivim dokazima o tome kako ira\u010dki diktator Sadam Husein proizvodi oru\u017eja masovnog uni\u0161tavanja koja su opasnost za cijeli svijet.<\/p>\n<p>I re\u010de, prije dobrih osam desetje\u0107a, zloglasni nacisti\u010dki ministar propagande, Joseph Goebbels, da sto puta ponovljena la\u017e postaje istinom. Za\u0161to sada Goebbels i kakve on ima veze s \u201cvelikanima\u201d na\u0161ega vremena? Odgovor je jednostavan. Zato, \u0161to svijet u kojemu \u017eivimo funkcionira upravo po receptu nacisti\u010dkog propagandiste. Mi, naime, \u017eivimo u svijetu la\u017ei koje prijete da cijeli svijet pretvore u \u2013 la\u017eni svijet, u takav \u2013 naime \u2013 u kojemu \u0107e la\u017e postati svakodnevna pojava, oprobano i prihva\u0107eno sredstvo vo\u0111enja politike i ubita\u010dni otrov \u0161to se putem main-stream medija i golemog broja dru\u0161tvenih mre\u017ea (ne svih!) slijeva u mozgove tzv. obi\u010dnih ljudi, onih \u0161to ih malo sofisticiranije nazivamo konzumentima informacija. Proces pretvaranja informacija u dezinformacije, zamjenjivanja povijesnih, na \u010dinjenicama i dokazima temeljenih istina s onime \u0161to se naziva \u201calternativnim \u010dinjenicama\u201d, ili jednostavno \u201cfake news\u201d, doveden je gotovo do samoga zavr\u0161etka. Gra\u0111anin \u201cobi\u010dni\u201d, bez obzira gdje \u017eivio, ali u zemljama zapadne demokracije i u tzv. tranzicijskim zemljama osobito, izvrgnut je plimi informacija i \u201cinformacija\u201d, zatrpan takvom gomilom efemernih i potpuno neva\u017enih podataka, da se u toj poplavi vijesti (koje to, objektivno, nisu) ne mo\u017ee vi\u0161e sna\u0107i. I ne mo\u017ee razlu\u010diti bitno od nebitnoga, pod pretpostavkom da mu ono bitno ve\u0107 u startu nije pre\u0161u\u0107eno. Ciljano ga se gura u smjeru estradizacije javnoga prostora, na podru\u010dje crne kronike i skandala svake vrste, kako bi mu u onome ostatku \u201cinformativnog kola\u010da\u201d bilo lak\u0161e servirati poluistine, dezinformacije i potpune la\u017ei. I kako bi ih on lak\u0161e prihvatio kao istinu.<\/p>\n<p>Podastiranje dokaza za izre\u010deno ili napisano, to pripada nekim drugim, prohujalim vremenima. Odgovornost za izre\u010denu ili napisanu rije\u010d, to je zaboravljena kategorija, a ako je se netko ipak jo\u0161 sjeti, suo\u010dit \u0107e se sa \u010dinjenicom da se ta odgovornost procjenjuje ne po onome \u0161to je re\u010deno ili napisano, nego po tome tko je to rekao ili napisao. Pa \u0107e hrvatska Predsjednica javno obznanjen poziv na \u201cubijanje novinara\u201d jednog internetskog portala proglasiti \u201cizra\u017eavanjem nezadovoljstva\u201d pisanjem toga portala (a nezadovoljan je branitelj), ba\u0161 kao \u0161to je nema tome tako dugo, prijetnje pripadnicima manjina (srpske, naravno) pripisala onome \u0161to oni rade (zlobnici bi rekli: tome \u0161to postoje), pa \u2013 eto \u2013 moraju ra\u010dunati i s takvim reakcijama.<\/p>\n<p>No, vratimo se po\u010detku ovoga teksta, ostavljaju\u0107i po strani povijesni revizionizam u odnosu na Drugi svjetski rat, jer to je pri\u010da za sebe. Zaklju\u010divati valja uvijek na temelju \u010dinjenica, a one izgledaju ovako. Primjer prvi: Teslina izjava o tome kako se ponosi srpskim rodom i hrvatskom domovinom, nije nikakva komunisti\u010dka izmi\u0161ljotina. Ona je autenti\u010dna, a sadr\u017eana je u Teslinom odgovoru na \u010destitku \u0161to mu je prigodom njegovog 80 ro\u0111endana uputio \u010delnik tada vrlo utjecajne Hrvatske selja\u010dke stranke (HSS), Vladko Ma\u010dek. Prvi ha-se-esovac pisao je, naime, kako mu se obra\u0107a \u201ckao sinu srpskoga roda i hrvatske domovine\u201d, na \u0161to je Tesla uzvratio rekav\u0161i da se ponosi i jednim i drugim. Gdje su tu komunisti, to valjda samo Vu\u010di\u0107 zna. Primjer drugi: Hrvatska i Rumunjska nikako ne mogu dijeliti zajedni\u010dka iskustva \u017eivota iza \u017eeljezne zavjese (tj u bloku dr\u017eava \u2013 sovjetskih satelita), jer dok je Rumunjska zaista bila iza \u017eeljezne zavjese, Hrvatska je \u2013 kao dio samostalne Jugoslavije \u2013 \u017eivjela, razvijala se i napredovala s one druge strane te zavjese. \u0160to KGK vrlo dobro zna iz vlastitoga iskustva, jer je ona iz te Jugoslavije poslana na \u0161kolovanje u Sjedinjene Dr\u017eave, \u0161to se nekoj njezinoj tada\u0161njoj vr\u0161njakinji iz Rumunjske ni slu\u010dajno nije moglo dogoditi. Primjer tre\u0107i: tko stoji iza trovanja biv\u0161eg sovjetskog obavje\u0161tajca i njegove k\u0107erke u Britaniji, pouzdano se ne zna do dana dana\u0161njega. Osim \u0161to je sada svima koji to \u017eele znati savr\u0161eno jasno, kako bojnim otrovom tipa \u201cnovi\u010dok\u201d (razvijenim u osamdesetim godinama u Sovjetskom Savezu) raspola\u017eu (i eksperimentiraju) i neke zapadne zemlje. Predsjednik \u010ce\u0161ke to je javno priznao! A tvrditi da je ne\u0161to naprosto tako, jer \u201cdrugog prihvatljivog obja\u0161njenja nema\u201d u najmanju je ruku neozbiljno, dok je prihva\u0107anje te tvrdnje krajnje opasno, \u0161to potvr\u0111uje i najava novih \u201cpaklenih\u201d ameri\u010dkih sankcija protiv Rusije, a sve zbog (nerazja\u0161njenog) trovanja Skripalovih. Primjer \u010detvrti: optu\u017ebe da se Rusija mije\u0161ala u ameri\u010dke predsjedni\u010dke izbore 2016. i da \u0107e se mije\u0161ati u predstoje\u0107e parlamentarne izbore, tako\u0111er nikada i ni sa \u010dime nisu dokazane, osim ako se kao \u201cdokaz\u201d uzmu izvje\u0161taji ameri\u010dkih obavje\u0161tajnih slu\u017ebi koji vrve izrazima poput \u201csmatramo\u201d, \u201cuvjereni smo da\u201d, \u201czaklju\u010dujemo\u201d, \u201csve govori u prilog tome, da\u201d. Mada \u010dvrstih, opipljivih dokaza nema, ta je optu\u017eba postala op\u0107im mjestom u raspravama o odnosima Istok \u2013 Zapad. Primjer peti: Sadam Husein je mo\u017eda u neko vrijeme i imao planove za prozvodnju oru\u017eja masovnog uni\u0161tavanja, ali Irak takvo oru\u017eje nije ni u jednome trenutku proizvodio, niti su Amerikanci \u2013 kada su sa svojom \u201ckoalicijom voljnih\u201d \u2013 okupirali Irak na\u0161li i jedan jedini dokaz \u0161to bi opravdao vojnu operaciju \u010diji je rezultat, doslovno, uni\u0161tenje jedne zemlje i trajna destabilizacija Srednjega istoka.<\/p>\n<p>Pa bismo tu iz recentne povijesti mogli jo\u0161 dodati Libiju i Siriju, svakako i Ukrajinu, a iz one malo dalje \u2013 Vijetnam, \u010cile, Panamu. Primjera na pretek, a svi oni potvr\u0111uju osnovnu tezu, da se u me\u0111unarodnim odnosima, nakon \u0161to su sustavno i ciljano sru\u0161eni temelji na kojima su se oni desetlje\u0107ima zasnivali, svjesno (i neka\u017enjeno) la\u017ee i obmanjuje. Nerijetko, u osnovi je tih la\u017ei antikomunizam, odnosno borba protiv komunizma (kojega niti gdje ima, niti ga je ikada bilo), protiv same ideje komunizma (utopije \u0161to je po svojoj prirodi neizrecivo privla\u010dna potla\u010denima, obespravljenima i izrabljivanima, a time i smrtna opasnost za liberalni kapitalizam i imperijalizam), pa onda i protiv \u201costataka komunisti\u010dkog mentaliteta\u201d.<\/p>\n<p>Dana\u0161nji antikomunizam naslanja se na onaj iz vremena neposredno nakon Drugoga svjetskog rata, ba\u0161 kao \u0161to je i politika \u201cobuzdavanja\u201d Rusije koju se vodi \u0161irenjem Atlantskoga pakta prema njezinim granicama, kopija istoimene politike iz razdoblja hladnoga rata. Putin, dodu\u0161e, nije Staljin, niti je dana\u0161nja Rusija isto \u0161to i onda\u0161nji Sovjetski Savez. No, to o\u010dito malo koga zanima. Ba\u0161 kao ni \u010dinjenica da se borba za demokraciju i ljudska prava sve \u010de\u0161\u0107e i bezobzirnije pretvara u sredstvo uspostavljanja utjecaja i prevlasti onih koji su zaklju\u010dili, ma kako to pogre\u0161no bilo, da su padom Belinskog zida izvojevali povijesnu pobjedu i da su njihova dana\u0161nja (ne)djela samo ubiranje plodova te pobjede. U svijetu la\u017ei na to (a to jest istina), malo se tko obazire. Osim onih sve rje\u0111ih koji poku\u0161avaju, ali sve slabijim glasom, uzviknuti: \u201cCar je gol\u201d. Da, car jest gol i, da, mi \u017eivimo u svijetu la\u017ei koji se pretvara u la\u017eni svijet. I? Jedini je odgovor: Joseph Goebbels napokon je pobijedio, pune 73 godine nakon \u0161to se ubio usred ru\u0161evina Hitlerove \u201cReichskancelarije\u201d u Berlinu. A Goebbels je bio \u2026?<\/p>\n<p><a href=\"http:\/\/www.tacno.net\/novosti\/svijet-lazi-ili-lazni-svijet\/\">Ta\u010dno<\/a><\/p>\n","protected":false},"excerpt":{"rendered":"<p>Dana\u0161nji antikomunizam naslanja se na onaj iz vremena neposredno nakon Drugoga svjetskog rata, ba\u0161 kao \u0161to je i politika \u201cobuzdavanja\u201d Rusije koju se vodi \u0161irenjem Atlantskoga pakta prema njezinim granicama, kopija istoimene politike iz razdoblja hladnoga rata.<\/p>\n","protected":false},"author":1,"featured_media":0,"comment_status":"open","ping_status":"closed","sticky":false,"template":"","format":"standard","meta":{"_seopress_robots_primary_cat":"","_seopress_titles_title":"","_seopress_titles_desc":"","_seopress_robots_index":"","_et_pb_use_builder":"","_et_pb_old_content":"","_et_gb_content_width":"","inline_featured_image":false,"footnotes":""},"categories":[5],"tags":[],"class_list":["post-251950","post","type-post","status-publish","format-standard","hentry","category-drugi-pisu"],"_links":{"self":[{"href":"https:\/\/www.pcnen.com\/portal\/wp-json\/wp\/v2\/posts\/251950","targetHints":{"allow":["GET"]}}],"collection":[{"href":"https:\/\/www.pcnen.com\/portal\/wp-json\/wp\/v2\/posts"}],"about":[{"href":"https:\/\/www.pcnen.com\/portal\/wp-json\/wp\/v2\/types\/post"}],"author":[{"embeddable":true,"href":"https:\/\/www.pcnen.com\/portal\/wp-json\/wp\/v2\/users\/1"}],"replies":[{"embeddable":true,"href":"https:\/\/www.pcnen.com\/portal\/wp-json\/wp\/v2\/comments?post=251950"}],"version-history":[{"count":0,"href":"https:\/\/www.pcnen.com\/portal\/wp-json\/wp\/v2\/posts\/251950\/revisions"}],"wp:attachment":[{"href":"https:\/\/www.pcnen.com\/portal\/wp-json\/wp\/v2\/media?parent=251950"}],"wp:term":[{"taxonomy":"category","embeddable":true,"href":"https:\/\/www.pcnen.com\/portal\/wp-json\/wp\/v2\/categories?post=251950"},{"taxonomy":"post_tag","embeddable":true,"href":"https:\/\/www.pcnen.com\/portal\/wp-json\/wp\/v2\/tags?post=251950"}],"curies":[{"name":"wp","href":"https:\/\/api.w.org\/{rel}","templated":true}]}}