{"id":251896,"date":"2018-08-20T08:28:21","date_gmt":"2018-08-20T06:28:21","guid":{"rendered":"http:\/\/www.pcnen.com\/portal\/?p=251896"},"modified":"2018-08-20T08:28:21","modified_gmt":"2018-08-20T06:28:21","slug":"kraj-madarske-demokracije","status":"publish","type":"post","link":"https:\/\/www.pcnen.com\/portal\/2018\/08\/20\/kraj-madarske-demokracije\/","title":{"rendered":"Kraj ma\u0111arske demokracije"},"content":{"rendered":"<p><strong>Pi\u0161e: Samuel Salzborn<\/strong><\/p>\n<p><img loading=\"lazy\" decoding=\"async\" class=\"alignleft size-medium wp-image-133233\" src=\"http:\/\/www.pcnen.com\/portal\/wp-content\/uploads\/2013\/12\/diskriminacija-300x225.jpg\" alt=\"\" width=\"300\" height=\"225\" \/>Otkad je u svibnju 2010. Viktor Orb\u00e1n postao premijer Ma\u0111arske, on i njegova stranka Fidesz \u2013 Ma\u0111arski gra\u0111anski savez (Fidesz-MPSZ) po\u010dinju trajno mijenjati politi\u010dki sustav ove zemlje.<\/p>\n<p>Sudjelovanje u demokratskim procesima uvelike je ograni\u010deno. Orban i njegovi suradnici za cilj imaju boriti se protiv (liberalnog) pojedinca, a za (etni\u010dki) kolektiv. Za njih ne postoji individualno ljudsko bi\u0107u kao subjekt, nego ljudsko bi\u0107e kao dio vrlo specifi\u010dne kulturne zajednice. \u201c\u017durnal za demokraciju\u201d jo\u0161 2012. govorio je o \u201cma\u0111arskom neliberalnom zaokretu\u201d, koriste\u0107i vlastiti propagandni izraz ma\u0111arskih vlasti \u2013 \u201cneliberalna demokracija\u201d. Danas pak moramo ustvrditi da Ma\u0111arska vi\u0161e uop\u0107e ne bi trebala biti shva\u0107ena kao demokratska zemlja. \u0160tovi\u0161e, proces ru\u0161enja demokracije mo\u017ee se razumjeti samo ako se shvati da dvije radikalne desni\u010darske stranke, Fidesz i Jobbik Magyarorsz\u00e1ger\u0151 Mozgalom (Pokret za bolju Ma\u0111arsku), djeluju tako da zapravo dijele politi\u010dke zadatke.<\/p>\n<p>Radikalizacija Fideza, osnovanog 1988. godine mo\u017ee se shvatiti samo u kontekstu odnosa s Jobbikom, osnovanim 2003. To je zato \u0161to Fidesz i Jobbik prakticiraju de facto podjelu poslova u ma\u0111arskoj politici. Naime, dok Fidesz predvodi u demontiranju demokratskih struktura Ma\u0111arske u ustavnim i pravnim normama, na taj na\u010din pretvaraju\u0107i Ma\u0111arsku u nacionalisti\u010dku diktaturu, Jobbik promovira rasisti\u010dku, anti-romsku i antisemitsku borbu protiv demokracije- na ulici. To rade, izme\u0111u ostalog, napadima i protjerivanjem besku\u0107nika.<\/p>\n<p>Kao \u0161to sam ve\u0107 ustvrdio na drugome mjestu, s ove dvije stranke Ma\u0111arska je odustala od demokracije i pretvorila se u diktaturu. To je osobito slu\u010daj s Fideszovom ogromnom ve\u0107inom u parlamentu ali i novim ustavom, izmjenama Zakona o dr\u017eavljanstvu i izbornom zakonu, te ograni\u010davaju\u0107im medijskim zakonima koji dopu\u0161taju razne oblike cenzure. Ovo posljednje temelji se na op\u0107im zakonskim odredbama i primjetno je ograni\u010dilo slobodu medija. Osim toga, u slu\u017ebenom nazivu dr\u017eave izbrisana je rije\u010d \u201crepublika\u201d.<\/p>\n<p>Novi ma\u0111arski ustav temelji se na etni\u010dkom razumijevanju nacije, dok su manjine isklju\u010dene. Zemlju vra\u0107a u mra\u010dne europske godine prije Drugog svjetskog rata gdje se slave samo obitelj, \u010dast i rad. Mit i Bog dobivaju ustavni status dok su ovlasti pravosu\u0111a na ustavnoj razini u velikoj mjeri ograni\u010dene.<\/p>\n<p>Ove zakonske promjene obuhva\u0107aju eksplicitno etni\u010dke pretpostavke. One su znatno oja\u010dale mo\u0107 vladaju\u0107ih stranaka i drasti\u010dno ograni\u010dile prava oporbe. Obje vladaju\u0107e stranke privr\u017eene su svojevrsnom \u2018rekalibriranju politike\u2019. Svoje politike uvelike temelje na predmodernim religijskim tradicijama a Jobbik, kao izri\u010dito antisemitska stranka, referira se i na fa\u0161isti\u010dke tradicije u govorima, simbolima i ritualima, kao i na pro-nacisti\u010dku Ma\u0111arsku pod Mikl\u00f3som Horthyem.<\/p>\n<p>Iz ovoga se vidi da je liberalna demokracija postala zakleti neprijatelj Fideza i Jobbika. Antiameri\u010dki i antieuropski (ili barem anti-EU) stav, u kombinaciji s pro-ruskom orijentacijom dodatno povezuje obje stranke. \u0160tovi\u0161e, obje djeluju izrazito nacionalisti\u010dki, instrumentaliziraju\u0107i tzv. \u201cprekograni\u010dne Ma\u0111are\u201d u Rumunjskoj i Austriji. To \u010dine kako zakonima tako i u politici, s ciljem da oja\u010daju svoje ambicije i ideju \u201eVelike Ma\u0111arske\u201c te da si pove\u0107aju broj potencijalnih prista\u0161a na izborima. Kombiniraju nacionalisti\u010dke i imperijalno-aneksisti\u010dke principe: u slu\u010daju Jobbika izravnim referencama na fa\u0161isti\u010dke i nacionalsocijalisti\u010dke modele a u slu\u010daju Fideza vi\u0161e na tradicije \u2018Katoli\u010dkog carstva Ma\u0111ara\u2019 \u2013 nacionalisti\u010dki definiran etni\u010dki narod u uskoro o\u017eivljenoj Magyar Kir\u00e1lys\u00e1g (\u201cMa\u0111arskoj kraljevini\u201d). Pored svoje autokratsko-aristokratske dimenzije, ova tradicija ima i jasnu etni\u010dku konotaciju \u2013 ma\u0111arsku kulturu koja se prote\u017ee na vi\u0161e od tisu\u0107u godina, od 9. stolje\u0107a.<\/p>\n<p>Razlike izme\u0111u Fideza i Jobbika mogu se prona\u0107i prije svega u \u2018strate\u0161kom zauzimanju\u2019 tematskih podru\u010dja: Jobbik \u010desto formulira radikalne antidemokratske ideje koje Fidesz onda provodi u djelo. U doma\u0107oj politici, Jobbik ispunjava funkciju seizmografa za Fidesz. Oni pokazuju koliko manevarskog prostora ima za nacionalisti\u010dko dokidanje demokracije, te na kako radikalan na\u010din se ma\u0111arski nacionalisti\u010dki ideali mogu provesti u djelo uli\u010dnim djelovanjem.<\/p>\n<p><a href=\"https:\/\/digitalnademokracija.com\/2018\/08\/16\/samuel-salzborn-kraj-madarske-demokracije\/\">Digitalnademokracija.com<\/a>\/ <a href=\"https:\/\/www.opendemocracy.net\/can-europe-make-it\/samuel-salzborn\/hungary-and-end-of-democracy\">Open Democracy<\/a><\/p>\n","protected":false},"excerpt":{"rendered":"<p>Novi ma\u0111arski ustav temelji se na etni\u010dkom razumijevanju nacije, dok su manjine isklju\u010dene. Zemlju vra\u0107a u mra\u010dne europske godine prije Drugog svjetskog rata<\/p>\n","protected":false},"author":1,"featured_media":0,"comment_status":"open","ping_status":"closed","sticky":false,"template":"","format":"standard","meta":{"_seopress_robots_primary_cat":"","_seopress_titles_title":"","_seopress_titles_desc":"","_seopress_robots_index":"","_et_pb_use_builder":"","_et_pb_old_content":"","_et_gb_content_width":"","inline_featured_image":false,"footnotes":""},"categories":[5],"tags":[],"class_list":["post-251896","post","type-post","status-publish","format-standard","hentry","category-drugi-pisu"],"_links":{"self":[{"href":"https:\/\/www.pcnen.com\/portal\/wp-json\/wp\/v2\/posts\/251896","targetHints":{"allow":["GET"]}}],"collection":[{"href":"https:\/\/www.pcnen.com\/portal\/wp-json\/wp\/v2\/posts"}],"about":[{"href":"https:\/\/www.pcnen.com\/portal\/wp-json\/wp\/v2\/types\/post"}],"author":[{"embeddable":true,"href":"https:\/\/www.pcnen.com\/portal\/wp-json\/wp\/v2\/users\/1"}],"replies":[{"embeddable":true,"href":"https:\/\/www.pcnen.com\/portal\/wp-json\/wp\/v2\/comments?post=251896"}],"version-history":[{"count":0,"href":"https:\/\/www.pcnen.com\/portal\/wp-json\/wp\/v2\/posts\/251896\/revisions"}],"wp:attachment":[{"href":"https:\/\/www.pcnen.com\/portal\/wp-json\/wp\/v2\/media?parent=251896"}],"wp:term":[{"taxonomy":"category","embeddable":true,"href":"https:\/\/www.pcnen.com\/portal\/wp-json\/wp\/v2\/categories?post=251896"},{"taxonomy":"post_tag","embeddable":true,"href":"https:\/\/www.pcnen.com\/portal\/wp-json\/wp\/v2\/tags?post=251896"}],"curies":[{"name":"wp","href":"https:\/\/api.w.org\/{rel}","templated":true}]}}