{"id":251638,"date":"2018-08-15T12:24:47","date_gmt":"2018-08-15T10:24:47","guid":{"rendered":"http:\/\/www.pcnen.com\/portal\/?p=251638"},"modified":"2018-08-15T14:07:56","modified_gmt":"2018-08-15T12:07:56","slug":"austrija-makroi-i-placeni-ubice-moraju-da-placaju-porez","status":"publish","type":"post","link":"https:\/\/www.pcnen.com\/portal\/2018\/08\/15\/austrija-makroi-i-placeni-ubice-moraju-da-placaju-porez\/","title":{"rendered":"Austrija: Makroi i pla\u0107eni ubice moraju da pla\u0107aju porez"},"content":{"rendered":"<p><img loading=\"lazy\" decoding=\"async\" class=\"alignleft size-medium wp-image-140048\" src=\"http:\/\/www.pcnen.com\/portal\/wp-content\/uploads\/2014\/03\/finansijski-kriminal-300x199.jpg\" alt=\"\" width=\"300\" height=\"199\" \/>I kriminalci moraju da pla\u0107aju porez u Austriji, a visina poreza se odre\u0111uje na osnovu visine utajenog novca, presudio je nedavno sud u Austriji.<\/p>\n<p>Finansijskim vlastima su svi u obavezi da pla\u0107aju porez bilo da su stekli legalno ili nelegalno prihode, jer bi pravljenje razlike dovelo do neravnopravnog tretmana gra\u0111ana, prenosi Tanjug.<\/p>\n<p>Taj stav ide tako daleko da je i makro, koji je silom tjerao \u017eene na prostituciju, bio suo\u010den sa sudskim postupkom zbog utaje poreza.<\/p>\n<p>Primjena sile za poreske vlasti nema nikakve veze, jer njih samo zanima djelatnost kojom se bavio, a to je prostitucija koja je legalizovana.<\/p>\n<p>U nedavnom su\u0111enju pred sudom u Kornojburgu je jedan poslovni \u010dovjek, koji je ve\u0107 osu\u0111en za prevaru, osu\u0111en i na finansijsku kaznu u visini od 50.000 eura, zbog utaje poreza na novac koji je nelegalno stekao.<\/p>\n<p>Finansijska prevara i utaja u ve\u0107ini slu\u010daja podlije\u017eu pla\u0107anju poreza, a poreske vlasti redovno pokre\u0107u su\u0111enja u ovakvim slu\u010dajevima.<\/p>\n<p>Od poreza po\u0161te\u0111eni su plja\u010dka i provala, jer se smatra da se ne radi o uobi\u010dajenim poslovima.<\/p>\n<p>\u0160to je zanimljivo, kada je rije\u010d o ubistvu po nalogu, savezni finansijski sud zastupa stav da je ubica du\u017ean da plati porez, jer je sklopio poslovni dogovor.<\/p>\n","protected":false},"excerpt":{"rendered":"<p>Savezni finansijski sud zastupa stav da je ubica du\u017ean da plati porez, jer je sklopio poslovni dogovor<\/p>\n","protected":false},"author":1,"featured_media":0,"comment_status":"open","ping_status":"closed","sticky":false,"template":"","format":"standard","meta":{"_seopress_robots_primary_cat":"","_seopress_titles_title":"","_seopress_titles_desc":"","_seopress_robots_index":"","_et_pb_use_builder":"","_et_pb_old_content":"","_et_gb_content_width":"","inline_featured_image":false,"footnotes":""},"categories":[14,12],"tags":[],"class_list":["post-251638","post","type-post","status-publish","format-standard","hentry","category-vijesti","category-prica-dana"],"_links":{"self":[{"href":"https:\/\/www.pcnen.com\/portal\/wp-json\/wp\/v2\/posts\/251638","targetHints":{"allow":["GET"]}}],"collection":[{"href":"https:\/\/www.pcnen.com\/portal\/wp-json\/wp\/v2\/posts"}],"about":[{"href":"https:\/\/www.pcnen.com\/portal\/wp-json\/wp\/v2\/types\/post"}],"author":[{"embeddable":true,"href":"https:\/\/www.pcnen.com\/portal\/wp-json\/wp\/v2\/users\/1"}],"replies":[{"embeddable":true,"href":"https:\/\/www.pcnen.com\/portal\/wp-json\/wp\/v2\/comments?post=251638"}],"version-history":[{"count":0,"href":"https:\/\/www.pcnen.com\/portal\/wp-json\/wp\/v2\/posts\/251638\/revisions"}],"wp:attachment":[{"href":"https:\/\/www.pcnen.com\/portal\/wp-json\/wp\/v2\/media?parent=251638"}],"wp:term":[{"taxonomy":"category","embeddable":true,"href":"https:\/\/www.pcnen.com\/portal\/wp-json\/wp\/v2\/categories?post=251638"},{"taxonomy":"post_tag","embeddable":true,"href":"https:\/\/www.pcnen.com\/portal\/wp-json\/wp\/v2\/tags?post=251638"}],"curies":[{"name":"wp","href":"https:\/\/api.w.org\/{rel}","templated":true}]}}