{"id":251343,"date":"2018-08-10T08:03:03","date_gmt":"2018-08-10T06:03:03","guid":{"rendered":"http:\/\/www.pcnen.com\/portal\/?p=251343"},"modified":"2019-10-09T23:17:35","modified_gmt":"2019-10-09T21:17:35","slug":"apaticna-vrelina","status":"publish","type":"post","link":"https:\/\/www.pcnen.com\/portal\/2018\/08\/10\/apaticna-vrelina\/","title":{"rendered":"Apati\u010dna vrelina"},"content":{"rendered":"<p>Najzad su po\u010dele ljetnje vru\u0107ine. Ljeto na kraju pokazuje svoje uobi\u010dajeno i pravo lice. Turizam &#8211; prakti\u010dno jedina privredna grana Crne Gore \u0107e mo\u017eda tek ovih dvadesetak dana \u017eivnuti. A \u017eivjeti se od dvadestak dana turisti\u010dke sezone ne mo\u017ee. Iako nam je prije petnaestak godina predsjednik Udru\u017eenja hotelijera, \u010duveni \u201esuvlasnik Splendida\u201c \u017darko Radulovi\u0107, poru\u010divao: \u201epustite nas da radimo hotele visoke kategorije bez dozvole i obe\u0107avam vam da za deset godina nijedan Crnogorac ne\u0107e trebati da radi a svi \u0107e imati hiljadu maraka platu\u201c!<\/p>\n<p>Da, dobro ste pro\u010ditali. To je bila izjava na\u0161eg \u201enajve\u0107eg stru\u010dnjaka\u201c u oblasti hotelijerstva i turizma.<\/p>\n<p>Ali mi se ne sje\u0107amo ni \u0161to je ju\u010de bilo, zato nam se permanentno de\u0161avaju stvari za rubriku \u201evjerovali ili ne\u201c. Zato smo smjene u Savjetu RTCG a potom i tzv. Javnom servisu stoi\u010dki o\u0107utali, zato smo bez trunke protesta pristali da nam novi-stari direktor policije bude Veselin Veljovi\u0107.<\/p>\n<p>Ako Veljovi\u0107 ne pohapsi napada\u010de na Oliveru Laki\u0107 ne\u0107e niko. Ili odgovrne za ratne zlo\u010dine, korupciju i kriminal. Jer je on poznati i prepoznat borac upravo protiv navedenog!<\/p>\n<p>Mi smo, ina\u010de, dru\u0161tvo \u010diji gra\u0111ani tj.podanici o\u010dekuju da \u0107e do promjena do\u0107i kada vlast po\u010dne hapsiti samu sebe. I to vlast koja se ne mijenja 30 godina a konstitui\u0161e se nakon uvijek neregularnih i pokradenih izbora.<\/p>\n<p>I EU je tu da nam pomogne.<\/p>\n<p>Reko\u0161e li iz EK da zahtjevaju politi\u010dke i pravne konsekvence za aferu \u201eSnimak\u201c? Koliko je pro\u0161lo od tada? Ima li \u201epoliti\u010dkih i pravnih konsekvenci\u201c?<\/p>\n<p>A da, Jeli\u0107 je snosio i pravne i politi\u010dke konsekvence!<\/p>\n<p>Re\u010de li Han poslije ranjavanja Laki\u0107ke da tra\u017ei i o\u010dekuje hitno otkrivanje i ka\u017enjavanje po\u010dinilaca i nalogodavaca?<\/p>\n<p>Vlast je na to odgovorila Hanu postavljanjem Veljovi\u0107a za direktora policije. Niko, mnogi misle, bolje od njega nije upu\u0107en ko bi mogao biti napada\u010d i nalogodavac ranjavanja Laki\u0107ke.<\/p>\n<p>No, da se vratim &#8211; zadu\u017eivanju. O kojem niko ne misli.<\/p>\n<p>Iz duga u dug, iz reprograma u reprogram. 1,5 milona euri\u0107a nam dnevno fali. A rasprodali smo sve. To jest \u201evalorizovali\u201c. Aerodromi su nam jedan od rijetkih resursa koji su nam preostali. Oni su slede\u0107i. Ve\u0107 smo u potrazi za strate\u0161kim partnerom.<\/p>\n<p>\u010cudo su na\u0161i strate\u0161ki partneri. Pogotovo oni iz kruga porodice i bliskih prijatelja.<\/p>\n<p>Opet zalutah. Ho\u0107u da pi\u0161em o ljetu i apatiji, a pi\u0161em o svemu drugom. \u0160to jeste povezano sa sve ve\u0107om apatijom, ali sa ljetom &#8211; ne.<\/p>\n<p>Sa ljetom je povezana samo \u0161utnja i totalna neaktivnost tzv.opozicije koja je, valjda, na malo du\u017eem odmoru. Ali aktivira\u0107e se i oni. Ve\u0107 po\u010dinju. Na idenditetskim pitanjima. Da prekinu na\u0161u apatiju i skrenu nam misli sa nepodno\u0161ljivog stanja u kojem se nalazimo, bijede i neizvjesnosti, a na sve drugo manje va\u017eno i bitno. Ali je to upravo ono na \u0161to ovakva opozicija i vlast decenijama opstaju: crkva, zastava, jezik, obespravljenost nacije&#8230;<\/p>\n<p>Ko \u0107e o ekonomiji, dugu koji astronomski raste, op\u0161tem siroma\u0161tvu i nema\u0161tini, nepravnoj dr\u017eavi, pravima obi\u010dnog a pokornog gra\u0111anina?<br \/>\nNi njih vi\u0161e nema. Gra\u0111ana, mislim. Onih koji su spremni da se suprostave i bore. Pojedeni su. \u0160to prelaskom u apatiju zbog gubitka svake nade, \u0161to op\u0161tom klimom u kojim po takvim svako udara i niko im ne pru\u017ea podr\u0161ku. Pojedina\u010dno i bez li\u010dnog interesa bore se jo\u0161 samo budale \u2013 op\u0161te je mi\u0161ljenje i konstatacija.<\/p>\n<p>\u010cekajmo da nam stanje promijene postoje\u0107e politi\u010dke partije pozicije i opozicije, Brisel i Va\u0161ington. Na\u0161e je da sjedimo ku\u0107i, razmi\u0161ljamo o priremi djece za \u0161kolu, pripremi drva za ogrijev, ra\u010dunima i Javnim izvr\u0161iteljima koji nam svako malo kucaju na vrata.<\/p>\n<p>Bolje je i izvr\u0161ti samoubistvo nego se boriti. Zato su nam pored ubistva i samoubistva postala svakodnevna. Mirimo se sa apatijom i bezna\u0111em. Ili kao lijek prihvatimo ekstremni nacionalizam.<\/p>\n<p>Mladi populisti i nacionalisti su u zamahu. Da zamijene stare i ve\u0107 istro\u0161ene. Fali nam jo\u0161 samo to: da konstantan dim i iskri\u010denje pre\u0111e u nekontrolisani po\u017ear, i iz jedne anarhije pre\u0111emo u drugu.<\/p>\n<p>Iz kontrolisane anarhije proizvedene nekontolisanom vla\u0161\u0107u pojedinaca pre\u0111emo u anarhiju koju bi stvorila decenijama obespravljivana, neobuzdane rulja koja odjednom eksplodira.<\/p>\n","protected":false},"excerpt":{"rendered":"<p>Pi\u0161e: Omer \u0160ARKI\u0106<\/p>\n","protected":false},"author":12,"featured_media":0,"comment_status":"open","ping_status":"closed","sticky":false,"template":"","format":"standard","meta":{"_seopress_robots_primary_cat":"","_seopress_titles_title":"","_seopress_titles_desc":"","_seopress_robots_index":"","_et_pb_use_builder":"","_et_pb_old_content":"","_et_gb_content_width":"","inline_featured_image":false,"footnotes":""},"categories":[17],"tags":[],"class_list":["post-251343","post","type-post","status-publish","format-standard","hentry","category-blogovi"],"_links":{"self":[{"href":"https:\/\/www.pcnen.com\/portal\/wp-json\/wp\/v2\/posts\/251343","targetHints":{"allow":["GET"]}}],"collection":[{"href":"https:\/\/www.pcnen.com\/portal\/wp-json\/wp\/v2\/posts"}],"about":[{"href":"https:\/\/www.pcnen.com\/portal\/wp-json\/wp\/v2\/types\/post"}],"author":[{"embeddable":true,"href":"https:\/\/www.pcnen.com\/portal\/wp-json\/wp\/v2\/users\/12"}],"replies":[{"embeddable":true,"href":"https:\/\/www.pcnen.com\/portal\/wp-json\/wp\/v2\/comments?post=251343"}],"version-history":[{"count":0,"href":"https:\/\/www.pcnen.com\/portal\/wp-json\/wp\/v2\/posts\/251343\/revisions"}],"wp:attachment":[{"href":"https:\/\/www.pcnen.com\/portal\/wp-json\/wp\/v2\/media?parent=251343"}],"wp:term":[{"taxonomy":"category","embeddable":true,"href":"https:\/\/www.pcnen.com\/portal\/wp-json\/wp\/v2\/categories?post=251343"},{"taxonomy":"post_tag","embeddable":true,"href":"https:\/\/www.pcnen.com\/portal\/wp-json\/wp\/v2\/tags?post=251343"}],"curies":[{"name":"wp","href":"https:\/\/api.w.org\/{rel}","templated":true}]}}