{"id":251163,"date":"2018-08-07T06:00:30","date_gmt":"2018-08-07T04:00:30","guid":{"rendered":"http:\/\/www.pcnen.com\/portal\/?p=251163"},"modified":"2018-08-06T22:49:17","modified_gmt":"2018-08-06T20:49:17","slug":"generalima-ordenje-zrtvama-ni-priznanje","status":"publish","type":"post","link":"https:\/\/www.pcnen.com\/portal\/2018\/08\/07\/generalima-ordenje-zrtvama-ni-priznanje\/","title":{"rendered":"Generalima ordenje, \u017ertvama ni priznanje"},"content":{"rendered":"<p><strong><img loading=\"lazy\" decoding=\"async\" class=\"alignleft size-medium wp-image-202332\" src=\"http:\/\/www.pcnen.com\/portal\/wp-content\/uploads\/2016\/04\/stjepanovic-nemanja-300x220.jpg\" alt=\"\" width=\"300\" height=\"220\" srcset=\"https:\/\/www.pcnen.com\/portal\/wp-content\/uploads\/2016\/04\/stjepanovic-nemanja-300x220.jpg 300w, https:\/\/www.pcnen.com\/portal\/wp-content\/uploads\/2016\/04\/stjepanovic-nemanja-580x425.jpg 580w, https:\/\/www.pcnen.com\/portal\/wp-content\/uploads\/2016\/04\/stjepanovic-nemanja-450x330.jpg 450w, https:\/\/www.pcnen.com\/portal\/wp-content\/uploads\/2016\/04\/stjepanovic-nemanja-480x352.jpg 480w, https:\/\/www.pcnen.com\/portal\/wp-content\/uploads\/2016\/04\/stjepanovic-nemanja-235x172.jpg 235w, https:\/\/www.pcnen.com\/portal\/wp-content\/uploads\/2016\/04\/stjepanovic-nemanja-75x55.jpg 75w, https:\/\/www.pcnen.com\/portal\/wp-content\/uploads\/2016\/04\/stjepanovic-nemanja-350x257.jpg 350w, https:\/\/www.pcnen.com\/portal\/wp-content\/uploads\/2016\/04\/stjepanovic-nemanja-220x161.jpg 220w, https:\/\/www.pcnen.com\/portal\/wp-content\/uploads\/2016\/04\/stjepanovic-nemanja-90x65.jpg 90w, https:\/\/www.pcnen.com\/portal\/wp-content\/uploads\/2016\/04\/stjepanovic-nemanja.jpg 600w\" sizes=\"(max-width: 300px) 100vw, 300px\" \/>Pi\u0161e: Nemanja Stjepanovi\u0107<\/strong><\/p>\n<p>Pro\u0161lo je 23 godine od operacije Oluja, ali o tome \u0161ta se tada desilo, \u0161ta je bio cilj te operacije i kakve su njene posledice \u2013 izme\u0111u Hrvatske i Srbije nema ni minimuma konsenzusa. Za jedne je Oluja samo oslobodila\u010dka, za druge samo zlo\u010dina\u010dka operacija. Nekada zara\u0107ene strane danas su, makar u vezi sa tim \u0161ta se u ratu de\u0161avalo, i dalje posva\u0111ane. Za to vreme, srpske \u017ertve Oluje osu\u0111ene su na \u010dekanje. \u010cekaju sudsku pravdu, \u010dekaju ostvarenje svojih prava (naknadu \u0161tete od Hrvatske, priznanje statusa civilnih \u017ertava rata od Srbije), \u010dekaju otkrivanje sudbine nestalih, \u010dekaju na procese koji su mogli biti okon\u010dani nakon tri a ne 23 godine.<\/p>\n<p>U Srbiji se, od godi\u0161njice do godi\u0161njice, Oluja predstavlja maltene kao po\u010detak rata u Hrvatskoj, sugeri\u0161e se da je ta operacija do\u0161la niotkuda sa jednim i jedinim ciljem da se proteraju Srbi. Nema nikoga u Srbiji, u aktuelnoj i svim prethodnim vlastima od kraja rata do danas, ko bi rekao kakve su oluje lomile Hrvatsku pre Oluje, kakvo se etni\u010dko \u010di\u0161\u0107enje teritorije pod srpskom kontrolom na teritoriji Hrvatske i uz odlu\u010duju\u0107e u\u010de\u0161\u0107e dr\u017eave Srbije odigralo od 1991. do 1995. Deo Hrvatske koji je za vreme i nakon Oluje etni\u010dki o\u010di\u0161\u0107en od Srba prethodno je bio jednako temeljno o\u010di\u0161\u0107en od Hrvata i, zamislite, broj ubijenih civila tokom rata u Hrvatskoj ve\u0107i je, mo\u017eda i duplo ve\u0107i na \u201enjihovoj\u201c strani.<\/p>\n<p>To je ne\u0161to na \u0161ta bi politi\u010dari iz Srbije, ako \u017eele da se zovu velikim dr\u017eavnicima, morali da podse\u0107aju. Predsednik Srbije bi zato, kada ka\u017ee da ne\u0107emo dopustiti da se srpskom narodu dese nove oluje, morao da obe\u0107a da \u0107emo se truditi da vi\u0161e nikada ne uradimo ono \u0161to smo radili pre Oluje, da ne\u0107emo sprovoditi politiku \u010diji je jedan od eksponenata i sam bio. I morao bi da prihvati da je vojni aspekt operacije Oluja bio legitiman, pa da tek onda govori i o drugom cilju operacije \u2013 da se osim vojske, proteraju i srpski civili.<\/p>\n<p>S druge (hrvatske) strane, Oluja je oslobodila\u010dka pa oslobodila\u010dka, veli\u010danstvena pa veli\u010danstvena. Iz te veli\u010danstvenosti, eto, stigla su ove godine (a \u0161to se toliko \u010dekalo?) i odlikovanja za generale Antu Gotovinu i Mladena Marka\u010da koji su predvodili operaciju Oluja. Odlikovala ih je hrvatska predsednica ordenom kitnjastog imena (Velered kralja Petra Kre\u0161imira IV s lentom i Danicom), tre\u0107eg po va\u017enosti (samo bronca za generale?!) u sistemu odlikovanja Republike Hrvatske.<\/p>\n<p>Za\u0161to je ta odluka lo\u0161a? Zbog toga \u0161to vre\u0111a \u017ertve Oluje \u2013 sve one koji su proterani, \u010diji su bliski ro\u0111aci, naj\u010de\u0161\u0107e onemo\u0107ali starci, ubijeni za vreme i nakon operacije, sve one \u010dija je imovina uni\u0161tena i koji su bili spre\u010deni da se mesecima i godinama nakon odlaska vrate svojim ku\u0107ama. Dokazi jasno ukazuju na to da su vojnici i policijski specijalci predvo\u0111eni Gotovinom i Marka\u010dem po\u010dinili veliki broj zlo\u010dina. Ako zanemarimo granatiranje, budu\u0107i da je u \u017ealbenoj presudi kojom su generali u Hagu oslobo\u0111eni nalaz o neselektivnosti tog dela napada poni\u0161ten, i dalje stoje \u010dinjeni\u010dni nalazi prvostepene presude da su srpski civili za vreme i nakon operacije ubijani i da su nad njima i njihovom imovinom po\u010dinjeni brojni drugi zlo\u010dini.<\/p>\n<p>To nije zaklju\u010dak nekog priu\u010denog posmatra\u010da sudskih zbivanja u Hagu, kakav autor ovog teksta mo\u017eda jeste, ve\u0107 tako stoji u presudi (lak\u0161e je sna\u0107i se u sa\u017eetku) koju je po me\u0111usobnim tu\u017ebama Hrvatske i Srbije za genocid izrekao Me\u0111unarodni sud pravde: \u201eSud zaklju\u010duje da, iako je \u017dalbeno ve\u0107e MKSJ oborilo presudu Pretresnog ve\u0107a, to ne zna\u010di da su poni\u0161teni \u010dinjeni\u010dni nalazi u vezi sa ubistvima i nehumanim tretmanom Srba od strane hrvatske vojske i policije\u201c.<\/p>\n<p>Prema tome, hrvatska vojska i policija jesu po\u010dinile zlo\u010dine za vreme i nakon operacije Oluja. Hrvatsku vojsku predvodio je Ante Gotovina, hrvatsku policiju Mladen Marka\u010d. Hrvatska predsednica odlikovala je Gotovinu i Marka\u010da.<\/p>\n<p>Predsednica Hrvatske ka\u017ee da je Oluja bila \u201eeti\u010dki \u010dista\u201c, \u0161to je izraz koji bi morala da izbegava, budu\u0107i da je za samo jedno slovo udaljen od istine od koje be\u017ei. Ka\u017ee, tako\u0111e, da je to bila operacija \u201ebez mrlje\u201c, \u0161to je u neskladu sa \u010dinjenicama, jer danas znamo da je stotine civila ubijeno od strane vojske i specijalne policije koje su \u201eosloba\u0111ale\u201c teritoriju, jer znamo da je izme\u0111u 17.000 (podatak UN) i 22.000 (podatak Hrvatskog helsin\u0161kog odbora) srpskih ku\u0107a uni\u0161teno, jer znamo da je 200.000 ljudi napustilo svoje domove i povratak im je bio zabranjen. Zapravo, operacija koja u svom vojnom aspektu jeste bila legitimna, na previ\u0161e mesta je uprljana da bi se njenim predvodnicima uru\u010divalo ordenje.<\/p>\n<p>Za to vreme, o \u017ertvama i njihovim porodicama niko istinski ne vodi ra\u010duna. Sudske satisfakcije skoro da nema \u2013 Ha\u0161ki tribunal je generale oslobodio, tako\u0111e je amnestirao dr\u017eavu Hrvatsku (mada treba napomenuti da je u pomenutoj presudi Me\u0111unarodnog suda pravde navedeno da odlazak srpskih civila za hrvatsko rukovodstvo \u201enije bio samo o\u010dekivana ve\u0107 i po\u017eeljna posledica\u201c), doma\u0107i sudovi nisu uradili ni\u0161ta. U Hrvatskoj do danas imamo jednu jedinu osu\u0111uju\u0107u pravosna\u017enu presudu za ratne zlo\u010dine po\u010dinjene u Oluji. Budu\u0107i da je za naknadu \u0161tete koju \u017ertve od Hrvatske potra\u017euju potrebna pravosna\u017ena presuda, to pravo do danas nije ostvario skoro niko.<\/p>\n<p>S druge strane, Srbija se prema izbeglicama iz Oluje od po\u010detka odnosila kao prema stranom telu. Ne treba podse\u0107ati da im je po dolasku iz Krajine ograni\u010davana sloboda kretanja, da su ih dr\u017eava Srbija i njeni mediji ignorisali, da su vojno sposobni mu\u0161karci kao divlje zveri hvatani po ulicama, progla\u0161avani izdajnicima i isporu\u010divani u ruke Arkanu i drugima koji su ih slali na najgore delove fronta u BiH. A danas? Danas im ne priznajemo pravo da se uop\u0161te nazovu civilnim \u017ertvama rata. Zakon, naime, ka\u017ee da svako ko je stradao van teritorije Srbije nema pravo na takav status. Jo\u0161 uvek va\u017ei Milo\u0161evi\u0107ev zakon iz 1996, anahron, skrojen protiv \u017ertava a ne u njihovu korist, koji Republika Srbija nije izmenila pune 22 godine.<\/p>\n<p>Istina, politi\u010dari na vlasti u Srbiji sete se \u017ertava Oluje. Na svaku godi\u0161njicu, ni manje ni vi\u0161e od toga. Onih 364 dana u me\u0111uvremenu, izbegli, stradali i ro\u0111aci ubijenih snalaze se sami kako znaju i umeju; za njih nema ni Hrvatske ni Srbije, ni Vu\u010di\u0107a ni Kolinde \u2013 \u017eive tu i sa nama dele dobro i zlo. Tako \u0107e biti i slede\u0107e godine i one tamo, sve dok vi\u0161e ne bude onih koji tra\u017ee neka prava, koji tra\u017ee svoje nestale ro\u0111ake ili onih koji bi mogli svedo\u010diti. Za to vreme, dr\u017eave \u0107e dodatno armirati narative u kojima su \u017ertve \u201ena\u0161e\u201c a zlo\u010dinci \u201enjihovi\u201c, u kojima smo mi osloba\u0111ali a oni osvajali, mi branili oni ubijali. Armiran ali truo temelj za budu\u0107nost i saradnju o kojima predstavnici dr\u017eava \u010desto govore.<\/p>\n<p>Autor je istra\u017eiva\u010d Fonda za humanitarno pravo.<\/p>\n<p><a href=\"https:\/\/pescanik.net\/generalima-ordenje-zrtvama-ni-priznanje\/\">Pe\u0161\u010danik.net<\/a><\/p>\n","protected":false},"excerpt":{"rendered":"<p>Operacija koja u svom vojnom aspektu jeste bila legitimna, na previ\u0161e mesta je uprljana da bi se njenim predvodnicima uru\u010divalo ordenje<\/p>\n","protected":false},"author":1,"featured_media":202332,"comment_status":"open","ping_status":"closed","sticky":false,"template":"","format":"standard","meta":{"_seopress_robots_primary_cat":"","_seopress_titles_title":"","_seopress_titles_desc":"","_seopress_robots_index":"","_et_pb_use_builder":"","_et_pb_old_content":"","_et_gb_content_width":"","inline_featured_image":false,"footnotes":""},"categories":[5],"tags":[],"class_list":["post-251163","post","type-post","status-publish","format-standard","has-post-thumbnail","hentry","category-drugi-pisu"],"_links":{"self":[{"href":"https:\/\/www.pcnen.com\/portal\/wp-json\/wp\/v2\/posts\/251163","targetHints":{"allow":["GET"]}}],"collection":[{"href":"https:\/\/www.pcnen.com\/portal\/wp-json\/wp\/v2\/posts"}],"about":[{"href":"https:\/\/www.pcnen.com\/portal\/wp-json\/wp\/v2\/types\/post"}],"author":[{"embeddable":true,"href":"https:\/\/www.pcnen.com\/portal\/wp-json\/wp\/v2\/users\/1"}],"replies":[{"embeddable":true,"href":"https:\/\/www.pcnen.com\/portal\/wp-json\/wp\/v2\/comments?post=251163"}],"version-history":[{"count":0,"href":"https:\/\/www.pcnen.com\/portal\/wp-json\/wp\/v2\/posts\/251163\/revisions"}],"wp:featuredmedia":[{"embeddable":true,"href":"https:\/\/www.pcnen.com\/portal\/wp-json\/wp\/v2\/media\/202332"}],"wp:attachment":[{"href":"https:\/\/www.pcnen.com\/portal\/wp-json\/wp\/v2\/media?parent=251163"}],"wp:term":[{"taxonomy":"category","embeddable":true,"href":"https:\/\/www.pcnen.com\/portal\/wp-json\/wp\/v2\/categories?post=251163"},{"taxonomy":"post_tag","embeddable":true,"href":"https:\/\/www.pcnen.com\/portal\/wp-json\/wp\/v2\/tags?post=251163"}],"curies":[{"name":"wp","href":"https:\/\/api.w.org\/{rel}","templated":true}]}}