{"id":251107,"date":"2018-08-06T07:10:05","date_gmt":"2018-08-06T05:10:05","guid":{"rendered":"http:\/\/www.pcnen.com\/portal\/?p=251107"},"modified":"2018-08-06T07:10:05","modified_gmt":"2018-08-06T05:10:05","slug":"oluja-s-one-strane","status":"publish","type":"post","link":"https:\/\/www.pcnen.com\/portal\/2018\/08\/06\/oluja-s-one-strane\/","title":{"rendered":"Oluja s \u2018one\u2019 strane"},"content":{"rendered":"<blockquote><p>Donosimo dvije crtice iz Oluje, obje zapisane s &#8220;one&#8221;, druge strane. Autor prve je biv\u0161i novinar B92 <strong>Aleksandar Vasovi\u0107<\/strong>, a druge <strong>Vesna Almog,<\/strong> u to vrijeme slobodna novinarka. Njihova svjedo\u010danstva su, na \u017ealost, aktualna i danas, s obzirom ni tzv. liberalni intelektualci, poput kolumniste Index.hr-a Gorana Vojkovi\u0107a, nisu u stanju razmi\u0161ljati izvan unaprijed zadane matrice &#8220;nas&#8221; i &#8220;njih&#8221;, kamoli shvatiti svu strahotu rata koja za sobom vu\u010de ne samo vojnike, nego i u puno ve\u0107em broju civile. (Goran Borkovi\u0107)<\/p><\/blockquote>\n<p><img loading=\"lazy\" decoding=\"async\" class=\"size-medium wp-image-251108\" src=\"http:\/\/www.pcnen.com\/portal\/wp-content\/uploads\/2018\/08\/Oluja-300x216.jpg\" alt=\"\" width=\"300\" height=\"216\" \/><\/p>\n<p>Kad su ono be\u017eali Srbi nakon Oluje, odemo d\u017eumle sa beogradskim taksistima (ne se\u0107am se datuma) da odnesemo humanitarnu pomo\u0107 (skupljao onda\u0161nji B92) na (recimo) prelaz Batrovci ili Trbu\u0161nica-\u0160epak, jer je otuda dolazila neka kolona koja je i\u0161la autoputem preko Hrvatske.<\/p>\n<p>I tako delimo ti mi vodu i &#8216;lebac, vru\u0107ina mozak da provri, kad odande ide polako Yugo 45 bordo boje, unutra otac, majka, a na zadnjem sicu devoj\u010dica od svojih 10 godina i mrtva baba.<\/p>\n<p>\u017divi bledi kao kre\u010d, baba zelena i modra kao \u010divit.<\/p>\n<p>Umrla je dva dana ranije, pa su je umotali u \u0107ebad i neki kao najlon da ne smrdi mnogo. Rekli su da nisu smeli da stanu i sahrane babu, pa nek posedi u autu do Srbije.<\/p>\n<p>Posle su do\u0161li grobari, stavili mrca u sanduk i odneli.<\/p>\n<p>Par dana potom, odemo u \u017eelezni\u010darsko selo Kusadak jer je tamo na nekom slepom koloseku navodno bila cela kompozicija puna izbeglica koje su se pobunile zato \u0161to su onda\u0161nje vlasti htele da ih po\u0161alju na Kosovo.<\/p>\n<p>Dok smo stigli, voz je ve\u0107 oti\u0161ao na jug.<\/p>\n<p>Klupoderi \u0161to piju pivo pred zadrugom su nam rekli da je policija izmlatila neke izbeglice, a sve zajedno ih zatvorila u voz i nije im dva dana dala napolje, \u010dak ni za vodu.<\/p>\n<p>Klupoderi su jo\u0161 rekli da su u zlo doba oni u vozu po\u010deli da zapoma\u017eu i i\u0161tu vodu, pa su se neki me\u0161tani odva\u017eili i odneli im malo.<\/p>\n<p><strong>***<\/strong><\/p>\n<p>Do\u010dekala sam ja te nesre\u0107nike na stanici u Kosovu Polju&#8230;<\/p>\n<p>Nekoliko kompozicija spolja zaklju\u010danih. Istina, vozovi su bili vi\u0161e klase nego oni kojima su drugi neki neste\u0107nici transportovani pedesetak godina ranije na mesto kona\u010dnog re\u0161enja. Zora, a kroz prozore jauk ljudi.<\/p>\n<p>&#8220;Vratite nas Tu\u0111manu da nas on pobije, doveli ste \u0161iptarima meso za klanje&#8221;, &#8220;Pomozite, majka mi umire&#8221;&#8230;<\/p>\n<p>Sem nas iz francuske Antene2 i gustih redova policije nikoga nije bilo. Neki policajci su plakali. ja sam tih dana stalno plakala&#8230;<\/p>\n<p>I kada sam u Sremskoj Mitrovici gledala starine u ukopnim no\u0161njama kako namerno prestaju da \u017eive &#8230; Le\u017ee na podu sportske sale kao u sanduk da su legli, prekrste ruke, pogled im izbledi i du\u0161a ode.<\/p>\n<p>I kada sam gledala kako im &#8220;bra\u0107a&#8221; na prelazu u Ra\u010di prodaju sendvi\u010de (dva par\u010deta hleba i salam\u010dina izme\u0111u) za 5 maraka. Po iste pare nude kokakolu, ka\u017eu nestalo vode.<\/p>\n<p>Plakala sam i kada je na moje o\u010di borac RSK prosuo sebi mozak po \u017eeni, detetu i traktoru u koji se pretvorio njegov \u017eivot.<\/p>\n<p><a href=\"http:\/\/www.forum.tm\/vijesti\/oluja-s-one-strane-6835\">Forum<\/a><\/p>\n","protected":false},"excerpt":{"rendered":"<p>Kad odande ide polako Yugo 45 bordo boje, unutra otac, majka, a na zadnjem sicu devoj\u010dica od svojih 10 godina i mrtva baba<\/p>\n","protected":false},"author":1,"featured_media":0,"comment_status":"open","ping_status":"closed","sticky":false,"template":"","format":"standard","meta":{"_seopress_robots_primary_cat":"","_seopress_titles_title":"","_seopress_titles_desc":"","_seopress_robots_index":"","_et_pb_use_builder":"","_et_pb_old_content":"","_et_gb_content_width":"","inline_featured_image":false,"footnotes":""},"categories":[5],"tags":[],"class_list":["post-251107","post","type-post","status-publish","format-standard","hentry","category-drugi-pisu"],"_links":{"self":[{"href":"https:\/\/www.pcnen.com\/portal\/wp-json\/wp\/v2\/posts\/251107","targetHints":{"allow":["GET"]}}],"collection":[{"href":"https:\/\/www.pcnen.com\/portal\/wp-json\/wp\/v2\/posts"}],"about":[{"href":"https:\/\/www.pcnen.com\/portal\/wp-json\/wp\/v2\/types\/post"}],"author":[{"embeddable":true,"href":"https:\/\/www.pcnen.com\/portal\/wp-json\/wp\/v2\/users\/1"}],"replies":[{"embeddable":true,"href":"https:\/\/www.pcnen.com\/portal\/wp-json\/wp\/v2\/comments?post=251107"}],"version-history":[{"count":0,"href":"https:\/\/www.pcnen.com\/portal\/wp-json\/wp\/v2\/posts\/251107\/revisions"}],"wp:attachment":[{"href":"https:\/\/www.pcnen.com\/portal\/wp-json\/wp\/v2\/media?parent=251107"}],"wp:term":[{"taxonomy":"category","embeddable":true,"href":"https:\/\/www.pcnen.com\/portal\/wp-json\/wp\/v2\/categories?post=251107"},{"taxonomy":"post_tag","embeddable":true,"href":"https:\/\/www.pcnen.com\/portal\/wp-json\/wp\/v2\/tags?post=251107"}],"curies":[{"name":"wp","href":"https:\/\/api.w.org\/{rel}","templated":true}]}}