{"id":249833,"date":"2018-07-13T12:33:18","date_gmt":"2018-07-13T10:33:18","guid":{"rendered":"http:\/\/www.pcnen.com\/portal\/?p=249833"},"modified":"2018-07-13T13:12:36","modified_gmt":"2018-07-13T11:12:36","slug":"budi-se-vulkan-ispod-bavarske","status":"publish","type":"post","link":"https:\/\/www.pcnen.com\/portal\/2018\/07\/13\/budi-se-vulkan-ispod-bavarske\/","title":{"rendered":"Budi se vulkan ispod Bavarske?"},"content":{"rendered":"<p><a href=\"http:\/\/www.pcnen.com\/portal\/wp-content\/uploads\/2013\/12\/supervulkan_Jelouston-e1531477984116.jpg\"><img loading=\"lazy\" decoding=\"async\" src=\"http:\/\/www.pcnen.com\/portal\/wp-content\/uploads\/2013\/12\/supervulkan_Jelouston-300x225.jpg\" alt=\"\" width=\"300\" height=\"225\" class=\"alignright size-medium wp-image-132226\" \/><\/a>Sve u\u010destaliji zemljotresi u trouglu njema\u010dkih pokrajina Bavarske i Saksonije, i susjedne \u010ce\u0161ke, povod su geofizi\u010darima da iza\u0111u u javnost sa pitanjem budi li se vulkan ispod juga Njema\u010dke.<\/p>\n<p>&#8220;Registrujemo poja\u010danu aktivnost&#8221;, potvrdio je Torsten Dam iz njema\u010dkog Centra za geo-istra\u017eivanje u Potsdamu nema\u010dkom listu Fraje prese, prenosi Tanjug.<\/p>\n<p>Ukazao je da zemljotresi postaju sna\u017eniji i da se cikli\u010dnost smanjuje.<\/p>\n<p>Samo tokom prolje\u0107a registrovano je vi\u0161e od 1.000 potresa tla, pri \u010demu se u ve\u0107ini slu\u010daja radi o mikropotresima, ali jedna desetina je mogla i da se osjeti.<\/p>\n<p>&#8220;Mislimo da posmatramo bu\u0111enje jednog vulkana&#8221;, ka\u017ee on i dodaje da na to ukazuje vi\u0161e stvari me\u0111u kojima i \u010dinjenica da se u Egerer basenu puni rezervoar magme.<\/p>\n<p>&#8220;Ve\u0107 tri decenije mjerenja u ovom regionu pokazuju rasti\u0107i intenzitet. Po\u0161to se radi o sporim procesima to je relativno kratko vrieme&#8221;, obja\u0161njava Dam.<\/p>\n<p>Njegovu tezu potkrjepljuje i \u010dinjenicom da se aktivnosti tla od 1997. godine sve vi\u0161e \u0161ire.<\/p>\n<p>Sa senzorima na dubini od 400 metara Dam i njegov me\u0111unarodni tim \u017eeli da istra\u017ei doga\u0111anja ispod tla.<\/p>\n<p>&#8220;Time \u0107emo imati \u0161ansu da registrujemo i slabe mikropotrese i bolje i dublje slu\u0161amo tlo&#8221;, objasnio je Dam dodaju\u0107i da se nada da \u0107e jo\u0161 ove godine po\u010deti potrebna bu\u0161enja.<\/p>\n","protected":false},"excerpt":{"rendered":"<p>Sve u\u010destaliji zemljotresi u trouglu njema\u010dkih pokrajina Bavarske i Saksonije, i susjedne \u010ce\u0161ke, povod su geofizi\u010darima da iza\u0111u u javnost sa pitanjem budi li se vulkan ispod juga Njema\u010dke. &#8220;Registrujemo poja\u010danu aktivnost&#8221;, potvrdio je Torsten Dam iz njema\u010dkog Centra za geo-istra\u017eivanje u Potsdamu nema\u010dkom listu Fraje prese, prenosi Tanjug. Ukazao je da zemljotresi postaju sna\u017eniji [&hellip;]<\/p>\n","protected":false},"author":1,"featured_media":0,"comment_status":"open","ping_status":"closed","sticky":false,"template":"","format":"standard","meta":{"_seopress_robots_primary_cat":"","_seopress_titles_title":"","_seopress_titles_desc":"","_seopress_robots_index":"","_et_pb_use_builder":"","_et_pb_old_content":"","_et_gb_content_width":"","inline_featured_image":false,"footnotes":""},"categories":[14,12],"tags":[],"class_list":["post-249833","post","type-post","status-publish","format-standard","hentry","category-vijesti","category-prica-dana"],"_links":{"self":[{"href":"https:\/\/www.pcnen.com\/portal\/wp-json\/wp\/v2\/posts\/249833","targetHints":{"allow":["GET"]}}],"collection":[{"href":"https:\/\/www.pcnen.com\/portal\/wp-json\/wp\/v2\/posts"}],"about":[{"href":"https:\/\/www.pcnen.com\/portal\/wp-json\/wp\/v2\/types\/post"}],"author":[{"embeddable":true,"href":"https:\/\/www.pcnen.com\/portal\/wp-json\/wp\/v2\/users\/1"}],"replies":[{"embeddable":true,"href":"https:\/\/www.pcnen.com\/portal\/wp-json\/wp\/v2\/comments?post=249833"}],"version-history":[{"count":0,"href":"https:\/\/www.pcnen.com\/portal\/wp-json\/wp\/v2\/posts\/249833\/revisions"}],"wp:attachment":[{"href":"https:\/\/www.pcnen.com\/portal\/wp-json\/wp\/v2\/media?parent=249833"}],"wp:term":[{"taxonomy":"category","embeddable":true,"href":"https:\/\/www.pcnen.com\/portal\/wp-json\/wp\/v2\/categories?post=249833"},{"taxonomy":"post_tag","embeddable":true,"href":"https:\/\/www.pcnen.com\/portal\/wp-json\/wp\/v2\/tags?post=249833"}],"curies":[{"name":"wp","href":"https:\/\/api.w.org\/{rel}","templated":true}]}}