{"id":249581,"date":"2018-07-09T08:11:29","date_gmt":"2018-07-09T06:11:29","guid":{"rendered":"http:\/\/www.pcnen.com\/portal\/?p=249581"},"modified":"2019-12-02T17:09:21","modified_gmt":"2019-12-02T16:09:21","slug":"durdic-smjenjuje-micunoviceve-kadrove","status":"publish","type":"post","link":"https:\/\/www.pcnen.com\/portal\/2018\/07\/09\/durdic-smjenjuje-micunoviceve-kadrove\/","title":{"rendered":"\u0110ur\u0111i\u0107 smjenjuje Mi\u0107unovi\u0107eve kadrove"},"content":{"rendered":"<p><a href=\"http:\/\/www.pcnen.com\/portal\/wp-content\/uploads\/2012\/01\/Zgrada-RTCG.jpg\"><img loading=\"lazy\" decoding=\"async\" class=\"alignright size-medium wp-image-72610\" src=\"http:\/\/www.pcnen.com\/portal\/wp-content\/uploads\/2012\/01\/Zgrada-RTCG-300x207.jpg\" alt=\"\" width=\"300\" height=\"207\" \/><\/a>Vi\u0161e urednika u informativnom programu Televizije Crne Gore (TVCG), koje je postavio razrije\u0161eni direktor Vladan Mi\u0107unovi\u0107 , osta\u0107e bez tih funkcija, saznaju Vijesti iz vi\u0161e nezvani\u010dnih izvora.<\/p>\n<p>Posljednji takvi slu\u010dajevi su smjene urednika kulture Vanje Kova\u010devi\u0107a i \u0161efa deska Damira Ramovi\u0107a. Na Kova\u010devi\u0107evo mjesto imenovana je dosada\u0161nja novinarka TVCG Nevenka Jovovi\u0107, dok je novi \u0161ef deska doskora\u0161nji urednik u portalu RTCG Boro Vi\u0161nji\u0107.<\/p>\n<p>Ranije je razrije\u0161ena urednica informativnog programa i urednica drugog Dnevnika TVCG Tanja Perovi\u0107, a na njeno mjesto je postavljena Alaksendra Pavi\u0107evi\u0107, koja je tu funkciju obavljala dok je Radojka Rutovi\u0107 bila direktorica televizije. Kao njen zamjenik i urednik Dnevnika 2 postavljen je Ivan Mijanovi\u0107.<\/p>\n<p>Vr\u0161ilac du\u017enosti direktora TVCG Slavko \u0110ur\u0111i\u0107 danas bi trebalo da razrije\u0161i urednike Prvog i Drugog programa &#8211; Aleksandra Sa\u0161u Mirkovi\u0107a i Nata\u0161u Baranin, koje \u010dekaju da se vrate sa odmora.<\/p>\n<p>\u0110ur\u0111i\u0107 nije \u017eelio da komentari\u0161e kadrovska pomjeranja u TVCG, pa ostaje nejasno ko \u0107e biti postavljen za urednike Prvog i Drugog programa, ali ni gdje \u0107e biti raspore\u0111eni smijenjeni kadrovi.<\/p>\n<p>Vi\u0161e izvora tvrdi da \u0110ur\u0111i\u0107 i v. d. generalnog direktora Bo\u017eidar \u0160undi\u0107 smjenjuju gotovo sve rukovode\u0107e kadrove prethodnog menad\u017ementa i dovode svoj tim. Isti izvori, me\u0111utim, tvrde da te\u0161ko nalaze nove kadrove kako bi se popunila upra\u017enjena mjesta, prete\u017eno zbog toga \u0161to je rije\u010d o privremenim funkcijama do izbora redovnog direktora TVCG.<\/p>\n<p>Smijenjeni Mi\u0107unovi\u0107 sada obavlja funkciju savjetnika generalnog direktora. On je smijenjen dvije sedmice nakon razrje\u0161enja Andrijane Kadije sa mejsta generalne direktorice RTCG.<\/p>\n<p>Oboje su formalno razrije\u0161eni zbog spornog ugovora sa Centrom za gra\u0111ansko obrazovanje (CGO), koji je navodno omogu\u0107io podrivanje ure\u0111iva\u010dke nezavisnosti Javnog servisa, a nakon \u0161to je u Savjetu RTCG formirana ve\u0107ina naklonjena vladaju\u0107oj koaliciji. Kadiju je na \u010delo RTCG doveo Savjet, u kojem vlast nije kontrolisala ve\u0107inu \u010dlanova.<\/p>\n<p>Kadija i Mi\u0107unovi\u0107 su pred osnovnim sudom u Podgorici tu\u017eili RTCG zbog nezakonitih odluka o njihovom razrje\u0161enju.<\/p>\n","protected":false},"excerpt":{"rendered":"<p>\u0110ur\u0111i\u0107 nije \u017eelio da komentari\u0161e kadrovska pomjeranja u TVCG, pa ostaje nejasno ko \u0107e biti postavljen za urednike Prvog i Drugog programa, ali ni gdje \u0107e biti raspore\u0111eni smijenjeni kadrovi.<\/p>\n","protected":false},"author":1,"featured_media":0,"comment_status":"open","ping_status":"closed","sticky":false,"template":"","format":"standard","meta":{"_seopress_robots_primary_cat":"","_seopress_titles_title":"","_seopress_titles_desc":"","_seopress_robots_index":"","_et_pb_use_builder":"","_et_pb_old_content":"","_et_gb_content_width":"","inline_featured_image":false,"footnotes":""},"categories":[14],"tags":[],"class_list":["post-249581","post","type-post","status-publish","format-standard","hentry","category-vijesti"],"_links":{"self":[{"href":"https:\/\/www.pcnen.com\/portal\/wp-json\/wp\/v2\/posts\/249581","targetHints":{"allow":["GET"]}}],"collection":[{"href":"https:\/\/www.pcnen.com\/portal\/wp-json\/wp\/v2\/posts"}],"about":[{"href":"https:\/\/www.pcnen.com\/portal\/wp-json\/wp\/v2\/types\/post"}],"author":[{"embeddable":true,"href":"https:\/\/www.pcnen.com\/portal\/wp-json\/wp\/v2\/users\/1"}],"replies":[{"embeddable":true,"href":"https:\/\/www.pcnen.com\/portal\/wp-json\/wp\/v2\/comments?post=249581"}],"version-history":[{"count":2,"href":"https:\/\/www.pcnen.com\/portal\/wp-json\/wp\/v2\/posts\/249581\/revisions"}],"predecessor-version":[{"id":279138,"href":"https:\/\/www.pcnen.com\/portal\/wp-json\/wp\/v2\/posts\/249581\/revisions\/279138"}],"wp:attachment":[{"href":"https:\/\/www.pcnen.com\/portal\/wp-json\/wp\/v2\/media?parent=249581"}],"wp:term":[{"taxonomy":"category","embeddable":true,"href":"https:\/\/www.pcnen.com\/portal\/wp-json\/wp\/v2\/categories?post=249581"},{"taxonomy":"post_tag","embeddable":true,"href":"https:\/\/www.pcnen.com\/portal\/wp-json\/wp\/v2\/tags?post=249581"}],"curies":[{"name":"wp","href":"https:\/\/api.w.org\/{rel}","templated":true}]}}