{"id":249533,"date":"2018-07-08T07:25:55","date_gmt":"2018-07-08T05:25:55","guid":{"rendered":"http:\/\/www.pcnen.com\/portal\/?p=249533"},"modified":"2018-07-08T07:30:38","modified_gmt":"2018-07-08T05:30:38","slug":"lustracija-zdrave-pameti-isus-krist-vis-a-vis-alojzija-stepinca","status":"publish","type":"post","link":"https:\/\/www.pcnen.com\/portal\/2018\/07\/08\/lustracija-zdrave-pameti-isus-krist-vis-a-vis-alojzija-stepinca\/","title":{"rendered":"Lustracija zdrave pameti: Isus Krist vis-\u00e0-vis Alojzija Stepinca"},"content":{"rendered":"<p><strong>Autor: \u00a0Marijan Vogrinec<\/strong><\/p>\n<p><a href=\"http:\/\/www.pcnen.com\/portal\/wp-content\/uploads\/2018\/04\/marijan-vogrinec.jpg\"><img loading=\"lazy\" decoding=\"async\" class=\"alignright size-medium wp-image-245128\" src=\"http:\/\/www.pcnen.com\/portal\/wp-content\/uploads\/2018\/04\/marijan-vogrinec-300x218.jpg\" alt=\"\" width=\"300\" height=\"218\" \/><\/a>Bi li Isus Krist 1939. godine bio crnoko\u0161ulja\u0161, nacist\/fa\u0161ist ili antinacifa\u0161ist? Tom se parafrazom, sa\u017eeto, sve\u0107enik \u017eupe sv. Josipa radnika u zagreba\u010dkim Gajnicama Ljubomir Vukovi\u0107 u jutarnjoj emisiji Radija Sljemena \u201eHvaljen Isus i Marija\u201c referirao \u201ena jedan naslov u dnevnim novinama\u201c. Politi\u010dki. Ideolo\u0161ki naopako. Neprimjereno programskoj egidi redovnog dnevnog petminutnog \u201etrenutka duhovnog zajedni\u0161tva\u201c. Posve\u0107enog vjeri i kr\u0161\u0107anskim krijepostima. Nekako je davna\u0161nji profesionalni bonton imenovati novinarski uradak, autora i medij na koji se reagira, jer \u201ejedan naslov u dnevnim novinama\u201c nikom ni\u0161ta ne zna\u010di, podjednako mo\u017ee vonjati na kvazinovinarstvo, izmi\u0161ljotinu i podvalu ve\u0107 uvrije\u017eenog citiranja \u201evisokog izvora koji je \u017eelio ostati anoniman\u201c. Ma dajte, \u201evisoki izvor\u201c, \u017eeli ne\u0161to poru\u010diti javnosti, a krije se u \u2013 anonimnosti!? Sic transit . Nije vrijedan pozornosti.<\/p>\n<p>Ideolo\u0161ki i povijesno je zlo\u010desto da autor radijske polemike pod egidom meditacije o Isusu i nacifa\u0161isti\u010dkom pogromu elemetarne \u010dovje\u010dnosti zataji da se zapravo referira na uradak komentatora Gorana Gerovca \u201eDa je Isus bio \u017eiv 1939., vidite li ga kao antifa\u0161ista ili u crnoj ko\u0161ulji? Ja nemam ba\u0161 nikakve dileme\u201c, objavljen 27. lipnja u dnevniku Ve\u010dernjem listu. Podnaslovljen: \u201eTko nam je kriv \u0161to 1941. borbu protiv fa\u0161izma nije poveo HSS, akademici ili crkva, ve\u0107 su \u0161utjeli i pustili bolj\u0161evizmu poziciju mo\u0107i\u201c. Cijeli je set aktualnih lipanjskih povoda Gerov\u010devom profesionalno odra\u0111enom i povijesno utemeljenom komentaru koji, razumije se za\u0161to, mo\u017ee povisiti tlak dijelu \u201epastira\u201c kojima je, kao prije neku godinu na HDZ-ovom skupu u Splitu, \u201emilija usta\u0161ka kapa od partizanske zvijezde petokrake\u201c. Tim vi\u0161e, jer je tekst objavljen u mediju austrijskog gazde pod svjetonazorskim ki\u0161obranom Katoli\u010dke crkve i uop\u0107e se ne uklapa u ideolo\u0161ku matricu trasiranu u Ve\u010dernjku prilozima Nine Raspudi\u0107a, Milana Ivko\u0161i\u0107a, Zvonimira Despota, Tihomira Dujmovi\u0107a, biv\u0161eg sve\u0107enika Ivice \u0160ole\u2026 Grovac je ne\u0161to drugo, pa jo\u0161 \u2013 u Ve\u010dernjaku!? Ne\u010duveno.<\/p>\n<p>Pravi se tsunami \u010ditateljske mr\u017enje, uvreda, prijetnji i patolo\u0161kih izljeva neprijateljstva stu\u010dio na novinara samo zato \u0161to je svjesno\/savjesno konzumirao potpunu slobodu i pravo kazati kako bi cijenio Isusa isklju\u010divo kao \u2013 antinacifa\u0161ista. \u201eJa nemam ba\u0161 nikakve dileme.\u201c Ni jedan drugi odgovor nema smisla, jer bi svaka dilema bila esencijalna maloumnost. Stoga je i sve\u0107enikova usporedba Isusa Krista s Alojzijem Stepincem ne samo neumjesna, totalni proma\u0161aj, uni\u0161ta nego i bogohuljenje. Isus Krist vis-\u00e0-vis Alojzija Stepinca!? Notorna glupost. Stepin\u010deve simpatije i suradnja (pokr\u0161tavanje Srba i \u017didova) s usta\u0161kim zlo\u010dina\u010dkim re\u017eimom tzv. NDH u kojem je od travnja 1942. bio vojni vikar, ali i njegov aktivni antikomunizam nemaju nikakve pozitivne poveznice s antinacifa\u0161izmom, a jo\u0161 su manje alibi za Isusovo pretpostavljeno distanciranje od antinacifa\u0161izma. \u010cije su \u201erazularene horde\u201c, pro\u010ditao je gajni\u010dki \u201epastir\u201c u internetskim napadima na Gerovca, pjevale \u201eNosim kapu sa tri roga i borim se protiv Boga\u201c, a crnoko\u0161ulja\u0161i su im pak prije zarobljavanja \u2013 to fanovi crnila ne spominju \u2013 gromoglasno uzvra\u0107ali \u201eU ime Krista protiv komunista\u201c. I nakon ratnog poraza i po\u010dinjenih zlo\u010dina postali \u2013 nedu\u017ene hrvatske \u017ertve.<\/p>\n<p><strong>Nepismeno, pa akademsko \u201estado\u201c<\/strong><\/p>\n<p>Jednom profesionalnom duhovniku, kojem danono\u0107no \u017eivljenje kr\u0161\u0107anskih krijeposti ne bi smjelo biti nepoznanica, ni javnom mediju HRT-u \u0161to se financira javnim novcem (oko 1,4 milijarde kuna godi\u0161nje) ne pristaje niti je dopu\u0161teno urbi et orbi sotonizirati partizne kao \u201erazularenu rulju\u201c i farbati tunele mantrom kako \u201eIsus sigurno ne bi bio ni crnoko\u0161ulja\u0161 niti antifa\u0161ist\u201c, nego bi postupio \u201ekao bl. Alojzije Stepinac, koji je jednako kritizirao i Paveli\u0107a i Tita\u201c. Sve\u0107enik mo\u017ee osobno misliti \u0161to god \u017eeli i drukati za koju god ideologiju \u2013 njegova privatnost nikog ne zanima i ne treba ju neukusno davati na sva zvona \u2013 ali javna rije\u010d je javna rije\u010d. On ne zna i zato nije pozvan govoriti na javnom radiju kako bi Isus postupio te 1939. godine. Ako je uistinu takav kakvim ga duhovni \u201epastiri\u201c slikom i rije\u010dju uprizoruju najprije totalno nepismenom, a sada ve\u0107 i akademski uznapredovalom vjerni\u010dkom \u201estadu\u201c \u2013 pa, eto, ve\u0107 tre\u0107i milenij \u2013 morao je te 1939. biti samo antinacifa\u0161ist, jer bi u protivnom s\u00e2m sru\u0161io vlastiti nauk, jer je kr\u0161\u0107ansku doktrinu o Kraljevstvu nebeskom su\u0161tinski utemeljio na komunisti\u010dkoj utopiji i antinacifa\u0161izmu. Zato i jest u prvom dijelu \u2013 \u010dista iluzija. Nada?<\/p>\n<p>Da je Krist uistinu takav, \u010dovjekoljubiv i mo\u0107an, \u017eiv, uvijek s ljudima i na pomo\u0107 slabijima, 1. rujna 1939. na granici Njema\u010dke i Poljske nikad se ne bi dogodio. Kristov svijet \u2013\u00a0 kakav je namijenio \u010covjeku i kojim gospodari Bog \u2013 nikad ne bi dopustio Hitlera, Mussolinija, Hiro Hita, usta\u0161e, \u010detnike, konc-logore, genocide, holokaust\u2026 U ime Krista i \u201ejedine prave vjere\u201c, me\u0111utim, po\u010dinjeni su najstra\u0161niji zlo\u010dini u povijesti ljudskog roda i \u010dak istrijebljeni cijeli narodi, a On nije reagirao. Za\u0161to? Spaljeni su i utopljeni s mlinskim kamenom oko vrata milijuni nedu\u017enih \u017eena, poklana mala djeca, sotoniziran svaki s dva znanstvena zrna soli u glavi\u2026 S\u00e2m je rimski biskup vodio devet kri\u017earskih ratova protiv \u201enevjernika\u201c, pod plja\u010dka\u0161kom izlikom \u201eoslobo\u0111enja Svetog groba\u201c i ubojicama \u201enevjernika\u201c oprosta svih grijeha. Rimokatoli\u010dka je crkva uvijek bila uz vlast, koja joj je interesno dopu\u0161tala bezo\u010dno boga\u0107enje, rasko\u0161, zlato, drago kamenje, kleru \u017eivot u svili i kadifi, slasti i masti, krvava misionarenja u okupiranim zemljama.. Inkviziciju i indulgencije do te neumjerenosti da je prije pola milenija reformacijski sve\u0107enik Martin Luther morao uzviknuti prekretni\u010dko: \u201eStop rimskoj la\u017ei i licemjerju, vratimo se Isusu Kristu!\u201c I od tada u povijesti vi\u0161e ni\u0161ta nije isto.<\/p>\n<p>Crkva je u Drugom svjetskom ratu uglavnom odigrala negativnu ulogu: javno je i tajno lobirala i za crnog vraga, ako je bio protiv komunista. Papa Pio XII. je \u0161utio na \u0161est godina holokausta i nije malim prstom pomaknuo na genocidno istrjebljenje \u0161est milijuna \u2013 samo \u017didova\u2026 Gdje je tu bio Krist? U crnoj ko\u0161ulji s onima \u0161to su ubacivali ciklon B u pretrpane \u201ekupaonice\u201c u tvornicama smrti u Njema\u010dkoj i Poljskoj ili s onima \u0161to su umirali u najte\u017eim mukama? Je li pridr\u017eavao malj i krvavu kamu crnoko\u0161ulja\u0161ima \u0161to su na jasenova\u010dkoj skeli 1941.-1945. obarali u Savu zasu\u017enjene nedu\u017ene Srbe, \u017didove, Rome i nepo\u0107udne Hrvate ili je svaki put sa svakim od njih i Isus padao u rijeku? Za\u0161to je to dopustio? Zato valjda tzv. Crkva u Hrvata \u0161alje svoje najvi\u0111enije biskupe svake godine u svibnju prati ne\u010distu savjest na Bleibur\u0161kom polju i na tuzemnim grobi\u0161tima ubijenih usta\u0161a. Za Jasenovac ju ne pe\u010de savjest, pa je dovoljno radi reda poslati na proljetnu komemoraciju tek najbli\u017eeg seoskog \u017eupnika? Na \u010detrdesetak ostalih usta\u0161kih strati\u0161ta po RH ba\u0161 nikog. A \u017ertva je \u017ertva!? Sic.<\/p>\n<p>Bi li Isus Krist bio u konc-logoru u Jasenovcu s jezivim psihopatom \u201efra Sotonom\u201c alias fra Miroslavom (crkveno ime Tomislav) Filipovi\u0107em nadimkom Majstorovi\u0107 pod u\u0161atim U ili s omiljenim me\u0111u vjernim pukom vl\u010d. Svetozarom Rittigom u \u0161umi pod crvenom petokrakom u partizanima? Tog se \u010dasnog duhovnika Crkva odrekla tako \u0161to ga pre\u0161u\u0107uje ne samo o Rittigovim nego i obljetnicama zagreba\u010dke crkve sv. Marka u kojoj je stolovao, a krvnika fra Filipovi\u0107a, od \u010dijih su se sadisti\u010dkih klanja grozili i sami nacisti i vrpoljili nadre\u0111eni klerici, nije ekskomunicirala iz svojih redova. Crkva uredno godinama pre\u0161u\u0107uje i druge svoje \u010dasne slu\u017ebenike koji su se gnu\u0161ali usta\u0161kog re\u017eima tzv. NDH i nacifa\u0161isti\u010dkih okupatora, npr. sve\u0107enika, kasnije biskupa Josipa Pavli\u0161i\u0107a, vl\u010d. Zlatko Sivri\u0107, koji je u Hercegovini spasio od usta\u0161ke kame nekoliko desetaka Srba, injsl. \u201epastira i pastirica\u201c. Ba\u0161 kao i o svim vjeskim dostojanstvenicima prvoslavnih crkava i \u017eidovske zajednice, koje su ubili usta\u0161e.<\/p>\n<p>Foto: 74. Svetozar Rittig, govori prije sve\u010dane mise u Topuskom u povodu oslobo\u0111enja Beograda \u2013 Album fotografija Mladena Ivekovi\u0107a u NOB i na oslobo\u0111enom teritoriju<\/p>\n<p>Treba znatno vi\u0161e od nadnaravne hrabrosti i znatno manje od minimuma ljudskosti u sebi, pa palamuditi u \u201etrenucima duhovnog zajedni\u0161tva\u201c o tome \u0161to je bilo zlo, a \u0161to dobro u Drugom svjetskom ratu i na kojoj\/\u010dijoj bi strani 1939. bio Isus Krist. Mogao je i morao biti samo na jednoj strani, ako ve\u0107 nije \u017eelio\/mogao sprije\u010diti svjetsku klaonicu, jer ne postoji, a ta je \u2013 antinacifa\u0161isti\u010dka. Ni za potpisnika ovih redaka kao ni za kolegu Gerovca \u2013 nema dileme. Ni za povijesni pravorijek je nije bilo. Zbog debelog ratnog i ideolo\u0161kog putra na glavi, kolaboracionisti\u010dkog duha i proendehazijskih sentimenata \u0161to neukusno bujaju od 1990-ih godina, Crkva ima prepoznatljiv gard u odnosu na taj dio nacionalne pro\u0161losti. Vl\u010d. Ljubomir Vukovi\u0107 samo je savjestan slu\u017ebenik te dragovoljne udruge vjeruju\u0107ih gra\u0111ana, koji se dr\u017ei matice. U politici bi se reklo programa i statuta stranke gdje, kao u Crkvi, nema demokracije. Samo hijerarhija, red i disciplina. I nema labavo.<\/p>\n<p>Nacifa\u0161izam, najstra\u0161nija ideologija u povijesti ljudskog roda, zakotrljao se iz Njema\u010dke, Italije i Japana porobiti cijeli svijet. Prvi rujna 1939. je nacisti\u010dka Njema\u010dka napala Poljsku i taj se dan uzima po\u010detkom Drugog svjetskog rata. Okon\u010dan je 2. rujna 1945. kapitulacijom Japana. U ratu su sudjelovale gotovo sve zemlje, a izravno je ubijeno oko 62 milijuna ljudi, vojnika i civila, vi\u0161e od 2,5 posto svjetskog stanovni\u0161tva. Vi\u0161e nego svaki drugi ubijeni je pripadnik slavenskih naroda, od kojih najvi\u0161e Rusa. Normalan \u010dovjek, kamoli svemo\u0107an bog, ne mo\u017ee biti be\u0161\u0107utan i nepoduzetan u odnosu na toliku nesre\u0107u. Ako postoji i jest takav \u2013 be\u0161\u0107utan i nepoduzetan, pa dopu\u0161ta bezmjerne patnje i stradanja svog \u201estada\u201c \u2013 ne treba u njega vjerovati. Dapa\u010de, treba ga svrgnuti s nebesa, kao \u0161to je On svrgnuo cijeli politeisti\u010dki panteon svojih prethodnika. I ognjem i ma\u010dem. Pi\u0161e i u Svetom pismu i u gnosti\u010dkim evan\u0111eljima, pa tko ne vjeruje\u2026<\/p>\n<p><strong>Frojdovsko redefiniranje podsvijesti<\/strong><\/p>\n<p>\u201ePovijesno iskustvo je neumoljivo, ono kroz kontinuitet neizrecivog, gotovo biblijskog nasilja ne govori, nego urla opomene koje danas sve manje zna\u010de\u201c, tvrdi Goran Gerovac. \u201eI vi\u0161e nitko nije siguran je li antifa\u0161izam pobijedio i je li revizija povijesti proces koji je nakaradan zbog revizije ili zbog povijesti. Stoga antifa\u0161izam nije pokret i ne bi smio biti pokret. On mora biti trajno stanje duha koje \u0107e se suprotstaviti svakoj vrsti nasilja, koje ne\u0107e trpjeti da mu gospodari stvarnosti odre\u0111uju koliko \u0107e visoko glavu smjeti di\u0107i i u kojem kutu mu je mjesto iz kojeg ima pravo tu i tamo baciti pogled na vlastiti \u017eivot. Antifa\u0161izam je internacionalna obaveza prema budu\u0107nosti u kojoj ne mo\u017ee biti mjesta za ignoriranje nepravde i za mirenje sa zlom.\u201c Kako mo\u017ee biti da Krist ne bude na toj strani? Kakvo je \u2013 ako uop\u0107e mo\u017ee biti suvislo \u2013 kleri\u010dko obja\u0161njenje toga za\u0161to Krist nije stao na kraj krvnicima tog 1. rujna 1939., pa i mjesecima ranije po bavarskim pivnicama i SA zloslutnim performansima, jezivim kristalnim no\u0107ima, pale\u017ei Reichstaga i legaliziranom ugnjetavanju pola milijuna njema\u010dkih \u017didova, jer da \u201eegzistencijalno ugro\u017eavaju 60 milijuna \u010distih arijevaca\u201c (sic transit)? Hrvatskom katoli\u010dkom kleru to nije razvidno?<\/p>\n<p>\u201eHrvati s antifa\u0161izmom imaju gotovo frojdovski problem definiranja i redefiniranja svoje podsvijesti, mjesta na kojem se susre\u0107u povijesni uspjesi i povijesni propusti kao iskrivljena ogledala kolektiviteta \u0161to postoji isklju\u010divo kao autoimuna bolest intelekta\u201c, pi\u0161e Gerovac, i dira u \u017eivu ranu ucrnjene savjesti. \u201eZa\u0161to je hrvatski antifa\u0161izam toliko sumnjiv? Ponajprije zato \u0161to ne mo\u017ee biti ekskluzivno hrvatski (kao ni Goli otok, da bi ga \u201ecrnci\u201c iskoristili kao argument za Titovo \u201ezlo\u010dina\u010dko protuhrvatstvo\u201c, op. a.) da bi uop\u0107e bio antifa\u0161izam, a drugo \u0161to je hrvatsko gra\u0111anstvo u klju\u010dnim povijesnim trenucima potpuno zakazalo u definiranju pozicije kolektiva prema histeriji. Gra\u0111anska Hrvatska je tada po tko zna koji put ostala u kolaboracionisti\u010dkom \u010dudu sa \u0161utnjom pa ovo \u0161to danas poku\u0161ava nije samo razotkrivanje zlo\u010dina bolj\u0161evizma, nego pranje vlastite savjesti koja \u0107e opet, kada kucne odlu\u010duju\u0107i \u010das, izabrati kolaboracionisti\u010dku \u0161utnju arbitriranu strahom. Ne \u010diniti ni\u0161ta da bismo ostali dosljedni sebi i unaprijed pripreman alibi da mirne savjesti i uz ispovijed grijeha okrenemo glavu kad zagusti.\u201c<\/p>\n<p>I vl\u010d. Vukovi\u0107 dr\u017ei kako bi Krist izabrao biti nesvrstan u nacifa\u0161iti\u010dko-antinacifa\u0161isti\u010dkom sukobu, da je bio \u017eivio 1939. A kako pak pojmiti da nije bio \u017eiv kad Crkva u\u010di da je Isus uvijek \u017eiv, i vje\u010dan, i svemo\u0107an, mo\u017ee \u0161to god po\u017eeli, pa je valjda na vlas takav i \u017eiv-\u017eivcat bio i 1939.? A ni\u0161ta nije u\u010dinio za spas nedu\u017enog dijela potomstva prvih blatnih ljudi, Eve i Adama!? Ili je ipak u\u010dinio ba\u0161 tako, kako je bilo. A uop\u0107e nije bilo dobro.<\/p>\n<p>Vele\u010dasni je u radijskom formatu \u201eHvaljen Isus i Marija\u201c fulao usporedbu s pokojnim kardinalom Stepincem, jer taj nije bio ni trunku nesvrstan izme\u0111u partizana u borbi za oslobo\u0111enje Hrvatske (i cijele Jugoslavije) i usta\u0161a u kvislin\u0161kom eutanaziranju \u010dak i svog naroda. Navijao je za tzv. NDH i nakon rata \u0161titio ratne zlo\u010dince. To \u010dini i ve\u0107ina katoli\u010dkog klera u RH, BiH i dijaspori. I sinergijskom nekriti\u010dno\u0161\u0107u \u2013 Santo subito! \u2013 uzdi\u017ee Stepin\u010dev \u017eivot i djelo na postament mu\u010deni\u0161tva, svetosti i uzoritosti. Arogantno iskrivljuju\u0107i povijesne \u010dinjenice zbog kojih i papa Franjo ima problema sa Srpskom pravoslavnom crkvom u vezi s progla\u0161enjem aktualnog bla\u017eenika svecem. Kardinal Stepinac nije travnja 1941. pozvao kler svoje dijeceze na otpor nacifa\u0161isti\u010dkom okupatoru i doma\u0107im veleizdajnicima i potporu Narodnooslobodila\u010dkom pokretu (u kojem su vi\u0161e od polovice sudjelovali upravo Hrvati i katolici), nego je pozvao na podr\u0161ku i pokornost \u201enovoj hrvatskoj vlasti\u201c, usta\u0161ama i Anti Paveli\u0107u. To nema veze ni s kr\u0161\u0107anskim naukom niti je valjana usporedba s tim kako bi Isus \u201epostupio 1939.\u201c Da je bio \u017eiv, a prakti\u010dni vjernici ne sumnjaju da jest.<\/p>\n<p>Napokon, \u010dudno je da s\u00e2m Svevi\u0161nji ni trc niti mrc glede i u svezi kleri\u010dkog napadnog javnog drukanja u korist pronacifa\u0161izma\/neonacifa\u0161izma, koji uzrokuje sukobe i prijepore u dru\u0161tvu, a ljudi su 86,28 posto statisti\u010dki katolici, vjernici. Pa se ipak dijele. Ovih je dana Istarski demokratski savez (IDS) prijavio katoli\u010dku Laudato TV Vije\u0107u za elektroni\u010dke medije zbog maloumnog koketiranja s notornim usta\u0161tvom. Nogometni uspjeh hrvatske reprezentacije protiv Danske na EP-u 2018 u Rusiji toliko je razgalio crne du\u0161e uredni\u010dko-novinarskim samoucima tog medija da su \u201evatrene\u201c pakosno svrstali me\u0111u usta\u0161e. Kao da su zajedno s izbornikom Zlatkom Dali\u0107em \u2013 zlo\u010dina\u010dka Crna legija Jure Franceti\u0107a i Rafaela \u201eviteza\u201c (sic) Bobana. Koja je, eto, upravo smo\u017edila i Mar\u0161ala, i Vrhovni \u0161tab NOV i POJ i sve njihove proleterske divizije u kojima su, vidi povijesne ironije koja se narugala usta\u0161ama u brk, ve\u0107inom bili \u2013 Hrvati. I legendarni im vo\u0111a bio Hrvat i komunist. Tito, na\u0161 Stari, kumrove\u010dki Jo\u017ea, Ljubi\u010dica bijela i plava\u2026 Bilo je tako, \u0161to bi rekao Tomislav Jaki\u0107.<\/p>\n<p>\u201eLaudato TV je na na svojoj slu\u017ebenoj Facebook stranici objavio sliku s natpisom \u2018Ante zove, Luka vi\u010de, mi smo spremni izborni\u010de\u2019 jasno parafraziraju\u0107i usta\u0161ku pjesmu \u2018Evo zore, evo dana\u2019 u kojoj najpoznatiji stih glasi \u2018Jure zove, Boban vi\u010de, za dom spremni Poglavni\u010de\u2019\u201c, navode u IDS-u. \u201eSramotno je da se uspjesi na\u0161e nogometne reprezentacije koriste kao alibi za \u0161irenje fa\u0161isti\u010dkih parola. Zbog svega onoga \u0161to su pokazali na terenu, na\u0161i nogometa\u0161i zaslu\u017euju apsolutno po\u0161tovanje, a ne da ih se poistovje\u0107uje s nacisti\u010dkim suradnicima Franceti\u0107em, Bobanom i Paveli\u0107em. Nedopustivo je da jedna televizija javno isti\u010de simbole usta\u0161kog re\u017eima i time poti\u010de opasnu praksu normalizacije totalitarnih stavova koja je u Hrvatskoj, na \u017ealost, u posljednjih nekoliko godina uzela maha. Objava Laudato TV, televizije koja bi se po vokaciji trebala voditi na\u010delom tolerancije i kr\u0161\u0107anske ljubavi, uvredljiva je za sve gra\u0111ane Hrvatske. Urednike Laudato TV podsje\u0107amo da je usta\u0161ki pokret najve\u0107a mrlja u na\u0161oj povijesti i da je svako promoviranje simbola zlo\u010dina\u010dkog usta\u0161kog re\u017eima u svojoj osnovi duboko antihrvatsko. Tako za Hrvatsku navijaju samo oni koji je ne vole.\u201c<\/p>\n<p>Je li to i obrazac na kojem se kr\u0161\u0107anstvo \u2013 po izlasku iz katakomba i Konstantinovim ustoli\u010denjem na monoteisti\u010dki tron slu\u017ebene\/dr\u017eavne vjere \u2013 u krvi otarasilo \u201eheretika\u201c i zauzdalo milenijski opstanak, koji digitalno dru\u0161tvo argumentirano dovodi u pitanje? Otkako se fanovima Jure i Bobana posre\u0107ilo prero\u0161tati Vije\u0107e za elektroni\u010dke medije i otjerati agilnu predsjednicu Mirjanu Raki\u0107, barda (HRT) televizijskog novinarstva u Hrvatskoj, dakako da nova, ZNA SE dru\u017eina ne\u0107e uva\u017eiti IDS-ov zahtjev za \u201enajo\u0161trije sankcioniranje protuzakonitog pona\u0161anja Laudato TV-a\u201c tako da joj se \u201eodmah oduzme ili suspendira koncesija za emitiranje\u201c. To se ne \u010dini ni javnom HRT-u, gdje gotovo nema emisije bez nekriti\u010dkog, snishodljivog i agresivnog promicanja katolicizma i praznovjerja nau\u0161trb sekularizma, pluralnog gra\u0111anskog dru\u0161tva u kojem su vjera i vjerovanje privatna, duboko intimna stvar pojedinca. Nikako javna, tako da bode u o\u010di napisana i na plotu.<\/p>\n<p><strong>\u201eAli ja nisam vjernik!\u201c<\/strong><\/p>\n<p>Uzima se kao normalno da su svi slu\u0161atelji\/gledatelji katoli\u010dki fanatici, a nisu, pa ne mogu \u017eivjeti da im se dnevno \u2013 osobito nedjeljom, u redovnim prijenosima misnih slavlja \u2013 ne serviraju neprobavljive koli\u010dine indoktriniraju\u0107eg praznovjerja\/jednoumlja. Za\u010dinjenog zadrtim politikantstvom \u2013 referendumi, obitelj, poba\u010daji, LGBTQI manjinci, tzv. rodna ideologija, itsl. \u2013 i pronacifa\u0161izmom. Emisija \u201eHvaljen Isus i Marija\u201c jedna je u nizu. Ugovor HRT-a i Hrvatske biskupske konferencije (HBK) o suradnji sramotna je \u010dinjenica za javni medij \u2013 koji hara\u010dem od 80 kuna mjese\u010dno pla\u0107aju svi gra\u0111ani: katolici i inovjerci, ateisti i agnostici\u2026 \u2013 jer participacija vjerskih sadr\u017eaja u cjelini HRT-ovih programa znatno nadilazi objektivne potrebe \u0161ire javnosti. Crkva samostalno odre\u0111uje sadr\u017eaj i realizatore vjerskog programa, nitko \u201esvjetovan\u201c to ne nadzire, a podlo\u017eni\u010dka atmosfera u upravi i uredni\u010dkom traktu javne ku\u0107i dopu\u0161ta vjerskoj indoktrinaciji kapilarnu dominaciju u slici i rije\u010di na svim programima. I voditeljske eskapade, kojima se svaki gost apriorno tretira kao katolik.<\/p>\n<p>Ponekad dolazi do smije\u0161nih neugodnosti da sugovornik diskretno upozori voditelja: \u201eAli ja nisam vjernik!\u201c A ovaj se, ne razumijevaju\u0107i, kiselo ceri. Na toj je razini i ideolo\u0161ka nezrelost ili notorno kameleonstvo u odnosu na popudbinu nacifa\u0161isti\u010dkog, usta\u0161kog dijela hrvatske pro\u0161losti. Evidentna ne samo na javnom mediju HRT-u i cijeloj lepezi drugih medija nego i na obama dr\u017eavnim brdima, u politi\u010dkom mainstreamu, tzv. Crkvi u Hrvata, pa sve do stadionske rulje koja nema pojma \u0161to zna\u010di \u201eZa dom spremni\u201c. Tko je kriv za to \u0161to ne znaju? \u0160kola, kojoj je va\u017enije da dijete u petom razredu osmoljetke zna naizust u kojem stolje\u0107u je \u017eivio sv. Pavao i kako je progonio prve kr\u0161\u0107ane (ne da je i kamenovao sv. Stjepana, prvomu\u010denika), nego da dijete ne mora pitati kod ku\u0107e: \u201eTata, a tko je bio taj Tito?\u201c A on i njegovi, zapravo na\u0161i antinacifa\u0161isti, bili su bolja hrvatska pro\u0161lost. Crkva samo djelomi\u010dno jest, a usta\u0161e uop\u0107e nisu. I to\u010dka, ne amen. Tko djeci skriva istinu? Oni koji Hrvatskoj ne \u017eele dobro, nisu iskreni vjernici i la\u017eu da vole svoju domovinu.<\/p>\n<p>Narod koji se srami svoje bolje pro\u0161losti nema budu\u0107nost. Narod koji je prisiljen odgajati nove nara\u0161taje na povijesnim krivotvorinama i izmi\u0161ljenim mitovima radi bildanja tzv. nacionalne svijesti, pa \u0107e im zatajiti istinu da se \u201ekapa s tri roga\u201c nije borila \u201eprotiv Boga\u201c, sam si je kriv \u0161to \u0107e \u2013 ka\u017ee Gerovac \u201ekad zagusti\u201c \u2013 ponavljati do istrjebljenja epizode kad su najprije crni crvene do 1945., a crveni crne od 1945. osvetni\u010dki, bjesomu\u010dno hvatali za gu\u0161e. Velik je krimen duhovnih \u201epastira\u201c \u0161to su sudjelovali i nastavljaju sudjelovati u ideolo\u0161kom klin\u010du dobra i zla, silom guraju\u0107i Krista na stranu zla, jer ta rabota na kraju uglavnom skon\u010da u krvi. I jo\u0161 ve\u0107oj mr\u017enji. A Hrvata nema ni za pola Londona niti za cijelu ulicu u osrednjem kineskom gradu da bi se smjeli me\u0111usobno mrziti i ubijati.<\/p>\n<p>\u201eVjera koju je potrebno braniti zabijanjem bajuneta u srca druga\u010dijih i nije vjera nego vudu\u201c, poentira Goran Gerovac. \u201eUostalom, kad govorite o Isusu, zami\u0161ljate li ga kao antifa\u0161ista ili kao crnoko\u0161ulja\u0161a? Ja nemam dileme jer za mene je Je\u0161ua iskonski antifa\u0161ist koji je u borbu protiv zla krenuo iz snage osamljenosti svog nepobjedivog duha. Mo\u017eda bi zapjevao i Internacionalu da je znao rije\u010di i \u010duo note, mo\u017eda bi sljedbu poveo u \u0161umu ili bar ponovno i zamjenski u neki vrt da je slutio neprijatelja, ali sam siguran da ne bi \u0161utio. Ne bi! Pa i pod cijenu da Europa nikad ne bude kr\u0161\u0107anska.\u201c<\/p>\n<p>Ili je Ve\u010dernjakov admin mo\u017eda zbog forsirane \u201eideolo\u0161ke ravnote\u017ee\u201c probrao reagiranja \u010ditatelja na Gerov\u010dev komentar, pa pustio samo mrzila\u010dke i nafutrane ljutim nacifa\u0161izmom, ili taj dnevnik uistinu okuplja samo vjerski\/ideolo\u0161ki nastrani publikum, pa je onda sve jasno. I to za\u0161to je lo\u0161a dijagnoza civilizacijskog zdravlja Bijedne Na\u0161e. Te\u0161ko da ima tre\u0107eg. \u201e\u0160to ovo partizansko kopile Gerovac sugerira??!!\u201c, internetski grmi izvjesni plavac plavi, vjerojatno dobrano podmaliganjen plavcem malim, jer trijeznom katoliku i k tome Hrvatu takav diskurs ne bi pao na um. \u201eDa bi Isus bio za zlo\u010dince partizane, koji su bez su\u0111enja pobili nekoliko stotina tisu\u0107a Hrvata i vi\u0161e od 600 sve\u0107enika, redovnika i redovnica????!!\u201c Plavac plavi nije precizirao jesu li me\u0111u pobijenim redovnicama bile i one koje su u usta\u0161kom dje\u010djem konc-logoru u dvorcu Erd\u00f6dy u Jastrebarskom gla\u0111u, \u017ee\u0111u, premla\u0107ivnjem, hladno\u0107om i zvjerskim pogrdama \u201epomagale\u201c pohvatanoj srpskoj djeci s Banovine, Korduna, Like, Kozare\u2026 \u010dim prije oti\u0107i, valjda, u Kraljevstvo nebesko?<\/p>\n<p>Ili sve\u0107enici i redovnici \u0161to su u usta\u0161kim odorama sudjelovali u zlo\u010dinima i borbi protiv partizana, a nisu imali sre\u0107e 1945.-1946. nabasati na tzv. \u0161takorsku stazu sve\u0107enika Krunoslava Draganovi\u0107a, zakrabuljeni se opskrbiti la\u017enim dokumentima u Hrvatskom zavodu sv. Jeronima u Rimu te sakriti u mra\u010dnim jazbinama prekooceanskih zemalja, s diktatorskim re\u017eimima? Treba li me\u0111u pobijenim \u201emu\u010denicima\u201c u crkvenim haljinama prepoznati\u00a0 \u201efra Sotonu\u201c, kako su jasenova\u010dki uznici prozvali fra Miroslava (Tomislav) Filipovi\u0107a? \u010cesto spominjane fratre iz samostana u \u0160irokom Brijegu, koji su se oru\u017ejem suprotstavili partizanima i ubili vi\u0161e od 200 uglavnom Hrvata iz 11. dalmatinske brigade? Kad je palo to usta\u0161ko upori\u0161te, ubijeni fratri na\u0111eni su s oru\u017ejem, kao oni \u0161to su zarobljeni \u017eivi te u istrazi priznali \u0161to se doga\u0111alo. Ubijeni sve\u0107enik Zvonimir Brekalo, pak, iz usta\u0161ke postrojbe u konc-logoru Jasenovcu odavao je egzekutorima ispovjedne tajne zasu\u017enjenih, \u0161to je zna\u010dilo smrtnu presudu. Kriminaliziraju\u0107i partizanske \u201erazularene horde\u201c za ubojstva 664 isklju\u010divo katoli\u010dka sve\u0107enika, redovnika i redovnica, pronatalitetni je redikul don Anto Bakovi\u0107 zapisao o Brekalu: \u201eNikog nije ubio ni silovao, bio je pravi Hrvat, a jedino mjesto za Hrvate su bili usta\u0161e\u201c. Ve\u0107ina razumnih Hrvata i manji dio katoli\u010dkog klera bije 1941.-1945. dvojio: svoje su jedino mjesto vidjeli me\u0111u partiznima, ne me\u0111u usta\u0161ama.<\/p>\n<p>Od 1990-ih se neukima militantno \u017eeli prati mozgove \u201ezlo\u010dinima partizanskih divljih horda\u201c \u2013 u akciji je cijeli jedan pokret tzv. konzervativne revolucije, naslonjen na pronacifa\u0161isti\u010dke i rigidne dijelove tzv. Crkve u Hrvata \u2013 ne bi li se zlo\u010dince prepravilo u nacionalne junake, a luzersku ideologiju u temeljni kamen nacionalno \u010diste (sic transit) dr\u017eavne budu\u0107nosti. Pa \u0107e i sve\u0107enik Josip Kaurinovi\u0107 biti po\u017eeljan lik, jer to \u0161to je u Prijedoru pucao iz crkve na partizane, don Bakovi\u0107 \u0107e pohvaliti: \u201eTo je bio pravi borac za vjeru\u201c. Jer, \u201enije istina da su Hrvati zapo\u010deli ovu borbu. Krivi su Srbi i komunisti koji su mrzili NDH i koji su se digli protiv nje i mrzili Hrvate samo zato \u0161to su Hrvati\u201c. Te su uknji\u017eene nebuloze 2010. \u010distom peticom ocijenili, zapisao je tjednik Novosti, \u201ekardinali Josip Bozani\u0107 i Vinko Pulji\u0107 kao veoma zna\u010dajno djelo. Uostalom, \u0161to Crkva misli o toj knjizi dovoljno govori to \u0161to s\u00e2m vojni ordinarij Juraj Jezerinac dr\u017ei misu \u010dasnoj sestri \u017darki Ivasi\u0107, koja je u septembru 1943. godine usta\u0161ama, kada su provalili u Oto\u010dac, prokazala 27 nepokretnih partizanskih ranjenika koje su usta\u0161e onda zaklali\u201c.<\/p>\n<p>\u010casna je zaslu\u017eila paunovim perom po debelom mesu ili po kratkom postupku na prijekom sudu? Oni i njihovi potomci koji za \u201epartizansku bandu\u201c, njihove obitelji, \u0161iru rodbinu, \u010dak prijatelje i poznanike nisu imali nikakve milosti, suda ili ljudskog osje\u0107aja do li no\u017ea, metka, toljage, u\u017eeta, bodljikave \u017eice\u2026 \u2013 pa se \u010dak fotografirali sa zaklanim civilima kao s divljom lovinom, pale\u017eom i oplja\u010dkanom imovinom \u2013 sedam desetlje\u0107a po okon\u010danju tih doga\u0111aja zazivlju pravdu, sud, demokraciju, apeliraju na ljudskost\u2026 \u0160to je Katoli\u010dka crkva u Bijednoj Na\u0161oj zaslu\u017eila za to \u0161to ve\u0107 vi\u0161e od dva desetlje\u0107a u Zagrebu i Splitu slavi mise zadu\u0161nice najve\u0107em izrodu kojeg su Hrvati ikad imali, zlo\u010dincu Anti Paveli\u0107u, ludo pronacifa\u0161isti\u010dki politizira na Bleibur\u0161kom polju i \u0161irom RH odaje po\u010dast crnoko\u0161ulja\u0161ima koje je sustiglo milo za drago? I k tome odvla\u010di na njihovu stranu samog Isusa Krista, na na\u010din da mu za model pona\u0161anja u klin\u010du dobra i zla name\u0107e Alojzija Stepinca? U o\u010ditom nastavku kolaboracionisti\u010dke histerije?<\/p>\n<p>Pa, \u201ekad kucne odlu\u010duju\u0107i \u010das\u201c, ga\u0111a Gerovac usridu, na\u0107i \u0107e se ve\u0107 nekakav \u201ealibi da mirne savjesti i uz ispovijed grijeha okrene glavu kad zagusti\u201c. Licemjerno je re\u0107i kako mi nemamo ni\u0161ta sa zlo\u010dinima i osvetom za osvetu na koje crno zlo balkanski maloumnici s vremena na vrijeme natjeraju neko novo \u2013 topovsko meso. \u010cak i kad uteknu vje\u0161alima, strelja\u010dkom stroju ili jamama bez dna, ljudi nahvao (dum Marin) ne mogu izbje\u0107i povijesnu ludaru. Kome pri zdravom razumu treba gurati Krista me\u0111u takve, slaviti crnilo i zazivati blagoslov? Isus Krist vis-\u00e0-vis Alojzija Stepinca? Mission: Impossible.<\/p>\n<p><strong>Mr\u017enja, ispovijed i hostija<\/strong><\/p>\n<p>Ka\u017eu, istina boli, a glupost ne. Ili, \u010dega se pametan srami, time se budala di\u010di. Nevjerojatno je, me\u0111utim, da je gajni\u010dki duhovni \u201epastir\u201c vl\u010d. Ljubomir Vukovi\u0107 u tom smislu po\u017eelio \u2013 i to ba\u0161 u radijskoj emisiji \u201eHvaljen Isus i Marija\u201c (!?), gdje srijedom u 6,45 sati stalno nastupa \u2013 udariti na profesionalnu svijest novinara Gorana Gerovca, koji ima slobodu re\u0107i \u0161to misli i na toj slobodi, profesionalnoj svijesti i savjesti zara\u0111uje kruh svagda\u0161nji. Sve\u0107enik, zauzet u slobodno vrijeme kao pjesnik, glazbenik i internetski duhovnik, ali i kontroverzni protivnik LGBTQI manjinaca (smatra ih nastranima), zagovornik rigidnih svjetonazorskih stajali\u0161ta nije na\u0161ao razlo\u017enim \u2013 a to je smisao slu\u017ebe kojoj se posvetio \u2013 opaliti dru\u0161tvenomre\u017ene hiperproduktivce nevjerojatne koli\u010dine mr\u017enje, netolerancije, prostakluka, primitivizma i uvreda novinaru Gerovcu, kakve uvjereni kr\u0161\u0107anin ne smije prakticirati. Nisu na popisu izvornih kr\u0161\u0107anskih krijeposti, \u0161to ih j navodno propisao s\u00e2m Isus Krist. Mrziti i \u017eeljeti smrt drugom \u010dovjeku? U\u017eas. Vele\u010dasni \u2013 \u201eHvaljen Isus i Marija\u201c \u2013 o tome ni slova, pa vjerni\u010dko licemjerje dobiva na javnom legitimitetu. Dopu\u0161teno je i po\u017eeljno kad je katoli\u010dko\/hrvatsko.<\/p>\n<p>Kao \u0161to biva i s pono\u0107nim pronacifa\u0161isti\u010dkim grafiterima (usta\u0161ko u\u0161ato U s kri\u017eem me\u0111u krakovima, svastika, \u201eubij Mami\u0107a\u201c, \u201eubij Srbina\u201c, \u201eBog i Hrvati\u201c\u2026), i internetski se kukavelji kriju pod pseudonimima, \u0161iframa i la\u017enim profilima, ali i iza te kulise \u2013 stoje ljudi. Mora biti s krunicom oko vrata ili na automobilskom retrovizoru, svejedno? Manje-vi\u0161e redovni na ispovijedi, gdje svoju mr\u017enju i vjersko licemjerje \u2013 ka\u017ee papa Franjo gore od svakog ateizma \u2013 uop\u0107e ne spominju, jer ga ne smatraju grijehom. Mirne savjesti gutaju hostije. I mrze dalje i u\u017easnije nego prije ispovijedi. Da nije tako, ne bi mr\u017enja i prostakluk stupali strojevim korakom na procrkvenim hodnjama za ovo, za ono, gdje, ne bi erupirala iz \u201epastirskih\u201c homilija s oltara i izjava (npr. sisa\u010dkog biskupa Vlade Ko\u0161i\u0107a, prijetnji ekskomunikacijom pobornicima Istanbulske konvencije, itsl.), kuljala s dru\u0161tvenih mre\u017ea i crkvenih medija.<\/p>\n<p>Kakvi su to \u201epastiri\u201c i kako su odgojili svoje \u201estado\u201c, ako su spremni \u2013 \u201eu ime Krista protiv komunista\u201c, jelte \u2013 iskorijeniti svakog tko misli\/djeluje druk\u010dije od njih? Kakva je kvaliteta vjere u kojoj mr\u017enja i netrpeljivost prema drugima i druk\u010dijima nisu smrtni grijeh, pa na njega nije du\u017ean upozoriti ni sve\u0107enik u javnom mediju? Prije, nego na ideolo\u0161ku razliku.<\/p>\n<p><a href=\"http:\/\/www.tacno.net\/kolumna\/lustracija-zdrave-pameti-isus-krist-vis-a-vis-alojzija-stepinca\/\">ta\u010dno.net<\/a><\/p>\n","protected":false},"excerpt":{"rendered":"<p>Stepin\u010deve simpatije i suradnja (pokr\u0161tavanje Srba i \u017didova) s usta\u0161kim zlo\u010dina\u010dkim re\u017eimom tzv. NDH u kojem je od travnja 1942. bio vojni vikar, ali i njegov aktivni antikomunizam nemaju nikakve pozitivne poveznice s antinacifa\u0161izmom, a jo\u0161 su manje alibi za Isusovo pretpostavljeno distanciranje od antinacifa\u0161izma<\/p>\n","protected":false},"author":1,"featured_media":0,"comment_status":"open","ping_status":"closed","sticky":false,"template":"","format":"standard","meta":{"_seopress_robots_primary_cat":"","_seopress_titles_title":"","_seopress_titles_desc":"","_seopress_robots_index":"","_et_pb_use_builder":"","_et_pb_old_content":"","_et_gb_content_width":"","inline_featured_image":false,"footnotes":""},"categories":[5],"tags":[],"class_list":["post-249533","post","type-post","status-publish","format-standard","hentry","category-drugi-pisu"],"_links":{"self":[{"href":"https:\/\/www.pcnen.com\/portal\/wp-json\/wp\/v2\/posts\/249533","targetHints":{"allow":["GET"]}}],"collection":[{"href":"https:\/\/www.pcnen.com\/portal\/wp-json\/wp\/v2\/posts"}],"about":[{"href":"https:\/\/www.pcnen.com\/portal\/wp-json\/wp\/v2\/types\/post"}],"author":[{"embeddable":true,"href":"https:\/\/www.pcnen.com\/portal\/wp-json\/wp\/v2\/users\/1"}],"replies":[{"embeddable":true,"href":"https:\/\/www.pcnen.com\/portal\/wp-json\/wp\/v2\/comments?post=249533"}],"version-history":[{"count":0,"href":"https:\/\/www.pcnen.com\/portal\/wp-json\/wp\/v2\/posts\/249533\/revisions"}],"wp:attachment":[{"href":"https:\/\/www.pcnen.com\/portal\/wp-json\/wp\/v2\/media?parent=249533"}],"wp:term":[{"taxonomy":"category","embeddable":true,"href":"https:\/\/www.pcnen.com\/portal\/wp-json\/wp\/v2\/categories?post=249533"},{"taxonomy":"post_tag","embeddable":true,"href":"https:\/\/www.pcnen.com\/portal\/wp-json\/wp\/v2\/tags?post=249533"}],"curies":[{"name":"wp","href":"https:\/\/api.w.org\/{rel}","templated":true}]}}