{"id":249047,"date":"2018-06-29T07:08:07","date_gmt":"2018-06-29T05:08:07","guid":{"rendered":"http:\/\/www.pcnen.com\/portal\/?p=249047"},"modified":"2018-06-29T07:54:14","modified_gmt":"2018-06-29T05:54:14","slug":"europska-unija-migrantska-kriza-i-propast-zapada","status":"publish","type":"post","link":"https:\/\/www.pcnen.com\/portal\/2018\/06\/29\/europska-unija-migrantska-kriza-i-propast-zapada\/","title":{"rendered":"Europska unija, migrantska kriza i propast Zapada"},"content":{"rendered":"<p><strong>Autor: Damir Grubi\u0161a<\/strong><\/p>\n<p><a href=\"http:\/\/www.pcnen.com\/portal\/wp-content\/uploads\/2018\/06\/damir-grubisa.jpg\"><img loading=\"lazy\" decoding=\"async\" class=\"alignright size-medium wp-image-249048\" src=\"http:\/\/www.pcnen.com\/portal\/wp-content\/uploads\/2018\/06\/damir-grubisa-300x220.jpg\" alt=\"\" width=\"300\" height=\"220\" srcset=\"https:\/\/www.pcnen.com\/portal\/wp-content\/uploads\/2018\/06\/damir-grubisa.jpg 300w, https:\/\/www.pcnen.com\/portal\/wp-content\/uploads\/2018\/06\/damir-grubisa-235x172.jpg 235w, https:\/\/www.pcnen.com\/portal\/wp-content\/uploads\/2018\/06\/damir-grubisa-75x55.jpg 75w, https:\/\/www.pcnen.com\/portal\/wp-content\/uploads\/2018\/06\/damir-grubisa-220x161.jpg 220w, https:\/\/www.pcnen.com\/portal\/wp-content\/uploads\/2018\/06\/damir-grubisa-90x65.jpg 90w\" sizes=\"(max-width: 300px) 100vw, 300px\" \/><\/a>Paradoksalno, ali je \u201dpropast Zapada\u201d opet na dnevnom redu. Oswald Spengler je 1922. prorekao propast zapadne, \u201deuropsko-ameri\u010dke\u201d civilizacije, zasnovane na dominaciji novca i novih medija \u2013 u ono vrijeme tiskovnih medija \u2013 i dekadansi demokracije.<\/p>\n<p>Ovo posljednje razdoblje civilizacije, dr\u017ei Spengler, intelektualno je sterilno i politi\u010dki fragilno te li\u0161eno nade za milijune stanovnika.<\/p>\n<p>U ne\u010demu je Spengler bio u pravu, a to je da propast Zapada vodi sukobu civilizacija, a zapadna je ona koja je na zalazu \u2013 to se pokazalo i u usponu fa\u0161izma u svim njegovim ina\u010dicama, nacizmu, frankizmu, usta\u0161tvu i inima.<\/p>\n<p>I danas zapadna, ta europsko-ameri\u010dka civilizacija, zasnovana na dominaciji novca i onih koji njime najvi\u0161e raspola\u017eu, na takozvanom neoliberalnom tr\u017ei\u0161tu koje funkcionira dok slu\u017ei najbogatijima, a kad se drugi uguraju na to tr\u017ei\u0161te i po\u010dinju pobje\u0111ivati slu\u017ee\u0107i se tim istim sredstvima (primjer Kine!), li\u0161ava nade i ubija ju kod svih drugih koji ne pripadaju tom civilizacijskom krugu<\/p>\n<p>Europska unija je svojim projektom ukidanja granica u Europi do\u017eivjela fijasko ba\u0161 u slu\u010daju onih zemalja koje su najvi\u0161e profitirale ulaskom u EU: Ma\u0111arske, Poljske, a i \u010ce\u0161ke i Slova\u010dke, koje pak di\u017eu \u017ei\u010dane ograde prema najezdi \u201dbarbara\u201d s drugih kontinenata, ali i prema svojim susjedima. Bogatom katalogu previda, propu\u0161tenih \u0161ansi za izgradnju Europe bez granica pridodaje se sada i prividna neutralnost u slu\u010daju grani\u010dnog sukoba Slovenije i Hrvatske.<\/p>\n<p>Umjesto da EU djeluje kao posrednik izme\u0111u te dvije zemlje koje \u2013 obje \u2013 negiraju osnovne principe Europe bez granica inzistiraju\u0107i na jednom besmislenom i povijesno anakronom sukobu tamo gdje bi granice morale biti eliminirane samom primjenom zdravog razuma i na\u010dela uzajamne koristi \u2013 EU progla\u0161ava taj spor bilateralnim problemom dvije zemlje i pilatovski pere ruke od svoje odgovornosti, idejne i materijalne.<\/p>\n<p>Hrvatska i Slovenija \u0107e se desetlje\u0107ima sporiti o granici u zaljevu u kojem se, kako je rekao svojedobno rekao jedan TV komi\u010dar, sve ribe poznaju me\u0111usobno po imenu, toliko je velik.<\/p>\n<p>EU bi morala, u skladu sa svojim na\u010delima prevladavanja granica izme\u0111u svojih \u010dlanica, itekako intervenirati i posredovati u pronala\u017eenju rje\u0161enja da se arbitra\u017ena odluka o toj granici provede u djelo, a ne da slegne ramenima na implikacije tog sukoba koje u uvjetima uspona populizma i nacionalizma u obje zemlje prijete nepotrebnim zao\u0161travanjima, provokacijama i kona\u010dno napetostima kojih zasada nema, ali koje nisu isklju\u010dene.<\/p>\n<p>Valovi populizma, nacionalizma, ksenofobije, rasizma i mr\u017enje zapljuskuju obje zemlje, a izborni rezultati pokazuju da manipulacija javnim mnijenjem itekako dobro funkcionira u uvjetima novih medija, a ne samo tiska, kako je smatrao Spengler.<\/p>\n<p>I u slu\u010daju Poljske i Ma\u0111arske i njihove ksenofobi\u010dne, populisti\u010dke i nacionalisti\u010dke politike, a i revizionizma koji raste u njima (kao i u drugim isto\u010dnoeuropskim zemljama, napose u Hrvatskoj) EU nepotrebno okoli\u0161a umjesto da energi\u010dno da do znanja da je na djelu antieuropska politika koja negira same principe europskog projekta mira, suradnje, solidarnosti i blagostanja za sve, kako je istaknuto u preambuli europskog Ustava.<\/p>\n<p>No to su simptomi op\u0107e bolesti EU koju su odavno detektirali mislioci Europe kao \u0161to su Zygmunt Baumann, Edgar Morin, Ulrich Beck, Ivan Krastev, Guy Verhofstadt i George Soros, a me\u0111u njima je najve\u0107i simptom te \u201dpropasti Zapada\u201d izbjegli\u010dka kriza koja dramati\u010dno mijenja prirodu demokratske politike na nacionalnim razinama \u0161irom kontinenta.<\/p>\n<p>Tragedija migranata koju Zapad ne razumije i ne umije rije\u0161iti na pravi na\u010din pokrenuo je lavinu populizma i nacionalizma, rasizma i ksenofobije u pobuni protiv centristi\u010dkih establi\u0161menata koji svojim ne\u010dinjenjem ili lo\u0161im \u010dinjenjem, nesvjesno ili polusvjesno, raspiruju vatru tih destruktivnih ultradesni\u010darskih snaga i ideja.<\/p>\n<p>Najve\u0107i izazov za Europu danas je ba\u0161 nepostojanje jedne zajedni\u010dke politike prema migrantima, prepoznavanje izbjegli\u010dke krize kao centralnog problema ne samo dana\u0161nje Europe ve\u0107 i cijelog svijeta.<\/p>\n<p>Sada, kada Europa izgleda izlazi iz faze konfrontacije s terorizmom vjerskog fundamentalizma kao najve\u0107om prijetnjom zapadnoj civilizaciji, Zapad se suo\u010dava s jo\u0161 ve\u0107om krizom koju ne uspijeva rije\u0161iti, a to je ba\u0161 izbjegli\u010dka kriza.<\/p>\n<p>Ono \u0161to se doga\u0111a u Europi nije samo uspon populisti\u010dkih snaga protiv establi\u0161menta s kojim mediji koketiraju jer predstavlja atraktivnu vijest, ve\u0107 je to pobuna glasa\u010da protiv politi\u010dkih elita, protiv politi\u010dke kaste koja vlastitim imobilizmom prema izbjegli\u010dkoj krizi poti\u010de stanje anksioznosti i ugro\u017eenosti kod izmanipuliranih masa.<\/p>\n<p>Tako se u populisti\u010dkoj propagandi, preko klasi\u010dnih i novih medija, \u0161iri psihoza da migranti ugro\u017eavaju na\u010din \u017eivota i da je aktualna kriza rezultat urote izme\u0111u kozmopolitski orijentiranih elita i plemenskih masa koje se \u017eele do\u010depati bogatog Zapada i uni\u0161titi zapadni na\u010din \u017eivota.<\/p>\n<p>Nova vlast talijanskih populista, takozvanog \u201dnaroda mre\u017ee\u201d otjelovljenog u Pokretu 5 zvijezda, u sprezi s populisti\u010dkom, rasisti\u010dkom, ksenofobnom i nasilnom Ligom prekr\u0161ila je osnovna pravila solidarnosti i pomo\u0107i ugro\u017eenima na moru kada je ministar unutarnjih poslova Italije Matteo Salvini odbio pristajanje plovila \u201dAquarius\u201d sa oko 600 iscrpljenih izbjeglica u talijanske luke.<\/p>\n<p>Ni Malta nije htjela postupiti po osnovnim pravilima spa\u0161avanja \u017eivota na moru i da nije prisko\u010dila nova \u0161panjolska ljevi\u010darska vlada, taj bi brod jo\u0161 i danas plutao vodama Mediterana.<\/p>\n<p>Ne poma\u017eu ni emotivni apeli pape Franje koji poku\u0161ava probuditi uspavanu svijest Zapada i to uglavnom zato jer ga sabotiraju na ni\u017eim hijerarhijskim stepenicama njegove vlastite organizacije \u2013 Katoli\u010dke crkve.<\/p>\n<p>Angela Merkel je zbog svog tolerantnog i humanog stava prema migrantima do\u0161la u sukob sa svojim istomi\u0161ljenicima u sestrinskoj demokr\u0161\u0107anskoj stranci koja prijeti izazivanjem krize, a i francuski predsjednik Macron koji na rije\u010dima podr\u017eava njema\u010dku kancelarku nije previ\u0161e sklon dopustiti iskrcavanje migranata na svoje obale.<\/p>\n<p>U tom kolopletu otvorenih i prikrivenih rasizama, nacionalizama i ksenofobije utapa se Europska unija.<\/p>\n<p>Angela Merkel je po\u0161teno priznala da je pitanje kako pristupiti migraciji presudni ispit za budu\u0107nost i jedinstvo Europe i zala\u017ee se za uskla\u0111en, jedinstveni odgovor na migrantsku krizu, jer \u0107e ina\u010de cijelu Europu zahvatiti val dezintegracije \u2013 uvod, ovoga puta, u pravu propast Zapada.<\/p>\n<p><a href=\"http:\/\/www.autograf.hr\/europska-unija-migrantska-kriza-i-propast-zapada\/\">autograf.hr<\/a><\/p>\n","protected":false},"excerpt":{"rendered":"<p>U kolopletu otvorenih i prikrivenih rasizama, nacionalizama i ksenofobije utapa se EU<\/p>\n","protected":false},"author":1,"featured_media":249048,"comment_status":"open","ping_status":"closed","sticky":false,"template":"","format":"standard","meta":{"_seopress_robots_primary_cat":"","_seopress_titles_title":"","_seopress_titles_desc":"","_seopress_robots_index":"","_et_pb_use_builder":"","_et_pb_old_content":"","_et_gb_content_width":"","inline_featured_image":false,"footnotes":""},"categories":[5],"tags":[],"class_list":["post-249047","post","type-post","status-publish","format-standard","has-post-thumbnail","hentry","category-drugi-pisu"],"_links":{"self":[{"href":"https:\/\/www.pcnen.com\/portal\/wp-json\/wp\/v2\/posts\/249047","targetHints":{"allow":["GET"]}}],"collection":[{"href":"https:\/\/www.pcnen.com\/portal\/wp-json\/wp\/v2\/posts"}],"about":[{"href":"https:\/\/www.pcnen.com\/portal\/wp-json\/wp\/v2\/types\/post"}],"author":[{"embeddable":true,"href":"https:\/\/www.pcnen.com\/portal\/wp-json\/wp\/v2\/users\/1"}],"replies":[{"embeddable":true,"href":"https:\/\/www.pcnen.com\/portal\/wp-json\/wp\/v2\/comments?post=249047"}],"version-history":[{"count":0,"href":"https:\/\/www.pcnen.com\/portal\/wp-json\/wp\/v2\/posts\/249047\/revisions"}],"wp:featuredmedia":[{"embeddable":true,"href":"https:\/\/www.pcnen.com\/portal\/wp-json\/wp\/v2\/media\/249048"}],"wp:attachment":[{"href":"https:\/\/www.pcnen.com\/portal\/wp-json\/wp\/v2\/media?parent=249047"}],"wp:term":[{"taxonomy":"category","embeddable":true,"href":"https:\/\/www.pcnen.com\/portal\/wp-json\/wp\/v2\/categories?post=249047"},{"taxonomy":"post_tag","embeddable":true,"href":"https:\/\/www.pcnen.com\/portal\/wp-json\/wp\/v2\/tags?post=249047"}],"curies":[{"name":"wp","href":"https:\/\/api.w.org\/{rel}","templated":true}]}}