{"id":249006,"date":"2018-06-28T11:01:43","date_gmt":"2018-06-28T09:01:43","guid":{"rendered":"http:\/\/www.pcnen.com\/portal\/?p=249006"},"modified":"2018-06-28T11:09:56","modified_gmt":"2018-06-28T09:09:56","slug":"pismo-makedonskom-prijatelju","status":"publish","type":"post","link":"https:\/\/www.pcnen.com\/portal\/2018\/06\/28\/pismo-makedonskom-prijatelju\/","title":{"rendered":"Pismo makedonskom prijatelju"},"content":{"rendered":"<p><strong>Autor:Ahmed Buri\u0107<\/strong><\/p>\n<p><a href=\"http:\/\/www.pcnen.com\/portal\/wp-content\/uploads\/2014\/06\/ahmet-buric.jpg\"><img loading=\"lazy\" decoding=\"async\" src=\"http:\/\/www.pcnen.com\/portal\/wp-content\/uploads\/2014\/06\/ahmet-buric-300x217.jpg\" alt=\"\" width=\"300\" height=\"217\" class=\"alignright size-medium wp-image-148330\" \/><\/a>Dragi i \u0161tovani, sa ne\u0161to brige i zebnje pratio sam doga\u0111aje u va\u0161oj zemlji posljednjih dana.<\/p>\n<p>Mene, kao \u0161to znate, to direktno tangira: zbog vas, zbog ostalih prijatelja iz Skopja, zbog neke \u010dudne veze koja se trajno uselila u moju du\u0161u. Mo\u017eda je u pravu kolega profesor i mentor, sreli ste ga u Buybooku, koji ka\u017ee da se vidi da sam ja u pro\u0161lom \u017eivotu bio Makedonac. To bi morao biti kompliment, jer bih onda pripadao tako po\u017eeljnom soju anti\u010dkih makedonaca, Aleksandrovih prijatelja i potomaka, ali sve ne\u0161to mislim da me ta karma nije dopala ni u onom \u017eivotu: bi\u0107e da nisam pjevao sa Sapfo, slu\u0161ao Platonova predavanja ili se smijao s Aristofanom. Mora da me je zapala neka od stra\u0161nih bitaka, na Peloponezu ili kod Termopila, pa mi se rat zgadio za sva vremena. A rat je, vjerujte mi na rije\u010d, dragi i \u0161tovani prijatelju, najgori od svega. I od sveg srca \u017eelim da se ne dogodi Makedoniji, jer osje\u0107am kakve bi razorne posljedice mogao imati.<\/p>\n<p>Ne dao bog nikome, kako se ka\u017ee kod nas. Pogotovo ne Makedoniji.<\/p>\n<p>A na\u0161e su dvije zemlje toliko sli\u010dne: multinacionalno \u0161arenilo, koje je svoje trajno zavje\u0161tanje ostavilo na dezenima tepiha i prostirki, u posljednjih dvije decenije je zamijenjeno sivilom jednoobraznosti. Linije etni\u010dkog razgrani\u010denja, gdje \u017eive samo Albanci i samo Makedonci, postale su normalna stvar, vi\u0161e skoro da ih i ne primije\u0107ujemo. Makedonija, kao ni Bosna, nije imala veliku sre\u0107u sa susjedima. Samo \u0161to je s Makedonijom stvar unekoliko gora, jer je vi\u0161e susjeda aspiranata na teritorij, jezik, naciju, \u010dak i religiju.<\/p>\n<p>Oko imena, dilema nikada nije postojala. Kako je govorio veliki Bla\u017ee Koneski: mnogo veliko ime nosimo, i proba\u0107e nam ga uzeti.  Za mene i za svakog  kome su elemtarne stvari jasne, ta se zemlja uvijek zvala Makedonija. I za vrijeme dok smo bili u zajedni\u010dkoj dr\u017eavi. Negiranje imena od strane Gr\u010dke, uvijek je bilo besmisleno, i ranije sam pisao o tome. Kad \u010dovjek prou\u010di povijesne okolnosti  do\u0111e do zaklju\u010dka da je pravedno da se ta zemlja zove \u2013 Vardarska Makedonija. No, ni to Grci nisu htjeli prihvatiti: isklju\u010divali su svaku pomisao da se \u201cnjihovo\u201d im pominje u bilo kojem kontekstu i po\u010dela je duga, iscrpljuju\u0107a borba, koja ovih dana dobija jednu vrstu epiloga. Me\u0111unarodna zajednica je, to \u0161tovani znate bolje od mene, licemjerna i birokratska rabota: taj se spor mogao jednostavno ranije rije\u0161iti, ali Balkan, suprotno od do\u017eivljaja samoga sebe \u2013 nije centar svijeta. Njega se sjete ili kad se puca, ili kad barut miri\u0161e.<\/p>\n<p>Premijeri Zaev i Cipras, unato\u010d protivljenju radikala s obje strane potpisali su dogovor, za koji vjerujem da nije najsretnije rje\u0161enje, \u0161to ste i nazna\u010dili u svojim pisanjima na dru\u0161tvenim mre\u017eama, ali jeste jedan od mogu\u0107ih poku\u0161aja. Ime Sjeverna Makedonija, svakako, ne\u0107emo koristiti mi kojima je ono apsurdno, ali ako je to put kojim \u0107e se priznati jezik (\u0161to je glavna odrednica kulture)) i krenuti prema nekim integracijama \u2013 za\u0161to ne?<\/p>\n<p>Previ\u0161e je onih koji jedva \u010dekaju da se ne prihvati bilo kakav kompromis, pa da nastave eksploatisati tu zemlju i dr\u017eati je prikovanu za evropsko dno. Mo\u017eda su u pravu oni koji ka\u017eu da se tim sporazumom ratificira zemlja \u010diji bi najta\u010dniji naziv bio NATO \u2013 Makedonija, ali dobro je iza\u0107i iz za\u010daranog kruga u kojem vas dr\u017ee mali profa\u0161isti koji se guraju pod Putinove skute, a furaju se na Orbana. Sad je ovaj posljednji, odjednom, postao najve\u0107i zagovornik imena Makedonija, i naprasno zavolio va\u0161 narod. To je, kako bi mi rekli, \u201c\u0161uplja\u201d: niti je Orbanu do Makedonije, niti njome vlada njegov nekada\u0161nji mentor, a danas najve\u0107i neprijatelj Soro\u0161. Socijalizam pod ruskom stegom nikome nije donio sre\u0107u, ali jugoslavenski je Makedoniji ne\u0161to dao. Znate da sam i taj dio povijesti dosta dobro prou\u010dio: znam da je isklju\u010divanje \u010centa Andonova od Svetozara Vukmanovi\u0107a Tempa pred kraj 2. Svjetskog rata bio uspostava linije fronta prema bugarskim interesima.  I znam da je to u krajnjoj varijanti bilo nepotrebno, jednako kako je idiotski bio poku\u0161aj va\u0161eg predsjednika dr\u017eave da ode na noge bugarskom predsjedniku Borisovu, i tra\u017ei pomo\u0107 protiv Gr\u010dke kako bi sprije\u010dio dogovor. Bojko se, nasre\u0107u, pokazao kao ozbiljan \u010dovjek, pa ga je vratio.<\/p>\n<p>Te\u0161ko je vjerovati u te teorije zavjere koju obi\u010dno \u0161ire nacionalisti, a to je da je \u201cAmerika Makedoniji namijenila ulogu nosa\u010da aviona.\u201d Nije tako jednostavno napraviti od neke zemlje vojnu bazu, a nijedna od ovih na\u0161ih malih dr\u017eavica nije centar svijeta. <\/p>\n<p>Nemam vam namjeru govoriti kako vam je, niti na bilo koji na\u010din sugerirati \u0161ta je za vas bolje, ali imam duboki osje\u0107aj da je sve bolje od pro\u0161le vlasti, jer sam u to doba bio u Makedoniji i osjetio \u0161to rade narodu i kakvu atmosferu \u0161ire. Sve je bolje od premla\u0107ivanja neistomi\u0161ljenika u Parlamentu, od apsolutne kontrole lokalnih medija, od spinovanja preko stranih i to pla\u0107enim tekstovima u kojima pi\u0161e da zemlja u kojoj je mjese\u010dna pla\u0107a 300 eura raj za investitore.<\/p>\n<p>Sve je, dragi moj i \u0161tovani, bolje od toga da mafija ima svoju dr\u017eavu. Kao kod nas.<\/p>\n<p>Nemojte, molim vas, pomisliti da eventualno plediram za ne\u010diju politi\u010dku stranu u ovim trvenjima, meni je svaka vlast \u2013 tu\u0111a. Ali, ona koju je vodio Gruevski jeste bila mafija\u0161ka. A dogovor s Grcima, iako dio slobodoljubivih ljudi misli da je prinuda, ne djeluje kao mafija\u0161ki posao. Sve i da iza svakog paragrafa ugovora stoji nevidljiva ruka Zapada, Makedonci \u0107e ostati Makedonci, a nonsens da ikada mogu biti Sjeverni. To je mogu\u0107e, otprilike, kao i to da su anti\u010dki.<\/p>\n<p>Kako slavenska pismenost, a i neke druge stvari, potje\u010du iz te zemlje, ona se ima \u010dime ponositi. Ljudima poput vas, kojima samo \u017eelim poru\u010diti da sam i sada, u  nekim prijelomnim vremenima, uz njih. Stanje i \u017eivot u nekoj zemlji, tome su nas nau\u010dile posljednje decenije, vi\u0161e odre\u0111uju mentalitet i kultura, nego bilo kakve pisane regule i ugovori.<\/p>\n<p>Na Makedoncima treba biti da izaberu \u0161to je najbolje za njih i njihovu budu\u0107nost. Iskreno vam to \u017eelim.<br \/>\n<a href=\"https:\/\/www.radiosarajevo.ba\/kolumne\/ahmed-buric\/pismo-makedonskom-prijatelju\/304106\">radiosarajevo.ba<\/a><\/p>\n","protected":false},"excerpt":{"rendered":"<p>Sve je, dragi moj i \u0161tovani, bolje od toga da mafija ima svoju dr\u017eavu. Kao kod nas.<\/p>\n","protected":false},"author":1,"featured_media":0,"comment_status":"open","ping_status":"closed","sticky":false,"template":"","format":"standard","meta":{"_seopress_robots_primary_cat":"","_seopress_titles_title":"","_seopress_titles_desc":"","_seopress_robots_index":"","_et_pb_use_builder":"","_et_pb_old_content":"","_et_gb_content_width":"","inline_featured_image":false,"footnotes":""},"categories":[5],"tags":[],"class_list":["post-249006","post","type-post","status-publish","format-standard","hentry","category-drugi-pisu"],"_links":{"self":[{"href":"https:\/\/www.pcnen.com\/portal\/wp-json\/wp\/v2\/posts\/249006","targetHints":{"allow":["GET"]}}],"collection":[{"href":"https:\/\/www.pcnen.com\/portal\/wp-json\/wp\/v2\/posts"}],"about":[{"href":"https:\/\/www.pcnen.com\/portal\/wp-json\/wp\/v2\/types\/post"}],"author":[{"embeddable":true,"href":"https:\/\/www.pcnen.com\/portal\/wp-json\/wp\/v2\/users\/1"}],"replies":[{"embeddable":true,"href":"https:\/\/www.pcnen.com\/portal\/wp-json\/wp\/v2\/comments?post=249006"}],"version-history":[{"count":0,"href":"https:\/\/www.pcnen.com\/portal\/wp-json\/wp\/v2\/posts\/249006\/revisions"}],"wp:attachment":[{"href":"https:\/\/www.pcnen.com\/portal\/wp-json\/wp\/v2\/media?parent=249006"}],"wp:term":[{"taxonomy":"category","embeddable":true,"href":"https:\/\/www.pcnen.com\/portal\/wp-json\/wp\/v2\/categories?post=249006"},{"taxonomy":"post_tag","embeddable":true,"href":"https:\/\/www.pcnen.com\/portal\/wp-json\/wp\/v2\/tags?post=249006"}],"curies":[{"name":"wp","href":"https:\/\/api.w.org\/{rel}","templated":true}]}}