{"id":248948,"date":"2018-06-27T08:00:30","date_gmt":"2018-06-27T06:00:30","guid":{"rendered":"http:\/\/www.pcnen.com\/portal\/?p=248948"},"modified":"2018-06-27T08:01:09","modified_gmt":"2018-06-27T06:01:09","slug":"ovde-je-i-bog-rekao-laku-noc-iako-je-i-on-srbin","status":"publish","type":"post","link":"https:\/\/www.pcnen.com\/portal\/2018\/06\/27\/ovde-je-i-bog-rekao-laku-noc-iako-je-i-on-srbin\/","title":{"rendered":"Ovde je i bog rekao laku no\u0107, iako je i on Srbin"},"content":{"rendered":"<p><strong>Autor: Dinko Gruhonji\u0107<\/strong><\/p>\n<p><a href=\"http:\/\/www.pcnen.com\/portal\/wp-content\/uploads\/2018\/06\/Dinko-gruhonjic.jpg\"><img loading=\"lazy\" decoding=\"async\" src=\"http:\/\/www.pcnen.com\/portal\/wp-content\/uploads\/2018\/06\/Dinko-gruhonjic-300x220.jpg\" alt=\"\" width=\"300\" height=\"220\" class=\"alignright size-medium wp-image-248949\" \/><\/a>Kada je makedonski premijer Zoran Zaev tog nedeljnog prepodneva razvezao \u010dvor svoje kravate i poklonio je svom gr\u010dkom kolegi Aleksisu Ciprasu, kao simboli\u010dan gest da je razmr\u0161en regionalni gordijev \u010dvor, obradovao se svako normalan, do\u010dim su i gr\u010dki i makedonski nacionalisti popizdeli, ba\u0161 kao i osoba koja se predstavlja kao ministar spoljnih poslova Srbije Ivica Da\u010di\u0107. <\/p>\n<p>Zvani\u010dna Srbija je i u narednim danima odlu\u010dila da \u201cmudro\u201d od\u0107uti, a Da\u010di\u0107 je tek na pitanje novinara da prokomentari\u0161e postizanje sporazuma Atine i Skoplja veoma kiselo i na jedvite jade procedio ne\u0161to u stilu da se Srbija ne me\u0161a u regionalna pitanja suseda. To, me\u0111utim, nije bio slu\u010daj kada je pre vi\u0161e od godinu dana u Makedoniji poku\u0161an dr\u017eavni udar, od strane notornog i korumpiranog nacionaliste Nikole Gruevskog, Vu\u010di\u0107evog i Da\u010di\u0107evog nacionalisti\u010dkog pajta\u0161a, koji je kona\u010dno ljosnuo s vlasti da je sve zvonilo, a sprema mu se i robija. Uloga Srbije u tom poku\u0161aju pu\u010da nikada do kraja nije rasvetljena, \u0161to ne zna\u010di da se to pitanje u nekoj bli\u017eoj budu\u0107nosti ne\u0107e staviti na me\u0111unarodni dnevni red. <\/p>\n<p>Makedonija je, na u\u017eas srpskih nacionalista, krenula putem Crne Gore: prema NATO-u a zatim i prema EU. Da\u010di\u0107eva reakcija mo\u017eda zna\u010di i da taj u\u010denik Slobodana Milo\u0161evi\u0107a i neskriveni Putinov eksponent jo\u0161 uvek ma\u0161ta o tome da se Makedonija mo\u017ee gurnuti u nemire i da se otvorena perspektiva mo\u017ee zatvoriti. Ko zna, mo\u017eda se Da\u010di\u0107 na makedonskom ka\u017ee Gruevski\u2026 <\/p>\n<p>Ni srbijanski prore\u017eimski mediji nisu se ni malo obradovali gr\u010dko-makedonskom sporazumu. A reklo bi se niti \u201cobi\u010dni gra\u0111ani\u201d. Pa se, metodom slu\u010dajnog anketnog uzorka, o\u010devidno mo\u017ee ustanoviti da je logika prose\u010dnog nacionalisti\u010dkog \u017eitelja ove od pameti odvojene dr\u017eave: \u201cHa, pa sve je jasno, vide\u0107e Makedonci svoga boga, sve je to u svrhe stvaranja velike Albanije!\u201d.<\/p>\n<p>Ovo je samo najnovija manifestacija prili\u010dno kolektivnog nacionalisti\u010dkog psihijatrijskog poreme\u0107aja koji se otprilike mo\u017ee sa\u017eeti u slede\u0107u dijagnozu: sve \u0161to je u civilizovanom svetu normalno, ovde se me\u0111u vi\u0161e nego brojnim nacionalistima progla\u0161ava za nenormalno. I obrnuto. Ako odete na pijacu, u gradski autobus, u kafi\u0107, u \u010dekaonicu Domu zdravlja, stanete u red na po\u0161tanskom \u0161alteru \u2026 \u010du\u0107ete kako se \u201cbistri politika\u201d i posta\u0107e vam jasno da se ovde neverovatno veliki broj ljudi raduje tu\u0111oj nesre\u0107i i iskreno u\u017eiva u svemu \u0161to je s onu stranu zdravog razuma. <\/p>\n<p>Ovde se pucalo iz pu\u0161aka i pi\u0161tolja u znak slavlja kada su sru\u0161eni \u201cblizanci\u201d u Njujorku 2001. godine. Ovde se ne zna da li se \u201cobi\u010dni gra\u0111ani\u201d raduju zato \u0161to je Srbija pobedila ili zato \u0161to je Hrvatska izgubila u fudbalu ili u bilo \u010demu drugom. Ovde se ljudi naje\u017ee i pla\u010du od sre\u0107e kada \u010duju himnu tu\u0111e dr\u017eave, to jest Rusije. Ovde se kli\u010de \u201cVladimire Putine, ra\u0161iri nam butine\u201d. Ovde je normalno da se divi\u0161 Rusiji, ali da decu \u0161alje\u0161 da se obrazuju na Zapad. Ovde se biv\u0161i predsednik dr\u017eave, po zanimanju grobar, zalagao da Srbija postane ruska gubernija. Ovde se na stadionima peva \u201cNo\u017e, \u017eica, Srebrenica\u201d i ispisuju grafiti \u201c\u017dao mi je Srebrenice mila, \u0161to se nisi dvaput dogodila\u201d. Ovde osu\u0111eni ratni zlo\u010dinac Vojislav \u0160e\u0161elj bez problema sedi u skup\u0161tini kao poslanik. Ovde isti taj \u0107osavi \u010detni\u010dki vojvoda kupuje ku\u0107u u Hrtkovcima, odakle je prethodno proterao Hrvate i zbog toga osu\u0111en na deset godina robije. Ovde je Aleksandar Vu\u010di\u0107, politi\u010dki sin \u0107osavog vojvode, predsednik dr\u017eave. Ovde je Ivica Da\u010di\u0107, petpara\u010dki kafanski peva\u010d bez sluha, ministar spoljnih poslova. Ovde se slavi Ratko Mladi\u0107.<\/p>\n<p>Ovde se te\u0161ko bolesna deca le\u010de SMS-om umesto u bolnicama, dok se TV Pinku otpisuju ogromna poreska dugovanja, a hu\u0161ka\u010dkim propagandnim re\u017eimskim glasilima dodeljuju ogromne sume iz bud\u017eeta. Ovde se pe\u0161aci gaze po pe\u0161a\u010dkim prelazima. Ovde se asfaltiraju parkovi. Ovde se kupuju diplome i plagiraju doktorati. Ovde se biju i ubijaju \u017eene. Ovde je normalno da tu\u010de\u0161 svoju decu. Ovde se kradu izbori. Ovde nema opozicije. Ovde su ljudi podanici, a ne gra\u0111ani. Ovde \u0107e ljudi \u0107utke gledati kako manijaci prebijaju sugra\u0111anina. Ovde se svi guraju i idu preko reda. Ovde se ljudi retko kupaju i retko peru zube.<\/p>\n<p>Ovde je va\u017enije da si \u010dlan partije nego \u0161ta ima\u0161 u glavi. Ovde profesori u penziji kopaju po kontejnerima, a barabe grade vile s bazenima. Ovde su ljudi potpuno sigurni da je Kosovo nepravedno oteto, zbog nekakve veoma retke rude koja treba Amerikancima. Ovde se ljudi prave da ne znaju da je Kosovo izgubljeno u ratu u kojem su po\u010dinjeni nepojamni zlo\u010dini i u kojem je Milo\u0161evi\u0107ev re\u017eim poku\u0161ao, lu\u0111a\u010dki i krvni\u010dki, da protera 800.000 Albanaca. Ovde je normalno da se \u017eivi na masovnim grobnicama. Ovde ljudi &#8211; nakon svega &#8211; najvi\u0161e veruju Srpskoj pravoslavnoj crkvi i Vojsci Srbije. Ovde ljudi veruju \u010dak i Aleksandru Vu\u010di\u0107u! Ovde je, brate mili, i staro i mlado iskreno i masovno ube\u0111eno da su Srbi izabrani, nebeski narod, kojem upravo zbog toga celi svet radi o glavi. Pa jebotebog &#8211; dokle?! E, pa &#8211; do poslednjeg daha\u2026 Jer ovde je bog rekao laku no\u0107. Iako je i bog Srbin\u2026<\/p>\n<p>Lupiga.Com<\/p>\n","protected":false},"excerpt":{"rendered":"<p>Ovde profesori u penziji kopaju po kontejnerima, a barabe grade vile<\/p>\n","protected":false},"author":1,"featured_media":0,"comment_status":"open","ping_status":"closed","sticky":false,"template":"","format":"standard","meta":{"_seopress_robots_primary_cat":"","_seopress_titles_title":"","_seopress_titles_desc":"","_seopress_robots_index":"","_et_pb_use_builder":"","_et_pb_old_content":"","_et_gb_content_width":"","inline_featured_image":false,"footnotes":""},"categories":[5],"tags":[],"class_list":["post-248948","post","type-post","status-publish","format-standard","hentry","category-drugi-pisu"],"_links":{"self":[{"href":"https:\/\/www.pcnen.com\/portal\/wp-json\/wp\/v2\/posts\/248948","targetHints":{"allow":["GET"]}}],"collection":[{"href":"https:\/\/www.pcnen.com\/portal\/wp-json\/wp\/v2\/posts"}],"about":[{"href":"https:\/\/www.pcnen.com\/portal\/wp-json\/wp\/v2\/types\/post"}],"author":[{"embeddable":true,"href":"https:\/\/www.pcnen.com\/portal\/wp-json\/wp\/v2\/users\/1"}],"replies":[{"embeddable":true,"href":"https:\/\/www.pcnen.com\/portal\/wp-json\/wp\/v2\/comments?post=248948"}],"version-history":[{"count":0,"href":"https:\/\/www.pcnen.com\/portal\/wp-json\/wp\/v2\/posts\/248948\/revisions"}],"wp:attachment":[{"href":"https:\/\/www.pcnen.com\/portal\/wp-json\/wp\/v2\/media?parent=248948"}],"wp:term":[{"taxonomy":"category","embeddable":true,"href":"https:\/\/www.pcnen.com\/portal\/wp-json\/wp\/v2\/categories?post=248948"},{"taxonomy":"post_tag","embeddable":true,"href":"https:\/\/www.pcnen.com\/portal\/wp-json\/wp\/v2\/tags?post=248948"}],"curies":[{"name":"wp","href":"https:\/\/api.w.org\/{rel}","templated":true}]}}