{"id":248896,"date":"2018-06-26T10:29:53","date_gmt":"2018-06-26T08:29:53","guid":{"rendered":"http:\/\/www.pcnen.com\/portal\/?p=248896"},"modified":"2018-06-26T10:29:53","modified_gmt":"2018-06-26T08:29:53","slug":"djeca-koja-koriste-slusalice-rizikuju-gubitak-sluha","status":"publish","type":"post","link":"https:\/\/www.pcnen.com\/portal\/2018\/06\/26\/djeca-koja-koriste-slusalice-rizikuju-gubitak-sluha\/","title":{"rendered":"Djeca koja koriste slu\u0161alice rizikuju gubitak sluha"},"content":{"rendered":"<p><a href=\"http:\/\/www.pcnen.com\/portal\/wp-content\/uploads\/2013\/03\/slusalice-e1530001770168.jpg\"><img loading=\"lazy\" decoding=\"async\" src=\"http:\/\/www.pcnen.com\/portal\/wp-content\/uploads\/2013\/03\/slusalice-300x300.jpg\" alt=\"\" width=\"300\" height=\"300\" class=\"alignright size-medium wp-image-108339\" \/><\/a>Djeca koja \u010desto koriste slu\u0161alice kada u\u017eivaju u muzici rizikuju gubitak ili o\u0161te\u0107enje sluha &#8211; navode danski stru\u010dnjaci.<\/p>\n<p>Mali\u0161ani koji slu\u0161aju muziku sa prenosnih ure\u0111aja, poput pametnog telefona ili tableta, uz pomo\u0107 slu\u0161alica, izlo\u017eeni su ve\u0107em riziku gubitka sluha zbog buke &#8211; pokazuje istra\u017eivanje.<\/p>\n<p>Nau\u010dnici su testirali sluh vi\u0161e od tri hiljadev mali\u0161ana starih od devet do 11 godina, a njihove roditelje anketirali o pritu\u017ebama djece na sluh, koliko \u010desto koriste slu\u0161alice i koliko glasno slu\u0161aju muziku.<\/p>\n<p>Utvr\u0111eno je da vi\u0161e od 400 mali\u0161ana, odnosno 14 odsto ispitanika, ima neke te\u0161ko\u0107e sa visokim frekvencijama.<\/p>\n<p>Gubitak sluha za visoke frekvencije, posebno kod mladih, povezan je sa izlo\u017eeno\u0161\u0107u buci &#8211; upozoravaju sru\u010dnjaci.<\/p>\n<p>Bez obzira na koli\u010dinu vremena potro\u0161enog za slu\u0161anje muzike sa slu\u0161alicama, djeca koja su koristila prenosne ure\u0111aje za slu\u0161anje, makar jedan ili dva dana u sedmici, imala su dava puta ve\u0107e izglede da izgube ili o\u0161tete sluh od djece koja nisu koristila ure\u0111aje.<\/p>\n<p>Iako jedno istra\u017eivanje ne mo\u017ee da dovede do sigurnopg zaklju\u010dka da prenosni ure\u0111aji izazivaju gubitak sluha, ono pokazuje da izlo\u017eenost muzucu mo\u017ee da uti\u010de na sluh u djetinjstvu &#8211; navode danski stru\u010dnjaci.<\/p>\n<p>Ve\u0107ina djece slu\u0161a muziku putem slu\u0161alica, a vi\u0161e od 90 odsto starije djece koristi neki prenosni ure\u0111aj za tu namjenu.<\/p>\n<p>Osim gubitka sluha koji je posljedica buke, i zvukovi se mogu \u010diniti prigu\u0161enim ili udaljenim, a djeca se mogu \u017ealiti na &#8220;zvonjavu&#8221; u u\u0161ima.<\/p>\n<p>To ponekad mo\u017ee biti privremeno,na primjer nakon nekog glasnog koncerta, ali mo\u017ee postati trajno nakon \u010destog izlaganja buci &#8211; upozoraju sru\u010dnjaci, a prenose nau\u010dni portali.<\/p>\n<p>Hina\/Srna<\/p>\n","protected":false},"excerpt":{"rendered":"<p>Djeca koja \u010desto koriste slu\u0161alice kada u\u017eivaju u muzici rizikuju gubitak ili o\u0161te\u0107enje sluha &#8211; navode danski stru\u010dnjaci. Mali\u0161ani koji slu\u0161aju muziku sa prenosnih ure\u0111aja, poput pametnog telefona ili tableta, uz pomo\u0107 slu\u0161alica, izlo\u017eeni su ve\u0107em riziku gubitka sluha zbog buke &#8211; pokazuje istra\u017eivanje. Nau\u010dnici su testirali sluh vi\u0161e od tri hiljadev mali\u0161ana starih od [&hellip;]<\/p>\n","protected":false},"author":1,"featured_media":0,"comment_status":"open","ping_status":"closed","sticky":false,"template":"","format":"standard","meta":{"_seopress_robots_primary_cat":"","_seopress_titles_title":"","_seopress_titles_desc":"","_seopress_robots_index":"","_et_pb_use_builder":"","_et_pb_old_content":"","_et_gb_content_width":"","inline_featured_image":false,"footnotes":""},"categories":[8],"tags":[],"class_list":["post-248896","post","type-post","status-publish","format-standard","hentry","category-svastara"],"_links":{"self":[{"href":"https:\/\/www.pcnen.com\/portal\/wp-json\/wp\/v2\/posts\/248896","targetHints":{"allow":["GET"]}}],"collection":[{"href":"https:\/\/www.pcnen.com\/portal\/wp-json\/wp\/v2\/posts"}],"about":[{"href":"https:\/\/www.pcnen.com\/portal\/wp-json\/wp\/v2\/types\/post"}],"author":[{"embeddable":true,"href":"https:\/\/www.pcnen.com\/portal\/wp-json\/wp\/v2\/users\/1"}],"replies":[{"embeddable":true,"href":"https:\/\/www.pcnen.com\/portal\/wp-json\/wp\/v2\/comments?post=248896"}],"version-history":[{"count":0,"href":"https:\/\/www.pcnen.com\/portal\/wp-json\/wp\/v2\/posts\/248896\/revisions"}],"wp:attachment":[{"href":"https:\/\/www.pcnen.com\/portal\/wp-json\/wp\/v2\/media?parent=248896"}],"wp:term":[{"taxonomy":"category","embeddable":true,"href":"https:\/\/www.pcnen.com\/portal\/wp-json\/wp\/v2\/categories?post=248896"},{"taxonomy":"post_tag","embeddable":true,"href":"https:\/\/www.pcnen.com\/portal\/wp-json\/wp\/v2\/tags?post=248896"}],"curies":[{"name":"wp","href":"https:\/\/api.w.org\/{rel}","templated":true}]}}