{"id":248796,"date":"2018-06-24T08:08:26","date_gmt":"2018-06-24T06:08:26","guid":{"rendered":"http:\/\/www.pcnen.com\/portal\/?p=248796"},"modified":"2018-06-24T08:10:55","modified_gmt":"2018-06-24T06:10:55","slug":"antifasist-sam","status":"publish","type":"post","link":"https:\/\/www.pcnen.com\/portal\/2018\/06\/24\/antifasist-sam\/","title":{"rendered":"Antifa\u0161ist sam"},"content":{"rendered":"<p><strong>Autor: Ivo Ani\u0107<\/strong><\/p>\n<p><a href=\"http:\/\/www.pcnen.com\/portal\/wp-content\/uploads\/2018\/06\/ivo-anic.jpg\"><img loading=\"lazy\" decoding=\"async\" src=\"http:\/\/www.pcnen.com\/portal\/wp-content\/uploads\/2018\/06\/ivo-anic-300x220.jpg\" alt=\"\" width=\"300\" height=\"220\" class=\"alignright size-medium wp-image-248797\" srcset=\"https:\/\/www.pcnen.com\/portal\/wp-content\/uploads\/2018\/06\/ivo-anic.jpg 300w, https:\/\/www.pcnen.com\/portal\/wp-content\/uploads\/2018\/06\/ivo-anic-235x172.jpg 235w, https:\/\/www.pcnen.com\/portal\/wp-content\/uploads\/2018\/06\/ivo-anic-75x55.jpg 75w, https:\/\/www.pcnen.com\/portal\/wp-content\/uploads\/2018\/06\/ivo-anic-220x161.jpg 220w, https:\/\/www.pcnen.com\/portal\/wp-content\/uploads\/2018\/06\/ivo-anic-90x65.jpg 90w\" sizes=\"(max-width: 300px) 100vw, 300px\" \/><\/a>Antifa\u0161ist sam jer ono \u0161to se dogodilo \u010detrdesetih godine pro\u0161log stolje\u0107a vi\u0161e nikada ne smije da se dogodi.<\/p>\n<p>Antifa\u0161ist sam jer je \u010dovje\u010danstvo prije \u010detrdesetih godine pro\u0161log stolje\u0107a mislilo da se takve stvari ne mogu dogoditi<\/p>\n<p>Antifa\u0161ist sam jer \u010dovje\u010danstvo, uklju\u010duju\u0107i i ovu nesretnu zemlju u kojoj \u017eivim, i dalje misli da se tako ne\u0161to ne mo\u017ee ponoviti<\/p>\n<p>Antifa\u0161ist sam jer se upravo takvo ne\u0161to ponovilo, prije nepunih trideset godina<\/p>\n<p>Antifa\u0161ist sam jer jo\u0161 uvijek postoje ljudi koji bi rado da se takve stvari ponove<\/p>\n<p>Antifa\u0161ist sam jer me povijest ne u\u010di Crkva ni HDZ, ve\u0107 povijest u\u010dim \u010detrdeset godina i jo\u0161 mi je zanimljiva, pou\u010dna i dr\u017eim da je u\u010diteljica \u017eivota<\/p>\n<p>Antifa\u0161ist sam jer se nisam rodio devedeset i prve, ve\u0107 u najboljim godinama na ovim prostorima ikada, u zlatnoj eri Titove Jugoslavije<\/p>\n<p>Antifa\u0161ist sam jer sam odrastao u toj Titovoj Jugoslaviji, i znam kako sam \u017eivio, \u0161to sam u\u010dio, i kakva povijest je stvarna te kakva se uistinu dogodila<\/p>\n<p>Antifa\u0161ist sam na kvadrat od kada \u017eivim u ina\u010dici NDH kojom vladaju poludjeli popovi i beskrupulozni, licemjerni gadovi koji sebe nazivaju politi\u010darima<\/p>\n<p>Antifa\u0161ist sam jer moja djeca ne u\u010de da su nacisti i njihovi sateliti usta\u0161e bili ne\u0161to najgore i naju\u017easnije \u0161to se dogodilo \u010dovje\u010danstvu, ve\u0107 se iste rehabilitira, prikazuje ih se kao \u017ertve antifa\u0161ista, a njihove se bestijalne zlo\u010dine umanjuje i trivijalizira<\/p>\n<p>Antifa\u0161ist sam jer \u017eivim u zemlji kojom vladaju fa\u0161isti, hodaju fa\u0161isti i koju su kreirali fa\u0161isti, da je porobe, da je oplja\u010dkaju i da je naprave po svojoj fa\u0161isti\u010dkoj mjeri; za odabrane, za nadrasu bogatih, za sve one koji udaraju u njihove fa\u0161isti\u010dke bubnjeve<\/p>\n<p>Antifa\u0161ist sam jer ne gledam HTV ve\u0107 History Chanell na kojem su jo\u0161 uvijek hvala bogu nacisti \u2013 nacisti, a cijeli normalan svijet slavi heroje i mladost \u010ditavog svijeta koja je te monstrume zaustavila<\/p>\n<p>Antifa\u0161ist sam jer se i dan danas sudi zlikovcima iz Auschwitza koji su u plinskim komorama pobili preko \u0161est milijuna ljudi, od kojih je tre\u0107ina bilo maloljetno. Ta djeca su uglavnom skon\u010dala ili u vagonima za stoku, ili u plinskim komorama, ili su ih nacisti\u010dke zvijeri jednostavno pustile da umru od gladi<\/p>\n<p>Antifa\u0161ist sam jer su izdajnici iz mog naroda slu\u017eili takvim zvjerima, jer su pobili preko 19 000 djece, uglavnom Romske nacionalnosti u koncentracionom logoru Jasenovac, na sli\u010dan brutalan na\u010din kao i nacisti<\/p>\n<p>Antifa\u0161ist sam jer su i sami nacisti bili zgro\u017eeni na\u010dinom na koji su usta\u0161e ubijale djecu u Jasenovcu<\/p>\n<p>Antifa\u0161ist sam jer se na HTV-u dopu\u0161ta kojekakvim budalama da javno govore kako je Jasenovac bio radni logor, a ne strati\u0161te na desetke tisu\u0107a nevinih ljudi, \u017eena i djece<\/p>\n<p>Antifa\u0161ist sam jer moji glupi sunarodnjaci vjeruju i misle da su usta\u0161e bile \u201edobri momci\u201c, a partizani kurvini sinovi koji su hrvatski narod dr\u017eali u tamnici pedeset godina<\/p>\n<p>Antifa\u0161ist sam jer sam vi\u0161e od dvadeset godina \u017eivio u toj tamnici i jebem onoga tko me izvadio iz nje i upalio mi svjetlo<\/p>\n<p>Antifa\u0161ist sam jer je upravo ta tamnica bila pristojna i ulju\u0111ena zemlja ugodna i dobra za \u017eivot, od ove dana\u0161nje fa\u0161isti\u010dke enklave kojom vladaju uglavnom polupismeni degenerici koji jo\u0161 dr\u017ee da je zemlja ravna plo\u010da, a njen kraj \u010duvaju Alojzije Stepinac i Ante Paveli\u0107<\/p>\n<p>Antifa\u0161ist sam jer mi djed nije mirno gledao fa\u0161iste kako mu mar\u0161iraju Splitom i podi\u017eu Talijansku zastavu nasred Rive \u2013 ve\u0107 je pucao u njih!<\/p>\n<p>Antifa\u0161ist sam jer ne dr\u017eim kao poludjeli popovi da su \u017eene drugotne i da ih treba tu\u0107i, ve\u0107 da su \u017eene na\u0161e majke, sestre, \u017eene, djevojke i drugarice potpuno ravnopravne sa nama u svakom segmentu \u017eivota<\/p>\n<p>Antifa\u0161ist sam jer sam odrastao u Titovom socijalizmu, najboljem i najpravednijem sistemu koji se ikada pojavio na planetu<\/p>\n<p>Antifa\u0161ist sam jer znam \u0161to su i tko su bile usta\u0161e, najve\u0107i izrodi i izadjnici svog naroda, zlo\u010dinci kojih da se domogao general Patton pro\u0161li bi kao i svaki nacist sa ugraviranim SS na desnom ramenu<\/p>\n<p>Antifa\u0161ist sam jer se ne sramim svog naroda, ve\u0107 sam ponosan na njega. Moj narod i moji djedovi krvarili su na Sutjeski, Neretvi i svim strati\u0161tima diljem biv\u0161e SFRJ da oslobode svoju zemlju od okupatora i doma\u0107ih izdajnika<\/p>\n<p>Antifa\u0161ist sam jer je moj ponosni i crveni Split hrabro ustao protiv talijanskog i njema\u010dkog fa\u0161izma, zgazio ga i potukao do nogu, te oslobodio svoj grad, svoju zemlju i svoj narod<\/p>\n<p>Antifa\u0161ist sam jer je u Splitu formiran Prvi partizanski odred; ta mladost streljana je u kopa\u010dkama RNK Split od ruke fa\u0161ista i njihovih vazala<\/p>\n<p>Antifa\u0161ist sam jer sam ponosno odrastao uz velikane antifa\u0161iste koji su me u\u010dili da se vi\u0161e takvo zlo na planetu ne smije ponoviti<\/p>\n<p>Antifa\u0161ist sam jer se takvo zlo ponovilo, jer je takvo zlo nesmetano ponovo diglo svoju odurnu glavu, jer se takvo zlo podr\u017eava u ovoj zemlji, njeguje, rehabilitira i nastoji opravdati na sve mogu\u0107e na\u010dine<\/p>\n<p>Antifa\u0161ist sam jer moja i va\u0161a djeca odlaze upravo zbog tih maloumnih osoba kojima se smije \u010ditav svijet, ali nama ovdje odavno vi\u0161e nije do smijeha, zapravo mi smo na granici da uzmemo zbilja pu\u0161ke i odemo u \u0161umu kao i na\u0161i djedovi<\/p>\n<p>Antifa\u0161ist sam \u0161to su mi od devedesetih sustavno zatrli povijest, kulturu, umjetnost, knji\u017eevnost i nametnuli svoju \u2013 maloumnu!<\/p>\n<p>Antifa\u0161ist sam jer ozbiljno dr\u017eim da takve spodobe u crnom ili bilo koga tko misli kao i oni treba zatvoriti u odgovaraju\u0107e institucije i staviti pod ozbiljna psihijatrijska vje\u0161ta\u010denja. Me\u0111u te i takve ubrajam pola hrvatske Vlade, \u010detvrtinu dr\u017eave, kompletnu Crkvu izuzev stotinjak \u010dasnih ljudi i kategorije uhljeb, branitelj (koji rata nije vidio), politi\u010dar, krupni kapitalist, domoljub i tome sli\u010dno<\/p>\n<p>Antifa\u0161ist sam jer dr\u017eim da ova nesretna zemlja jo\u0161 ima \u0161anse ako netko ozbiljan zbilja po\u010dne zatvarati sve te spodobe i ozbiljno ih sankcionirati dugogodi\u0161njim zatvorskim ili nov\u010danim kaznama<\/p>\n<p>Antifa\u0161ist sam jer je i moja generacija ustala protiv fa\u0161izma<\/p>\n<p>Antifa\u0161ist sam jer fa\u0161izam nije samo vezan uz fa\u0161iste. To je pojam koji odre\u0111uje sve ranjive skupine, manjine, nad kojima netko \u017eeli se pona\u0161ati kao da su manje vrijedni ili ni\u017ea rasa. Nije nu\u017eno da se deklarirate kao fa\u0161ist. Mo\u017eete biti i obi\u010dan hrvatski \u0161upak, svejedno.<\/p>\n<p>Antifa\u0161ist sam jer su prava radnika u Hrvatskoj jednaka pravima majmuna u Kongu<\/p>\n<p>Antifa\u0161ist sam jer su poslodavci u Hrvatskoj jednaki majmunima u Kongu<\/p>\n<p>Antifa\u0161ist sam jer je polovina moje zemlje zapravo jednaka majmunima u Kongu<\/p>\n<p>Antifa\u0161ist sam jer mi je pun kurac licemjera koji svoje male fa\u0161izme krste domoljubljem ili patriotizmom<\/p>\n<p>Antifa\u0161ist sam jer nisam isklju\u010div i ne dr\u017eim da su manjine, Romi ili Srbi meni krivi za bilo \u0161to<\/p>\n<p>Antifa\u0161ist sam jer sam svjestan da su i na\u0161i de\u010dki sposobni biti kvalitetni fa\u0161isti, ako im se naravno to dopusti<\/p>\n<p>Antifa\u0161ist sam jer sam odrastao uz \u010dasne ljude, jer sam odrastao uz Feral<\/p>\n<p>Antifa\u0161ist sam jer ne dr\u017eim da su Luka Modri\u0107, Davor \u0160uker ili Zdravko Mami\u0107 vertikale zbog kojih bih ja svoj zlatni Opel obojao u crvene kockice<\/p>\n<p>Antifa\u0161ist sam jer dr\u017eim da je Drug Tito najve\u0107i sin na\u0161ih naroda i narodnosti<\/p>\n<p>Antifa\u0161ist sam jer dr\u017eim da je HDZ ne\u0161to najgore \u0161to se ovom narodu dogodilo nakon Drugog svjetskog rata<\/p>\n<p>Antifa\u0161ist sam jer ne \u017eelim \u017eivjeti u krdu, razmi\u0161ljati kako razmi\u0161lja krdo i ne \u017eelim da me sprovode u tom istom krdu na klanje ili da mi govore kako mi je u tom krdu lijepo, ugodno i mirisno jer \u2013 nije.<\/p>\n<p>Antifa\u0161ist sam jer mislim svojom glavom, ne onom kockastom<\/p>\n<p>Antifa\u0161ist sam na koncu, jer je to jedini na\u010din da u ovom suludom vremenu ostanem po\u0161ten \u010dovjek i uzor svojim sinovima.<\/p>\n<p><a href=\"http:\/\/www.tacno.net\/novosti\/antifasist-sam\/\">tacno.net<\/a><\/p>\n","protected":false},"excerpt":{"rendered":"<p>Antifa\u0161ist sam jer me povijest ne u\u010di Crkva ni HDZ, ve\u0107 povijest u\u010dim \u010detrdeset<\/p>\n","protected":false},"author":1,"featured_media":248797,"comment_status":"open","ping_status":"closed","sticky":false,"template":"","format":"standard","meta":{"_seopress_robots_primary_cat":"","_seopress_titles_title":"","_seopress_titles_desc":"","_seopress_robots_index":"","_et_pb_use_builder":"","_et_pb_old_content":"","_et_gb_content_width":"","inline_featured_image":false,"footnotes":""},"categories":[5],"tags":[],"class_list":["post-248796","post","type-post","status-publish","format-standard","has-post-thumbnail","hentry","category-drugi-pisu"],"_links":{"self":[{"href":"https:\/\/www.pcnen.com\/portal\/wp-json\/wp\/v2\/posts\/248796","targetHints":{"allow":["GET"]}}],"collection":[{"href":"https:\/\/www.pcnen.com\/portal\/wp-json\/wp\/v2\/posts"}],"about":[{"href":"https:\/\/www.pcnen.com\/portal\/wp-json\/wp\/v2\/types\/post"}],"author":[{"embeddable":true,"href":"https:\/\/www.pcnen.com\/portal\/wp-json\/wp\/v2\/users\/1"}],"replies":[{"embeddable":true,"href":"https:\/\/www.pcnen.com\/portal\/wp-json\/wp\/v2\/comments?post=248796"}],"version-history":[{"count":0,"href":"https:\/\/www.pcnen.com\/portal\/wp-json\/wp\/v2\/posts\/248796\/revisions"}],"wp:featuredmedia":[{"embeddable":true,"href":"https:\/\/www.pcnen.com\/portal\/wp-json\/wp\/v2\/media\/248797"}],"wp:attachment":[{"href":"https:\/\/www.pcnen.com\/portal\/wp-json\/wp\/v2\/media?parent=248796"}],"wp:term":[{"taxonomy":"category","embeddable":true,"href":"https:\/\/www.pcnen.com\/portal\/wp-json\/wp\/v2\/categories?post=248796"},{"taxonomy":"post_tag","embeddable":true,"href":"https:\/\/www.pcnen.com\/portal\/wp-json\/wp\/v2\/tags?post=248796"}],"curies":[{"name":"wp","href":"https:\/\/api.w.org\/{rel}","templated":true}]}}