{"id":248337,"date":"2018-06-15T08:37:25","date_gmt":"2018-06-15T06:37:25","guid":{"rendered":"http:\/\/www.pcnen.com\/portal\/?p=248337"},"modified":"2018-06-15T10:50:46","modified_gmt":"2018-06-15T08:50:46","slug":"bivsi-direktor-ruske-kosarkaske-federacije-zatrazio-azil-u-cg","status":"publish","type":"post","link":"https:\/\/www.pcnen.com\/portal\/2018\/06\/15\/bivsi-direktor-ruske-kosarkaske-federacije-zatrazio-azil-u-cg\/","title":{"rendered":"Biv\u0161i direktor Ruske ko\u0161arka\u0161ke federacije zatra\u017eio azil u CG"},"content":{"rendered":"<p><a href=\"http:\/\/www.pcnen.com\/portal\/wp-content\/uploads\/2018\/06\/azil.jpg\"><img loading=\"lazy\" decoding=\"async\" class=\"alignright size-medium wp-image-248349\" src=\"http:\/\/www.pcnen.com\/portal\/wp-content\/uploads\/2018\/06\/azil-300x200.jpg\" alt=\"\" width=\"300\" height=\"200\" \/><\/a>Biv\u0161i izvr\u0161ni direktor Ruske ko\u0161arka\u0161ke federacije Dmitrij Domani (44), koji je po potjernici moskovskog Interpola uhap\u0161en u Herceg Novom, zatra\u017eio je azil u Crnoj Gori.<\/p>\n<p>Njegov branilac advokat Zoran Piperovi\u0107 je za Dan rekao da je inicirao postupak za dobijanje azila u Crnoj Gori jer je iz onoga \u0161to sadr\u017ei optu\u017enica moskovskog suda &#8220;vi\u0161e nego jasno da je u pitanju politi\u010dki progon&#8221;.<\/p>\n<p>&#8220;On se i pred Komisijom za azil izjasnio da nije politi\u010dki anga\u017eovan, da ga interesuje samo sport, a ne politika, da politi\u010dki ne pripada nikome, ali da je jedna ekipa politi\u010dki ostra\u0161\u0107enih ljudi sve uradila da mu zagor\u010da \u017eivot&#8221;, rekao je Piperovi\u0107.<\/p>\n<p>Domani je uhap\u0161en po me\u0111unarodnoj potjernici koju su za njim raspisale ruske vlasti zbog sumnje da je po\u010dinio krivi\u010dno djelo prevara ve\u0107eg obima.<\/p>\n","protected":false},"excerpt":{"rendered":"<p>Domani je uhap\u0161en po me\u0111unarodnoj potjernici koju su za njim raspisale ruske vlasti zbog sumnje da je po\u010dinio krivi\u010dno djelo prevara ve\u0107eg obima<\/p>\n","protected":false},"author":1,"featured_media":0,"comment_status":"open","ping_status":"closed","sticky":false,"template":"","format":"standard","meta":{"_seopress_robots_primary_cat":"","_seopress_titles_title":"","_seopress_titles_desc":"","_seopress_robots_index":"","_et_pb_use_builder":"","_et_pb_old_content":"","_et_gb_content_width":"","inline_featured_image":false,"footnotes":""},"categories":[14,12],"tags":[],"class_list":["post-248337","post","type-post","status-publish","format-standard","hentry","category-vijesti","category-prica-dana"],"_links":{"self":[{"href":"https:\/\/www.pcnen.com\/portal\/wp-json\/wp\/v2\/posts\/248337","targetHints":{"allow":["GET"]}}],"collection":[{"href":"https:\/\/www.pcnen.com\/portal\/wp-json\/wp\/v2\/posts"}],"about":[{"href":"https:\/\/www.pcnen.com\/portal\/wp-json\/wp\/v2\/types\/post"}],"author":[{"embeddable":true,"href":"https:\/\/www.pcnen.com\/portal\/wp-json\/wp\/v2\/users\/1"}],"replies":[{"embeddable":true,"href":"https:\/\/www.pcnen.com\/portal\/wp-json\/wp\/v2\/comments?post=248337"}],"version-history":[{"count":0,"href":"https:\/\/www.pcnen.com\/portal\/wp-json\/wp\/v2\/posts\/248337\/revisions"}],"wp:attachment":[{"href":"https:\/\/www.pcnen.com\/portal\/wp-json\/wp\/v2\/media?parent=248337"}],"wp:term":[{"taxonomy":"category","embeddable":true,"href":"https:\/\/www.pcnen.com\/portal\/wp-json\/wp\/v2\/categories?post=248337"},{"taxonomy":"post_tag","embeddable":true,"href":"https:\/\/www.pcnen.com\/portal\/wp-json\/wp\/v2\/tags?post=248337"}],"curies":[{"name":"wp","href":"https:\/\/api.w.org\/{rel}","templated":true}]}}