{"id":248039,"date":"2018-06-10T07:00:06","date_gmt":"2018-06-10T05:00:06","guid":{"rendered":"http:\/\/www.pcnen.com\/portal\/?p=248039"},"modified":"2018-06-09T21:11:39","modified_gmt":"2018-06-09T19:11:39","slug":"durmitor-vise-nece-biti-isti","status":"publish","type":"post","link":"https:\/\/www.pcnen.com\/portal\/2018\/06\/10\/durmitor-vise-nece-biti-isti\/","title":{"rendered":"Durmitor vi\u0161e ne\u0107e biti isti"},"content":{"rendered":"<p><strong>Pi\u0161e: Milo\u0161 \u0110aji\u0107<\/strong><\/p>\n<p><a href=\"http:\/\/www.pcnen.com\/portal\/wp-content\/uploads\/2018\/04\/hotel_Durmitor.jpg\"><img loading=\"lazy\" decoding=\"async\" class=\"alignright size-medium wp-image-245247\" src=\"http:\/\/www.pcnen.com\/portal\/wp-content\/uploads\/2018\/04\/hotel_Durmitor-300x234.jpg\" alt=\"\" width=\"300\" height=\"234\" \/><\/a>\u010cesto se pitam za\u0161to politi\u010dke elite na prostoru Zapadnog Balkana me\u0111usobno ne u\u010de iz primera dobre prakse, ve\u0107 upravo suprotno kopiraju primere najgore prakse.<\/p>\n<p>Time umesto da \u010ditav region \u010dine boljim za \u017eivot, oni ga dodatno uni\u0161tavaju ne razmi\u0161ljaju\u0107i o generacijama koje dolaze.<\/p>\n<p>Posle otkri\u0107a BIRN-a da se u Nacionalnom parku Kopaonik gradi nelegalni objekat od 1.000 kvm bez dozvole, reakcija na\u0161e dr\u017eave ali i me\u0111unarodnih institucija koje se bave Nacionalnim parkovima su bila mlake. Pro\u0161le nedelje su iz Crne Gore, iz Nacionalnog parka Durmitor, stigle vesti koje govore da ni Durmitor vi\u0161e ne\u0107e biti isti. Sru\u0161en je stari hotel Durmitor, jedini sa\u010duvani hotel, izgra\u0111en izme\u0111u dva Svetska rata na podru\u010dju \u010ditavog severa Crne Gore, koji je trebalo da bude progla\u0161en za kulturno dobro. Nakon toga po modelu prezentacije makete \u201eBeograda na vodi\u201c prezentovan je nekakav projekat sa 3D slikama uz obe\u0107anje novih vlasnika da \u0107e sagraditi isti ali moderniji hotel. Organizacije civilnog dru\u0161tva i stru\u010dna javnost su podigle svoj glas. Ljudi su se organizovali i krenuli da se bore za svoje pravo da se \u017eivotna sredina sa\u010duva, \u010demu Nacionalni parkovi valjda i slu\u017ee.<\/p>\n<p>Pitate se verovatno za\u0161to ovo pi\u0161em? Od ro\u0111enja skoro da nije pro\u0161la nijedna godina a da nisam boravio bar nekoliko dana na \u017dabljaku u maloj brvnari izme\u0111u Pitomina i Ivan Dola koju je \u0161ezdesetih godina pro\u0161log veka izgradila moja baka. Crnogorsko Ministarstvo odr\u017eivog razvoja i turizma je pre nekoliko godina odlu\u010dilo da upravo taj deo Nacionalnog parka izuzme i proglasi ga specijalnom zonom u kojoj ne va\u017ee pravila za\u0161tite prirode koja ina\u010de va\u017ee za nacionalne parkove. Tokom aprila uz simulaciju javne rasprave prezentovana je \u201eDr\u017eavna studija lokacije Ivan Do\u201c koja podrazumeva da se u srcu nacionalnog parka urbanizuje priroda, zidaju novi hoteli, menja namena objekata, grade parkinzi i parkovi i u njih ula\u017eu milioni evra.<\/p>\n<p>Kao ljubitelj prirode i aktivista ne mogu da sedim skr\u0161tenih ruku dok se priroda u mojoj okolini nepovratno uni\u0161tava. Kao i ovde tako i tamo pokazuje se da na\u0161a \u017eivotna sredina pla\u0107a cenu divlje i neplanske urbanizacije. Zato \u017eelim da apelujem i na UNESCO, koji je 1980. Durmitor i reku Taru stavio na Listu Svetskog prirodnog i kulturnog nasle\u0111a, da se zainteresuje za ovaj slu\u010daj.<\/p>\n<p>Svi vi koji ste ikada bili na Durmitoru, volite njegove lepote ili jednostavno volite prirodu mo\u017eete da \u0161irite pri\u010du o tome da Durmitor ne\u0107e biti isti i da trenutna op\u0161tinska vlast i Vlada Crne Gore planiraju da uru\u0161e stepen za\u0161tite prirode u srcu UNESCO svetske liste prirodnog nasle\u0111a. Divlja urbanizacija \u017dabljaka je ve\u0107 nanela nemerljivu \u0161tetu njegovoj ambijentalnoj celini. Elitni turizam se ne pravi tako \u0161to se priroda betonira.<\/p>\n<p>Verujem da jedino javni pritisak mo\u017eda da da rezultat i povla\u010denje \u201eStudije o lokaciji\u201c, zaustavljanje gradnje i vra\u0107anje situacije u pre\u0111a\u0161nje stanje. Mi, ljubitelji prirode i Durmitora, uradi\u0107emo sve \u0161to je u na\u0161oj mo\u0107i ali znam da bez \u0161ire podr\u0161ke to ne\u0107e biti dovoljno. Iskustva u odbrani Petog parki\u0107a, uspe\u0161na kampanja \u201eNe\u0107u baru ho\u0107u Taru\u201c i druge gra\u0111anske akcije daju nadu da i ovoga puta mo\u017eemo zajedno da se izborimo da Durmitor ostane isti. Zbog njegove lepote ne smemo odustati, jer bez nas Durmitor vi\u0161e ne\u0107e biti isti. Verujem da mi mo\u017eemo da spre\u010dimo da nadomak Crnog i Barnog jezera, Mlinskog potoka\u2026 krene masovna gradnja i nepotrebna urbanizacija.<\/p>\n<p>Autor je predsednik UO Centra modernih ve\u0161tina<\/p>\n<p>Danas<\/p>\n","protected":false},"excerpt":{"rendered":"<p>Kao ljubitelj prirode i aktivista ne mogu da sedim skr\u0161tenih ruku dok se priroda u mojoj okolini nepovratno uni\u0161tava<\/p>\n","protected":false},"author":1,"featured_media":245247,"comment_status":"open","ping_status":"closed","sticky":false,"template":"","format":"standard","meta":{"_seopress_robots_primary_cat":"","_seopress_titles_title":"","_seopress_titles_desc":"","_seopress_robots_index":"","_et_pb_use_builder":"","_et_pb_old_content":"","_et_gb_content_width":"","inline_featured_image":false,"footnotes":""},"categories":[5],"tags":[],"class_list":["post-248039","post","type-post","status-publish","format-standard","has-post-thumbnail","hentry","category-drugi-pisu"],"_links":{"self":[{"href":"https:\/\/www.pcnen.com\/portal\/wp-json\/wp\/v2\/posts\/248039","targetHints":{"allow":["GET"]}}],"collection":[{"href":"https:\/\/www.pcnen.com\/portal\/wp-json\/wp\/v2\/posts"}],"about":[{"href":"https:\/\/www.pcnen.com\/portal\/wp-json\/wp\/v2\/types\/post"}],"author":[{"embeddable":true,"href":"https:\/\/www.pcnen.com\/portal\/wp-json\/wp\/v2\/users\/1"}],"replies":[{"embeddable":true,"href":"https:\/\/www.pcnen.com\/portal\/wp-json\/wp\/v2\/comments?post=248039"}],"version-history":[{"count":0,"href":"https:\/\/www.pcnen.com\/portal\/wp-json\/wp\/v2\/posts\/248039\/revisions"}],"wp:featuredmedia":[{"embeddable":true,"href":"https:\/\/www.pcnen.com\/portal\/wp-json\/wp\/v2\/media\/245247"}],"wp:attachment":[{"href":"https:\/\/www.pcnen.com\/portal\/wp-json\/wp\/v2\/media?parent=248039"}],"wp:term":[{"taxonomy":"category","embeddable":true,"href":"https:\/\/www.pcnen.com\/portal\/wp-json\/wp\/v2\/categories?post=248039"},{"taxonomy":"post_tag","embeddable":true,"href":"https:\/\/www.pcnen.com\/portal\/wp-json\/wp\/v2\/tags?post=248039"}],"curies":[{"name":"wp","href":"https:\/\/api.w.org\/{rel}","templated":true}]}}