{"id":247913,"date":"2018-06-07T18:18:25","date_gmt":"2018-06-07T16:18:25","guid":{"rendered":"http:\/\/www.pcnen.com\/portal\/?p=247913"},"modified":"2018-06-07T23:12:41","modified_gmt":"2018-06-07T21:12:41","slug":"eu-smjena-kadije-je-protiv-slobode-izrazavanja-i-slobode-medija","status":"publish","type":"post","link":"https:\/\/www.pcnen.com\/portal\/2018\/06\/07\/eu-smjena-kadije-je-protiv-slobode-izrazavanja-i-slobode-medija\/","title":{"rendered":"EU: Smjena Kadije je protiv slobode izra\u017eavanja i slobode medija"},"content":{"rendered":"<p><a href=\"http:\/\/www.pcnen.com\/portal\/wp-content\/uploads\/2012\/05\/cg-eu.jpg\"><img loading=\"lazy\" decoding=\"async\" class=\"alignright  wp-image-84394\" src=\"http:\/\/www.pcnen.com\/portal\/wp-content\/uploads\/2012\/05\/cg-eu-300x225.jpg\" alt=\"\" width=\"221\" height=\"166\" \/><\/a>Dana\u0161nja smjena generalne direktorice Radio televizije Crne Gore (RTCG) Andrijane Kadije ide protiv slobode izra\u017eavanja i slobode medija koje su osnovne vrijednosti Evropske unije (EU) i krucijalni element procesa pristupanja Crne Gore EU i va\u017eno privremeno mjerilo koje treba da bude ispunjeno za pregovara\u010dko poglavlje 23, saop\u0161teno je danas iz EU.<\/p>\n<p><a href=\"http:\/\/www.pcnen.com\/portal\/2018\/06\/07\/savjet-rtcg-razrijesio-andrijanu-kadiju\/\">Kadija je danas smijenjena, a<\/a> za njeno razje\u0161enje glasali su Mimo Dra\u0161kovi\u0107, Slobodan Pajovi\u0107, Igor Tomi\u0107, Dragana Tripkovi\u0107, Ivan Joveti\u0107 i Goran Sekulovi\u0107. Protiv su bili Milan Radovi\u0107 i Perko Vukoti\u0107. Bo\u017eidar \u0160undi\u0107 izabran je za vr\u0161ioca du\u017enosti generalnog direktora, sa pet glasova podr\u0161ke, dok su dva \u010dlana glasala za Mirka Bo\u0161kovi\u0107a.<\/p>\n<p>&#8220;Crnogorske vlasti su ograni\u010dene svojim obavezama prema evropskim vrijednostima i standardima. Tako\u0111e je potpuno neprihvatljivo da se EU grant koji podr\u017eava profesionalnost RTCG zloupotrebljava kao argument da se smijeni menad\u017ement RTCG&#8221;, navodi se u saop\u0161tenju EU koje potpisuje portparolka Maja Kocijan\u010di\u0107.<\/p>\n","protected":false},"excerpt":{"rendered":"<p>Dana\u0161nja smjena generalne direktorice Radio televizije Crne Gore (RTCG) Andrijane Kadije ide protiv slobode izra\u017eavanja i slobode medija koje su osnovne vrijednosti Evropske unije (EU) i krucijalni element procesa pristupanja Crne Gore EU i va\u017eno privremeno mjerilo koje treba da bude ispunjeno za pregovara\u010dko poglavlje 23, saop\u0161teno je danas iz EU. Kadija je danas smijenjena, [&hellip;]<\/p>\n","protected":false},"author":1,"featured_media":0,"comment_status":"open","ping_status":"closed","sticky":false,"template":"","format":"standard","meta":{"_seopress_robots_primary_cat":"","_seopress_titles_title":"","_seopress_titles_desc":"","_seopress_robots_index":"","_et_pb_use_builder":"","_et_pb_old_content":"","_et_gb_content_width":"","inline_featured_image":false,"footnotes":""},"categories":[14,12],"tags":[],"class_list":["post-247913","post","type-post","status-publish","format-standard","hentry","category-vijesti","category-prica-dana"],"_links":{"self":[{"href":"https:\/\/www.pcnen.com\/portal\/wp-json\/wp\/v2\/posts\/247913","targetHints":{"allow":["GET"]}}],"collection":[{"href":"https:\/\/www.pcnen.com\/portal\/wp-json\/wp\/v2\/posts"}],"about":[{"href":"https:\/\/www.pcnen.com\/portal\/wp-json\/wp\/v2\/types\/post"}],"author":[{"embeddable":true,"href":"https:\/\/www.pcnen.com\/portal\/wp-json\/wp\/v2\/users\/1"}],"replies":[{"embeddable":true,"href":"https:\/\/www.pcnen.com\/portal\/wp-json\/wp\/v2\/comments?post=247913"}],"version-history":[{"count":0,"href":"https:\/\/www.pcnen.com\/portal\/wp-json\/wp\/v2\/posts\/247913\/revisions"}],"wp:attachment":[{"href":"https:\/\/www.pcnen.com\/portal\/wp-json\/wp\/v2\/media?parent=247913"}],"wp:term":[{"taxonomy":"category","embeddable":true,"href":"https:\/\/www.pcnen.com\/portal\/wp-json\/wp\/v2\/categories?post=247913"},{"taxonomy":"post_tag","embeddable":true,"href":"https:\/\/www.pcnen.com\/portal\/wp-json\/wp\/v2\/tags?post=247913"}],"curies":[{"name":"wp","href":"https:\/\/api.w.org\/{rel}","templated":true}]}}