{"id":247732,"date":"2018-06-04T16:45:15","date_gmt":"2018-06-04T14:45:15","guid":{"rendered":"http:\/\/www.pcnen.com\/portal\/?p=247732"},"modified":"2018-06-04T16:45:15","modified_gmt":"2018-06-04T14:45:15","slug":"liste-kandidata-za-dodjelu-trinaestojulske-nagrade","status":"publish","type":"post","link":"https:\/\/www.pcnen.com\/portal\/2018\/06\/04\/liste-kandidata-za-dodjelu-trinaestojulske-nagrade\/","title":{"rendered":"Liste kandidata za dodjelu  Trinaestojulske nagrade"},"content":{"rendered":"<p><a href=\"http:\/\/www.pcnen.com\/portal\/wp-content\/uploads\/2017\/06\/13julska-nagrada.jpg\"><img loading=\"lazy\" decoding=\"async\" class=\"alignright size-full wp-image-228585\" src=\"http:\/\/www.pcnen.com\/portal\/wp-content\/uploads\/2017\/06\/13julska-nagrada.jpg\" alt=\"\" width=\"275\" height=\"183\" \/><\/a>\u017diri za dodjelu Trinaestojulske nagrade (predsjednik \u017dirija, Rajko Todorovi\u0107 Todor, i \u010dlanovi \u017dirija, prof. dr Ilija Vujo\u0161evi\u0107, prof. dr Igor Laki\u0107, mr Miomir Vojinovi\u0107 i prim. dr sci. med. Asim Dizdarevi\u0107) se upoznao danas s podnesenim predlozima koji ispunjavaju sve formalno pravne uslove, saop\u0161teno je iz Ministarstva kulture.<\/p>\n<p>Trinaestojulska nagrada dodjeljuje se u \u010dast Dana dr\u017eavnosti Crne Gore. Trinaestojulska nagrada dodjeljuje se kao godi\u0161nja nagrada i kao nagrada za \u017eivotno djelo.<\/p>\n<ol>\n<li>Lista kandidata za dodjelu Trinaestojulske nagrade za \u017eivotno djelo:<\/li>\n<\/ol>\n<ol>\n<li>Aleksa Asanovi\u0107, violon\u010delista<\/li>\n<li>Branko Banjevi\u0107, knji\u017eevnik<\/li>\n<li>Branka Bogavac Le Comte, novinarka, publicistkinja i knji\u017eevnica<\/li>\n<li>Branimirka \u0160\u0107epanovi\u0107, izvo\u0111a\u010d izvornih narodnih pjesama<\/li>\n<li>Dr Danilo Radojevi\u0107, akademik<\/li>\n<li>Ismeta Ramdedovi\u0107 Li\u010dina<\/li>\n<li>Prof. dr Milenko Perovi\u0107<\/li>\n<li>Prof. dr Milorad Nik\u010devi\u0107<\/li>\n<li>Milenko Ratkovi\u0107, knji\u017eevnik<\/li>\n<li>Muharem Muratovi\u0107, slikar<\/li>\n<li>Sreten Perovi\u0107, akademik<\/li>\n<li>Zef Bato Dedivanovi\u0107, glumac<\/li>\n<li>Zuvdija Hod\u017ei\u0107, knji\u017eevnik<\/li>\n<li>Zlatko Buli\u0107, akademik<\/li>\n<li>Prof. dr Vuki\u0107 Pulevi\u0107<\/li>\n<li>Vjera Miranovi\u0107 Miki\u0107, operska umjetnica<\/li>\n<\/ol>\n<p>Lista kandidata za dodjelu Trinaestojulske nagrade za 2018. godinu, kao godi\u0161nje nagrade:<\/p>\n<ol>\n<li>Andrej Nikolaidis, knji\u017eevnik<\/li>\n<li>Andrija Marku\u0161, arhitekta<\/li>\n<li>Prof. dr Adnan \u010cirgi\u0107<\/li>\n<li>Aleksandar Be\u010danovi\u0107, filmski kriti\u010dar<\/li>\n<li>Boris Jovanovi\u0107 Kastel, pjesnik<\/li>\n<li>Branka Bogavac Le Comte, novinarka, publicistkinja i knji\u017eevnica<\/li>\n<li>Borislav Jovanovi\u0107, knji\u017eevnik<\/li>\n<li>Bal\u0161a Brkovi\u0107, knji\u017eevnik<\/li>\n<li>Braho Adrovi\u0107, knji\u017eevnik<\/li>\n<li>Darko Drljevi\u0107, karikaturista<\/li>\n<li>Dragan B. Perovi\u0107, istori\u010dar knji\u017eevnosti i publicista<\/li>\n<li>Krsto Andrija\u0161evi\u0107, vajar<\/li>\n<li>Mira\u0161 Martinovi\u0107, knji\u017eevnik<\/li>\n<li>Marko \u0160padijer, knji\u017eevnik<\/li>\n<li>Mirko Vlahovi\u0107, glumac<\/li>\n<li>Mirsada \u0160aboti\u0107, knji\u017eevnica<\/li>\n<li>Mom\u010dilo Zekovi\u0107 Zeko, pjesnik, knji\u017eevnik, kompozitor i instrumentalista<\/li>\n<li>Naod Zori\u0107, slikar<\/li>\n<li>Omer Kala\u010d, dipl. ekonomista<\/li>\n<li>Predrag \u0160u\u0161kav\u010devi\u0107, samostalni umjetnik<\/li>\n<li>Sreten Vujovi\u0107, pjesnik<\/li>\n<li>Stevo Vu\u010dini\u0107, dipl. pravnik<\/li>\n<li>Sr\u0111an Grahovac, glumac<\/li>\n<li>Sne\u017eana Burzan, direktorica KIC Budo Tomovi\u0107<\/li>\n<li>Tomo Pavi\u0107evi\u0107, slikar<\/li>\n<li>Varja \u0110uki\u0107, glumica<\/li>\n<li>Prof. dr Zoran Koprivica<\/li>\n<\/ol>\n<p>\u017diri mo\u017ee dodijeliti do tri godi\u0161nje nagrade i jednu nagradu za \u017eivotno djelo.<\/p>\n","protected":false},"excerpt":{"rendered":"<p>\u017diri za dodjelu Trinaestojulske nagrade (predsjednik \u017dirija, Rajko Todorovi\u0107 Todor, i \u010dlanovi \u017dirija, prof. dr Ilija Vujo\u0161evi\u0107, prof. dr Igor Laki\u0107, mr Miomir Vojinovi\u0107 i prim. dr sci. med. Asim Dizdarevi\u0107) se upoznao danas s podnesenim predlozima koji ispunjavaju sve formalno pravne uslove, saop\u0161teno je iz Ministarstva kulture. Trinaestojulska nagrada dodjeljuje se u \u010dast Dana [&hellip;]<\/p>\n","protected":false},"author":1,"featured_media":0,"comment_status":"open","ping_status":"closed","sticky":false,"template":"","format":"standard","meta":{"_seopress_robots_primary_cat":"","_seopress_titles_title":"","_seopress_titles_desc":"","_seopress_robots_index":"","_et_pb_use_builder":"","_et_pb_old_content":"","_et_gb_content_width":"","inline_featured_image":false,"footnotes":""},"categories":[14],"tags":[],"class_list":["post-247732","post","type-post","status-publish","format-standard","hentry","category-vijesti"],"_links":{"self":[{"href":"https:\/\/www.pcnen.com\/portal\/wp-json\/wp\/v2\/posts\/247732","targetHints":{"allow":["GET"]}}],"collection":[{"href":"https:\/\/www.pcnen.com\/portal\/wp-json\/wp\/v2\/posts"}],"about":[{"href":"https:\/\/www.pcnen.com\/portal\/wp-json\/wp\/v2\/types\/post"}],"author":[{"embeddable":true,"href":"https:\/\/www.pcnen.com\/portal\/wp-json\/wp\/v2\/users\/1"}],"replies":[{"embeddable":true,"href":"https:\/\/www.pcnen.com\/portal\/wp-json\/wp\/v2\/comments?post=247732"}],"version-history":[{"count":0,"href":"https:\/\/www.pcnen.com\/portal\/wp-json\/wp\/v2\/posts\/247732\/revisions"}],"wp:attachment":[{"href":"https:\/\/www.pcnen.com\/portal\/wp-json\/wp\/v2\/media?parent=247732"}],"wp:term":[{"taxonomy":"category","embeddable":true,"href":"https:\/\/www.pcnen.com\/portal\/wp-json\/wp\/v2\/categories?post=247732"},{"taxonomy":"post_tag","embeddable":true,"href":"https:\/\/www.pcnen.com\/portal\/wp-json\/wp\/v2\/tags?post=247732"}],"curies":[{"name":"wp","href":"https:\/\/api.w.org\/{rel}","templated":true}]}}