{"id":246910,"date":"2018-05-20T10:52:09","date_gmt":"2018-05-20T08:52:09","guid":{"rendered":"http:\/\/www.pcnen.com\/portal\/?p=246910"},"modified":"2018-05-20T10:52:09","modified_gmt":"2018-05-20T08:52:09","slug":"bioloski-sat-povezan-sa-promjenama-raspolozenja","status":"publish","type":"post","link":"https:\/\/www.pcnen.com\/portal\/2018\/05\/20\/bioloski-sat-povezan-sa-promjenama-raspolozenja\/","title":{"rendered":"Biolo\u0161ki sat povezan sa promjenama raspolo\u017eenja"},"content":{"rendered":"<p><a href=\"http:\/\/www.pcnen.com\/portal\/wp-content\/uploads\/2014\/06\/sat.jpg\"><img loading=\"lazy\" decoding=\"async\" src=\"http:\/\/www.pcnen.com\/portal\/wp-content\/uploads\/2014\/06\/sat.jpg\" alt=\"\" width=\"300\" height=\"220\" class=\"alignright size-full wp-image-148480\" \/><\/a>Poreme\u0107aji u biolo\u0161kom ritmu mogu izlo\u017eiti ljude poja\u010danom riziku od promene raspolo\u017eenja, ka\u017eu nau\u010dnici.<\/p>\n<p>Sat otkucava u gotovo svim \u0107elijama u telu koje se menjaju prema tome kako tkivo funkcioni\u0161e u dnevnom ritmu.<\/p>\n<p>Istra\u017eivanje sprovedeno nad 91.000 ljudi pokazalo je da su poreme\u0107aji biolo\u0161kog sata povezani s depresijom, bipolarnim poreme\u0107ajem i drugim problemima, pi\u0161e BBC.<\/p>\n<p>Nau\u010dnici iz Glazgova ka\u017eu da je to upozorenje dru\u0161tvima koja su u sve ve\u0107em raskoraku s &#8220;normalnim&#8221; dnevnim ritmovima.<\/p>\n<p>Iako se istra\u017eivanje nije bavilo upotrebom mobilnih telefona, profesor Daniel Smit ka\u017ee da je &#8220;verovatno&#8221; da su neki ispitanici koji su imali problema no\u0107u koristili dru\u0161tvene mre\u017ee.<\/p>\n<p>&#8220;Moj mobilni telefon se gasi u 22 sata i to je jednostavno zato \u0161to nismo evoluirali da bi buljili u ekrane u vreme kada bi trebalo da spavamo&#8221;, rekao je Smit.<\/p>\n<p>Ljudi u istra\u017eivanju su nedelju dana nosili monitore koji su bele\u017eili u kojoj su meri poreme\u0107eni njihovi bioritmovi. Poreme\u0107enima se smatraju oni koji su bili jako aktivni no\u0107u ili neaktivni tokom dana. Ti ispitanici su za \u0161est do deset odsto imali vi\u0161e promena raspolo\u017eenja od ljudi koji su \u017eiveli po uobi\u010dajenom obrascu, aktivnost danju-neaktivnost no\u0107u.<\/p>\n<p>Istra\u017eivanje je otkrilo ve\u0107e stope depresije, bipolarnog poreme\u0107aja, usamljenosti, ni\u017eeg stepena sre\u0107e, sporije reakcije i promene raspolo\u017eenja kod ljudi s poreme\u0107enim bioritmom.<\/p>\n<p>Nau\u010dnici ipak ne mogu sa sigurno\u0161\u0107u da tvrde da ti poreme\u0107aji uzrokuju  mentalne bolesti ili su samo njihov simptom, pa je potrebno sprovesti dodatna istra\u017eivanja, pi\u0161e BBC.<\/p>\n<p>Hina\/021.rs<\/p>\n","protected":false},"excerpt":{"rendered":"<p>Poreme\u0107aji u biolo\u0161kom ritmu mogu izlo\u017eiti ljude poja\u010danom riziku od promene raspolo\u017eenja, ka\u017eu nau\u010dnici. Sat otkucava u gotovo svim \u0107elijama u telu koje se menjaju prema tome kako tkivo funkcioni\u0161e u dnevnom ritmu. Istra\u017eivanje sprovedeno nad 91.000 ljudi pokazalo je da su poreme\u0107aji biolo\u0161kog sata povezani s depresijom, bipolarnim poreme\u0107ajem i drugim problemima, pi\u0161e BBC. [&hellip;]<\/p>\n","protected":false},"author":1,"featured_media":0,"comment_status":"open","ping_status":"closed","sticky":false,"template":"","format":"standard","meta":{"_seopress_robots_primary_cat":"","_seopress_titles_title":"","_seopress_titles_desc":"","_seopress_robots_index":"","_et_pb_use_builder":"","_et_pb_old_content":"","_et_gb_content_width":"","inline_featured_image":false,"footnotes":""},"categories":[8],"tags":[],"class_list":["post-246910","post","type-post","status-publish","format-standard","hentry","category-svastara"],"_links":{"self":[{"href":"https:\/\/www.pcnen.com\/portal\/wp-json\/wp\/v2\/posts\/246910","targetHints":{"allow":["GET"]}}],"collection":[{"href":"https:\/\/www.pcnen.com\/portal\/wp-json\/wp\/v2\/posts"}],"about":[{"href":"https:\/\/www.pcnen.com\/portal\/wp-json\/wp\/v2\/types\/post"}],"author":[{"embeddable":true,"href":"https:\/\/www.pcnen.com\/portal\/wp-json\/wp\/v2\/users\/1"}],"replies":[{"embeddable":true,"href":"https:\/\/www.pcnen.com\/portal\/wp-json\/wp\/v2\/comments?post=246910"}],"version-history":[{"count":0,"href":"https:\/\/www.pcnen.com\/portal\/wp-json\/wp\/v2\/posts\/246910\/revisions"}],"wp:attachment":[{"href":"https:\/\/www.pcnen.com\/portal\/wp-json\/wp\/v2\/media?parent=246910"}],"wp:term":[{"taxonomy":"category","embeddable":true,"href":"https:\/\/www.pcnen.com\/portal\/wp-json\/wp\/v2\/categories?post=246910"},{"taxonomy":"post_tag","embeddable":true,"href":"https:\/\/www.pcnen.com\/portal\/wp-json\/wp\/v2\/tags?post=246910"}],"curies":[{"name":"wp","href":"https:\/\/api.w.org\/{rel}","templated":true}]}}