{"id":246565,"date":"2018-05-14T11:53:56","date_gmt":"2018-05-14T09:53:56","guid":{"rendered":"http:\/\/www.pcnen.com\/portal\/?p=246565"},"modified":"2018-05-14T11:57:02","modified_gmt":"2018-05-14T09:57:02","slug":"predmet-moldavka-s-c-unisten-u-pozaru","status":"publish","type":"post","link":"https:\/\/www.pcnen.com\/portal\/2018\/05\/14\/predmet-moldavka-s-c-unisten-u-pozaru\/","title":{"rendered":"Predmet \u2018Moldavka S.\u010c.\u2019 uni\u0161ten u po\u017earu"},"content":{"rendered":"<p><a href=\"http:\/\/www.pcnen.com\/portal\/wp-content\/uploads\/2014\/05\/plamen.jpg\"><img loading=\"lazy\" decoding=\"async\" class=\"alignleft size-medium wp-image-145351\" src=\"http:\/\/www.pcnen.com\/portal\/wp-content\/uploads\/2014\/05\/plamen-300x225.jpg\" alt=\"\" width=\"300\" height=\"225\" \/><\/a>Predmet &#8220;Moldavka S.\u010c.&#8221; je u potpunosti uni\u0161ten u po\u017earu i vi\u0161e ne postoji u arhivi Osnovnog suda u Podgorici, prenio je dan informaciju koju je sudija za istrage Miladin Pejovi\u0107 prenio advokatu Zoranu Piperovi\u0107u, jednom od aktera u tom predmetu.<\/p>\n<p>Predsjednik Osnovnog suda Zoran Radovi\u0107 je, kako saznaje Dan, izdao nalog sudiji Pejovi\u0107u da obnovi spise ovog predmeta, ali i jo\u0161 nekoliko zna\u010dajnih predmeta koji su obilje\u017eili prethodnu deceniju.<\/p>\n<p>Do danas ne postoji objavljen spisak predmeta koji su nestali u po\u017earu. Osnovni sud u Podgorici je o tome obavje\u0161tavao samo stranke u postupku.<\/p>\n<p><a href=\"http:\/\/www.pcnen.com\/portal\/2008\/01\/22\/afera-s-c-jos-tinja\/\">Afera &#8220;Moldavka S.\u010c.&#8221;<\/a> je pokrenuta u novembru 2002. godine, kada je moldavska dr\u017eavljanka optu\u017eila Zorana Piperovi\u0107a,\u00a0tada zamjenika dr\u017eavnog tu\u017eioca, i jo\u0161 trojicu crnogorskih dr\u017eavljana da su njome trgovali i da su je seksualno zlostavljali. Kao korisnici seksualnih usluga pominjani su i visoki dr\u017eavni funkcioneri. Slu\u010daj je obustavljen nakon \u0161to je nadle\u017eni dr\u017eavni tu\u017eilac odustao od krivi\u010dnog gonjenja osumnji\u010denih usljed nedostatka dokaza.<\/p>\n<p>Komisija koju je svojevremeno formirala Vlada Crne Gore je utvrdila da je policija po\u010dinila ozbiljne propuste u slucaju S.\u010c.<\/p>\n<p>S.\u010c. je iz Crne Gore preba\u010dena u tre\u0107u zemlju, a prije nekoliko godina osu\u0111ena je u odstustvu zbog navodnog danavanja la\u017enog iskaza. <a href=\"http:\/\/www.pcnen.com\/portal\/2014\/12\/15\/moldavka-svetlana-cabotarenko-alias-s-c-nije-imala-pravicno-sudenje\/\">Nevladine organizcije za za\u0161titu ljudskih prava su osudile ovo su\u0111enje i njegov ishod.<\/a><\/p>\n<p>Amnesti interne\u0161enel je bio <a href=\"http:\/\/www.pcnen.com\/portal\/2014\/11\/21\/amnesti-internesenel-sokiran-osudom-s-c\/\">\u0161okiran presudom.<\/a><\/p>\n<p>&nbsp;<\/p>\n","protected":false},"excerpt":{"rendered":"<p>Afera &#8220;Moldavka S.\u010c.&#8221; je pokrenuta u novembru 2002. godine, kada je moldavska dr\u017eavljanka optu\u017eila Zorana Piperovi\u0107a, tada zamjenika dr\u017eavnog tu\u017eioca, i jo\u0161 trojicu crnogorskih dr\u017eavljana da su njome trgovali i da su je seksualno zlostavljali<\/p>\n","protected":false},"author":1,"featured_media":0,"comment_status":"open","ping_status":"closed","sticky":false,"template":"","format":"standard","meta":{"_seopress_robots_primary_cat":"","_seopress_titles_title":"","_seopress_titles_desc":"","_seopress_robots_index":"","_et_pb_use_builder":"","_et_pb_old_content":"","_et_gb_content_width":"","inline_featured_image":false,"footnotes":""},"categories":[14,12],"tags":[],"class_list":["post-246565","post","type-post","status-publish","format-standard","hentry","category-vijesti","category-prica-dana"],"_links":{"self":[{"href":"https:\/\/www.pcnen.com\/portal\/wp-json\/wp\/v2\/posts\/246565","targetHints":{"allow":["GET"]}}],"collection":[{"href":"https:\/\/www.pcnen.com\/portal\/wp-json\/wp\/v2\/posts"}],"about":[{"href":"https:\/\/www.pcnen.com\/portal\/wp-json\/wp\/v2\/types\/post"}],"author":[{"embeddable":true,"href":"https:\/\/www.pcnen.com\/portal\/wp-json\/wp\/v2\/users\/1"}],"replies":[{"embeddable":true,"href":"https:\/\/www.pcnen.com\/portal\/wp-json\/wp\/v2\/comments?post=246565"}],"version-history":[{"count":0,"href":"https:\/\/www.pcnen.com\/portal\/wp-json\/wp\/v2\/posts\/246565\/revisions"}],"wp:attachment":[{"href":"https:\/\/www.pcnen.com\/portal\/wp-json\/wp\/v2\/media?parent=246565"}],"wp:term":[{"taxonomy":"category","embeddable":true,"href":"https:\/\/www.pcnen.com\/portal\/wp-json\/wp\/v2\/categories?post=246565"},{"taxonomy":"post_tag","embeddable":true,"href":"https:\/\/www.pcnen.com\/portal\/wp-json\/wp\/v2\/tags?post=246565"}],"curies":[{"name":"wp","href":"https:\/\/api.w.org\/{rel}","templated":true}]}}