{"id":246418,"date":"2018-05-11T10:24:28","date_gmt":"2018-05-11T08:24:28","guid":{"rendered":"http:\/\/www.pcnen.com\/portal\/?p=246418"},"modified":"2018-05-11T10:24:28","modified_gmt":"2018-05-11T08:24:28","slug":"stankovic-kalic-i-saric-oslobodeni-uprkos-dokazima","status":"publish","type":"post","link":"https:\/\/www.pcnen.com\/portal\/2018\/05\/11\/stankovic-kalic-i-saric-oslobodeni-uprkos-dokazima\/","title":{"rendered":"Stankovi\u0107: Kali\u0107 i \u0160ari\u0107 oslobo\u0111eni uprkos dokazima"},"content":{"rendered":"<p><a href=\"http:\/\/www.pcnen.com\/portal\/wp-content\/uploads\/2014\/10\/ivica-stankovi\u0107-foto-Dan.jpg\"><img loading=\"lazy\" decoding=\"async\" src=\"http:\/\/www.pcnen.com\/portal\/wp-content\/uploads\/2014\/10\/ivica-stankovi\u0107-foto-Dan-300x194.jpg\" alt=\"\" width=\"300\" height=\"194\" class=\"alignright size-medium wp-image-160111\" \/><\/a>Vrhovni dr\u017eavni tu\u017eilac Ivica Stankovi\u0107 saop\u0161tio je da tu\u017eila\u0161tvo po svim krivi\u010dnim prijavama postupa u skladu sa zakonom, bez obzira na to na koga se one odnose. Osvrnuo se na predmete u kojima su oslobo\u0111eni Du\u0161ko \u0160ari\u0107 i Safet Kali\u0107, isti\u010du\u0107i da su optu\u017enice potvr\u0111ene u sudu jer su sadr\u017eale dovoljno dokaza za osnovanu sumnju da su okrivljeni izvr\u0161ili djela za koja su optu\u017eeni.<\/p>\n<p>\u201cTo \u0161to se u javnosti konstantno govori o postupcima u kojima su donijete osloba\u0111aju\u0107e presude ne treba da dovede u pitanje rezultate u vi\u0161estruko ve\u0107em broju drugih predmeta, o \u010demu se, na\u017ealost, mnogo manje govori u javnosti. Zato \u0107u iskoristiti priliku da podsjetim da je tokom pro\u0161le godine po optu\u017eenjima dr\u017eavnih tu\u017eila\u0161tava osu\u0111uju\u0107om presudom rije\u0161eno vi\u0161e od 90 odsto optu\u017eenja, osloba\u0111aju\u0107om oko \u010detiri odsto, dok je odbijaju\u0107om presudom rije\u0161eno manje od dva odsto optu\u017eenja\u201d, rekao je Stankovi\u0107 za Dan.<\/p>\n<p>Podsjetiv\u0161i na izjavu ministra unutra\u0161njih poslova da tu\u017eila\u0161tvo \u010desto pribjegava sklapanju sporazuma o priznanju krivice, naglasio je da je Mevludin Nuhod\u017ei\u0107 iznio svoj stav, a on ga je potom upoznao sa svojim.<\/p>\n<p>\u201cOno \u0161to moram da naglasim jeste \u010dinjenica da sporazume o priznanju krivice ne zaklju\u010duje samo Specijalno dr\u017eavno tu\u017eila\u0161tvo, ve\u0107 to \u010dine i druga dr\u017eavna tu\u017eila\u0161tva u situacijama kada se za to stvore zakonski preduslovi. Podatke o zaklju\u010denim sporazumima za svako dr\u017eavno tu\u017eila\u0161tvo pojedina\u010dno mo\u017eete prona\u0107i u godi\u0161njem izvje\u0161taju o radu Tu\u017eila\u010dkog savjeta i Dr\u017eavnog tu\u017eila\u0161tva\u201d, dodao je Stankovi\u0107.<\/p>\n<p>Komentari\u0161u\u0107i sve \u010de\u0161\u0107e obra\u010dune kriminalnih grupa, ka\u017ee da poslednja de\u0161avanja u Crnoj Gori pokazuju da dr\u017eavni organi koji su zadu\u017eeni za obezbje\u0111ivanje sigurnog okru\u017eenja moraju odlu\u010dnije da postupaju i intenzivnije sara\u0111uju, kako bi kriminalnim grupama dokazali da nijesu ja\u010de od dr\u017eave.<\/p>\n<p>\u201cUvjeren sam da \u0107e policija, tu\u017eila\u0161tvo i druge institucije zadu\u017eene za bezbjednost svakog gra\u0111anina pojedina\u010dno dokazati da su spremne da stanu na put obra\u010dunima kriminalnih organizacija. \u0160to se ti\u010de Dr\u017eavnog tu\u017eila\u0161tva, svojim saradnicima sam saop\u0161tio jasan stav da o\u010dekujem od njih maksimalno anga\u017eovanje u situaciji kada je neophodna pove\u0107ana odgovornost svih nas\u201d, zaklju\u010duje Stankovi\u0107.<\/p>\n","protected":false},"excerpt":{"rendered":"<p>Vrhovni dr\u017eavni tu\u017eilac Ivica Stankovi\u0107 saop\u0161tio je da tu\u017eila\u0161tvo po svim krivi\u010dnim prijavama postupa u skladu sa zakonom, bez obzira na to na koga se one odnose. Osvrnuo se na predmete u kojima su oslobo\u0111eni Du\u0161ko \u0160ari\u0107 i Safet Kali\u0107, isti\u010du\u0107i da su optu\u017enice potvr\u0111ene u sudu jer su sadr\u017eale dovoljno dokaza za osnovanu sumnju [&hellip;]<\/p>\n","protected":false},"author":1,"featured_media":0,"comment_status":"open","ping_status":"closed","sticky":false,"template":"","format":"standard","meta":{"_seopress_robots_primary_cat":"","_seopress_titles_title":"","_seopress_titles_desc":"","_seopress_robots_index":"","_et_pb_use_builder":"","_et_pb_old_content":"","_et_gb_content_width":"","inline_featured_image":false,"footnotes":""},"categories":[14],"tags":[],"class_list":["post-246418","post","type-post","status-publish","format-standard","hentry","category-vijesti"],"_links":{"self":[{"href":"https:\/\/www.pcnen.com\/portal\/wp-json\/wp\/v2\/posts\/246418","targetHints":{"allow":["GET"]}}],"collection":[{"href":"https:\/\/www.pcnen.com\/portal\/wp-json\/wp\/v2\/posts"}],"about":[{"href":"https:\/\/www.pcnen.com\/portal\/wp-json\/wp\/v2\/types\/post"}],"author":[{"embeddable":true,"href":"https:\/\/www.pcnen.com\/portal\/wp-json\/wp\/v2\/users\/1"}],"replies":[{"embeddable":true,"href":"https:\/\/www.pcnen.com\/portal\/wp-json\/wp\/v2\/comments?post=246418"}],"version-history":[{"count":0,"href":"https:\/\/www.pcnen.com\/portal\/wp-json\/wp\/v2\/posts\/246418\/revisions"}],"wp:attachment":[{"href":"https:\/\/www.pcnen.com\/portal\/wp-json\/wp\/v2\/media?parent=246418"}],"wp:term":[{"taxonomy":"category","embeddable":true,"href":"https:\/\/www.pcnen.com\/portal\/wp-json\/wp\/v2\/categories?post=246418"},{"taxonomy":"post_tag","embeddable":true,"href":"https:\/\/www.pcnen.com\/portal\/wp-json\/wp\/v2\/tags?post=246418"}],"curies":[{"name":"wp","href":"https:\/\/api.w.org\/{rel}","templated":true}]}}