{"id":246353,"date":"2018-05-10T09:48:10","date_gmt":"2018-05-10T07:48:10","guid":{"rendered":"http:\/\/www.pcnen.com\/portal\/?p=246353"},"modified":"2018-05-10T22:28:37","modified_gmt":"2018-05-10T20:28:37","slug":"komemoracija-antifasistickom-zagrebu","status":"publish","type":"post","link":"https:\/\/www.pcnen.com\/portal\/2018\/05\/10\/komemoracija-antifasistickom-zagrebu\/","title":{"rendered":"Komemoracija antifa\u0161isti\u010dkom Zagrebu"},"content":{"rendered":"<p><strong>Autor:Tomislav Jaki\u0107<\/strong><\/p>\n<p><a href=\"http:\/\/www.pcnen.com\/portal\/wp-content\/uploads\/2015\/06\/Tomislav-Jakic.jpg\"><img loading=\"lazy\" decoding=\"async\" class=\" wp-image-182198 alignright\" src=\"http:\/\/www.pcnen.com\/portal\/wp-content\/uploads\/2015\/06\/Tomislav-Jakic-450x336.jpg\" alt=\"\" width=\"275\" height=\"206\" \/><\/a> svijetu koji se opasno naginje prema desnici, u uvjetima gospodarske krize kakva \u2013 povijest nas to u\u010di \u2013 pogoduje ra\u0111anju re\u017eima fa\u0161isti\u010dkog tipa, u vrijeme kada predsjednik dr\u017eave koja je u vrijeme Drugog svjetskog rata bila jedan od oslonaca antifa\u0161isti\u010dke borbe, zabija klin izme\u0111u svoje zemlje i njezinih saveznika iz vremena te borbe, ali i nekada\u0161njih neprijatelja koji su nau\u010dili cijeniti vrijednosti antifa\u0161izma i koji se nimalo ne uste\u017eu u njegovoj osudi, mala Hrvatska tone u glib provincijalizma i fa\u0161istoidnog nacionalizma, autisti\u010dki se zatvaraju\u0107i pred svima i svakim tko jo\u0161 vjeruje ne samo u ideju antifa\u0161izma, nego i u prijeku potrebu prisutnosti te ideje u temeljima svijeta u kojemu \u017eivimo.<\/p>\n<p>Na Dan pobjede nad fa\u0161izmom i Dan Evrope, u glavnom gradu Republike Hrvatske odr\u017eana je samo jedna manifestacija. Rije\u010d je o akademiji \u0161to ju je organizirao Savez antifa\u0161isti\u010dkih boraca i antifa\u0161ista. Odr\u017eana je u dvorani Hrvatskog glazbenog zavoda \u0161to prima nekih tristotinjak posjetitelja. Dvorana je bila otprilike dopola puna. Dakle, grad koji je u vrijeme kada je imao nekih 200.000 stanovnika dao jednu \u010detvrtinu, \u0161to zna\u010di 50.000 ljudi u borbi protiv naci-fa\u0161izma i njegovih saveznika i poslu\u0161nika (ne samo u Hrvatskoj), grad koji \u201cknji\u017ei\u201d na strani palih u borbi za slobodu 5.000 svojih stanovnika, a koji se po broju \u017eitelja danas pribli\u017eava brojci od jednog milijuna, taj grad, nekada grad-heroj, na 73. obljetnicu pobjede nad naci-fa\u0161izmom nije uspio okupiti na akademiji odr\u017eanoj tim povodom ni dvije stotine ljudi. Upravo tako: ni dvije stotine! Pa to, pogledajmo istini u o\u010di, i nije bila nikakva proslava, nego komemoracija onom nekada\u0161njem, antifa\u0161isti\u010dkom Zagrebu koji o\u010dito \u017eivi samo jo\u0161 u sje\u0107anjima onih koji se usu\u0111uju sje\u0107ati se i onih jo\u0161 rje\u0111ih koji su probili blokadu zaborava i povijesnog revizionizma i saznali kako je to bilo u vrijeme Drugog svjetskog rata.<\/p>\n<p>Mo\u017eda ni organizatori nisu do kraja obavili svoj posao, pa ljudi nisu znali za akademiju. Mo\u017eda, no i nije ba\u0161 vjerojatno, jer u vrijeme interneta i pametnih telefona vijesti se brzo \u0161ire, \u010dak i bez formalnih poziva. Bilo kako bilo, ako je to bila jedina manifestacija u glavnome gradu kojom je obilje\u017een Dan pobjede i Dan Evrope (jer, jedno bez drugoga ne ide!), trebalo je o\u010dekivati da \u0107e se na njoj pojaviti i netko u ime dr\u017eave \u010dija se Predsjednica, ba\u0161 kao ni premijer nikako ne mogu umoriti od ponavljanja kako je sada \u2013 eto \u2013 Hrvatska u Evropi. Jer, ta Evropa itekako obilje\u017eava Dan pobjede i sje\u0107a se onih kojima zahvaljujemo \u0161to je uz goleme ljudske \u017ertve pora\u017een sustav \u0161to ga se ne bez razoga naziva najve\u0107im zlom u povijesti ljudskog roda \u2013 u 20. stolje\u0107u svakako. No upravo u tome kontekstu Hrvatska definitivno nije Evropa, dapa\u010de svakim novim proplamsajem neofa\u0161izma, odnosno neousta\u0161tva (ma koliko se oni na vlasti upinjali dokazati kako takvo ne\u0161to ne postoji, istodobno prostiru\u0107i crveni tepih za nastupanje novovjekih fa\u0161ista), Hrvatska se od Evrope sve vi\u0161e udaljava. Hrvatska se od demokratske Evrope, izgra\u0111ene na temeljima antifa\u0161isti\u010dke borbe i na vrijednostima antifa\u0161izma sama izolira. I nikoga ne\u0107e mo\u0107i okrivljavati za tu samoizolaciju, kada ona postane bjelodana i onima koji je danas jo\u0161 nisu spremni uo\u010diti, a kamo li priznati.<\/p>\n<p>I bilo je to bolno jasno i po tome \u0161to je Dr\u017eava na akademiju koja je trebala biti proslava, a ostavila je dojam komemoracije, poslala redom izaslanike. Nikoga tko bi do\u0161ao imenom i prezimenom, ali temeljem visoke du\u017enosti \u0161to je obna\u0161a. Dodu\u0161e, bio je jedan potpredsjednik Sabora, odr\u017eao vatreni govor zavr\u0161avaju\u0107i ga uz podignutu pesnicu pokli\u010dem: \u201cSmrt fa\u0161izmu!\u201d. No, on nije bio u ime Hrvatskoga sabora, nego u svoje osobno. \u010covjek shvatio gdje mu je mjesto, pa je tamo i do\u0161ao. Pozvani su bili i mediji, a vi\u0111ene su i dvije kamere, jedna s jasnim oznakama nacionalne komercijalne televizije. I \u0161to je ta televizija objavila u svojem Dnevniku? Potpunu i objektivnu informaciju o tome \u0161to je obilje\u017eeno u Hrvatskom glazbenom zavodu? Ni slu\u010dajno. Objavila je odgovor biv\u0161eg premijera Milanovi\u0107a na pitanje \u0161to s okupljanjem nije imalo nikakve veze, uz napomenu da je Milanovi\u0107 bio na obilje\u017eavanju \u201cdana antifa\u0161ista\u201d. Dakle, ni to\u010dan naziv, \u0161to svakako nije slu\u010dajno, jer je koju minute prije toga ista televizija objavila op\u0161iran izvje\u0161taj o velikoj vojnoj paradi u Moskvi, sasvim korektno navode\u0107i kojim je povodom ta parade bila odr\u017eana. Pa je poruka i vi\u0161e nego rje\u010dita: ono \u0161to slave Rusi, to se nas ne ti\u010de. Mi nismo u toj pri\u010di.<\/p>\n<p>I zaista nismo, ma koliko to paradoksalno zvu\u010dalo, ima li se u vidu \u010dinjenica da je hrvatski udio u Narodno-oslobodila\u010dkom pokretu na tlu Jugoslavije bio iznimno visok (ne zaboravljaju\u0107i pri tome ulogu Srba iz Hrvatske!), da je \u010dovjek koji je vodio taj pokret i koji je uspio u \u010detiri godine zaista nadljudske borbe iz partizanskih gerilaca stvoriti organiziranu armiju, priznatu na Teheranskoj konferenciji \u201cvelike trojice\u201d u ulozi saveznika \u2013 bio Hrvat. No, toga se Hrvata dana\u0161nja slu\u017ebena Hrvatska odri\u010de, njegova se bista izbacuje iz Ureda Predsjednice, a uz njegovo se ime (koje je oduzeto jednome od glavnih trgova u Zagrebu) sve \u010de\u0161\u0107e \u2013 mada bez ikakvog \u010dvrstog \u010dinjeni\u010dnog i povijesnog upori\u0161ta \u2013 ve\u017ee pojam \u201czlo\u010dinac\u201d; u nekada poznatim ustani\u010dkim mjestima u kojima su stajale spomen plo\u010de s imenima palih antifa\u0161isti\u010dkih boraca i \u017ertava fa\u0161izma, ni\u010du spomenici \u2013 ponekada s imenima, ponekada i bez toga, \u017ertvama \u201cjugoslavenskog komunizma\u201d. Na dan oslobo\u0111enja Zagreba javna\/dr\u017eavna televizija servira gledateljima film (vrlo dobar, nema dvojbe) o posljednjim danima Drugog svjetskog rata u Parizu (!), nakon \u0161to je dan ranije prakti\u010dno cijelu ve\u010der posvetila \u0161to \u201cdokumentarcima\u201d, \u0161to igranim serijama o partizanima \u2013 ubojicama i kolja\u010dima.<\/p>\n<p>Drugu \u0107emo pri\u010du gledati na Bleibur\u0161kom polju, kamo \u0107e visoki predstavnici Dr\u017eave oti\u0107i \u201cglavom i bradom\u201d, da bi \u2013 kako se zbog poo\u0161trenog stanovi\u0161ta i austrijskih vlasti, ali i Katoli\u010dke crkve u Austriji sada najavljuje \u2013 isklju\u010divo izrazili pijetet. Pitanje je samo: kome? Kao prvo, ako je Hrvatska izgra\u0111ena (i) na temeljima antifa\u0161izma (kako stoji u Ustavu), onda je ve\u0107 i natpis na tamo\u0161njem spomeniku la\u017ean. Jer, tamo je rije\u010d o \u201chrvatskoj vojsci\u201d (u njema\u010dkom prijevodu, dodu\u0161e, samo \u201cHrvatima\u201d). Antifa\u0161isti\u010dka Hrvatska nikako ne bi smjela priznavati ostatke usta\u0161a i domobrana koji su se pod borbom, zajedno s ostalim kvislinzima s podru\u010dja Jugoslavije, povla\u010dili prema Austriji, produljuju\u0107i Drugi svjetski rat u Evropi za tjedan dana, kao \u201chrvatsku vojsku\u201d. Taj naziv zaslu\u017euju samo i isklju\u010divo hrvatski borci u redovima Narodno-oslobodila\u010dke vojske mar\u0161ala Josipa Broza Tita. Drugo, antifa\u0161isti\u010dka Hrvatska treba priznati (\u0161to ona i \u010dini) da je i na strani pobjednika nakon predaje kod Bleiburga bilo zlo\u010dina, pa i masovnih, ali treba u isto vrijeme jasno re\u0107i da je me\u0111u bez suda likvidiranima (\u0161to je samo po sebi zlo\u010din) bilo mnogo onih koji su u \u010detiri godine prije toga okrvavili ruke i koji bi, da su izvedeni pred sud, kao ratni zlo\u010dinci bili osu\u0111eni, nerijetko i na smrt. Treba, dakle, diferencirati. Likvidarnim zlo\u010dincima neka odaju po\u010dast u svojem krugu njihove obitelji. To im nitko niti brani, niti smije zabraniti. Dr\u017eava \u2013 ne. Pa upravo zato tvrditi, u ime Republike Hrvatske, kako su svi ubijeni nakon predaje kod Bleiburga bili nevini, niti odgovara \u010dinjenicama, niti potr\u0111uje antifa\u0161isti\u010dki karakter hrvatske dr\u017eave. Upravo suprotno, a takvih smo se tvrdnji, uz do sada obaveznu usta\u0161ku ikonografiju i notorno politi\u010dke govore prekrivene sve\u0107eni\u010dkim ornatima, naslu\u0161ali proteklih godina.<\/p>\n<p>Pa je, \u010dini nam se, krajnje vrijeme da ra\u0161\u010distimo s iluzijom o prisutnosti antifa\u0161izma u dana\u0161njoj Hrvatskoj. On je, \u0161to se Dr\u017eave ti\u010de, kao \u0161to je svojedobno i rekao jedan od najglasnijih apologeta usta\u0161tva, samo floskula. I doista i jest. Dr\u017eava na antifa\u0161izam ne ra\u010duna, on joj ne treba, dapa\u010de mnogima je u vrhu dr\u017eave odiozan, mada \u0107e se jednom ili dva puta godi\u0161nje pateti\u010dno na njega pozvati. Vrijednosti antifa\u0161izma uporno se nastoje uvaljati u blato zlo\u010dina sovjetskog staljnizma, sistema kojega se jugoslavenskoj federaciji mo\u017ee pripisati samo u prvih nekoliko godina njezinoga postojanja, kasnije \u2013 nikako. Da, postoji Savez antifa\u0161isti\u010dkih boraca i antifa\u0161ista, postoji Antifa\u0161isti\u010dka liga, ali vrijednosti antifa\u0161izma i istina o antifa\u0161isti\u010dkoj borbi do goleme ve\u0107ine mladih niti mogu doprijeti (medijska blokada!), niti su doprli. A me\u0111u starijima \u2013 \u010dast iznimkama \u2013 hara po\u0161ast oportunizma. O tome svjedo\u010de i stalne tu\u017ebalice tipa \u201cdosta nam je pri\u010da o usta\u0161ama i partizanima\u201d, ali i prava poplava publikacija, tekstova i televizijskih emisija, o internetskim portalima desne provenijencije da i ne govorimo, \u0161to ih se bez ikakve rezerve mo\u017ee svrstati u kategoriju povijesnog revizionizma, a koji nedvojbeno imaju pogubne i dugoro\u010dne u\u010dinke.<\/p>\n<p>U svijetu koji se opasno naginje prema desnici, u uvjetima gospodarske krize kakva \u2013 povijest nas to u\u010di \u2013 pogoduje ra\u0111anju re\u017eima fa\u0161isti\u010dkog tipa, u vrijeme kada predsjednik dr\u017eave koja je u vrijeme Drugog svjetskog rata bila jedan od oslonaca antifa\u0161isti\u010dke borbe, zabija klin izme\u0111u svoje zemlje i njezinih saveznika iz vremena te borbe, ali i nekada\u0161njih neprijatelja koji su nau\u010dili cijeniti vrijednosti antifa\u0161izma i koji se nimalo ne uste\u017eu u njegovoj osudi, mala Hrvatska tone u glib provincijalizma i fa\u0161istoidnog nacionalizma, autisti\u010dki se zatvaraju\u0107i pred svima i svakim tko jo\u0161 vjeruje ne samo u ideju antifa\u0161izma, nego i u prijeku potrebu prisutnosti te ideje u temeljima svijeta u kojemu \u017eivimo.<\/p>\n<p>I zato u toj Hrvatskoj nije bilo dr\u017eavnog obilje\u017eavanja Dana pobjede nad fa\u0161izmom (a Dan Evrope nezgrapno se, ali ne i manje uporno nastoji od njega odvojiti), zato se na sve\u010danoj akademiji u Zagrebu, nekada\u0161njem (da, nekada\u0161njem!) gradu-heroju okupilo tek dvjestotinjak ljudi, uglavnom u godinama, zato se ta manifestacija zami\u0161ljena kao sve\u010dana akademja u \u010dast Dana pobjede nad fa\u0161izmom pretvorila u komemoraciju antifa\u0161isti\u010dkom Zagrebu. Ali i antifa\u0161isti\u010dkoj Hrvatskoj.<\/p>\n<p><a href=\"http:\/\/www.tacno.net\/zagreb\/komemoracija-antifasistickom-zagrebu\/\">Ta\u010dno.net<\/a><\/p>\n","protected":false},"excerpt":{"rendered":"<p>Na Dan pobjede nad fa\u0161izmom i Dan Evrope, u glavnom gradu Republike Hrvatske odr\u017eana je samo jedna manifestacija<\/p>\n","protected":false},"author":1,"featured_media":0,"comment_status":"open","ping_status":"closed","sticky":false,"template":"","format":"standard","meta":{"_seopress_robots_primary_cat":"","_seopress_titles_title":"","_seopress_titles_desc":"","_seopress_robots_index":"","_et_pb_use_builder":"","_et_pb_old_content":"","_et_gb_content_width":"","inline_featured_image":false,"footnotes":""},"categories":[5],"tags":[],"class_list":["post-246353","post","type-post","status-publish","format-standard","hentry","category-drugi-pisu"],"_links":{"self":[{"href":"https:\/\/www.pcnen.com\/portal\/wp-json\/wp\/v2\/posts\/246353","targetHints":{"allow":["GET"]}}],"collection":[{"href":"https:\/\/www.pcnen.com\/portal\/wp-json\/wp\/v2\/posts"}],"about":[{"href":"https:\/\/www.pcnen.com\/portal\/wp-json\/wp\/v2\/types\/post"}],"author":[{"embeddable":true,"href":"https:\/\/www.pcnen.com\/portal\/wp-json\/wp\/v2\/users\/1"}],"replies":[{"embeddable":true,"href":"https:\/\/www.pcnen.com\/portal\/wp-json\/wp\/v2\/comments?post=246353"}],"version-history":[{"count":0,"href":"https:\/\/www.pcnen.com\/portal\/wp-json\/wp\/v2\/posts\/246353\/revisions"}],"wp:attachment":[{"href":"https:\/\/www.pcnen.com\/portal\/wp-json\/wp\/v2\/media?parent=246353"}],"wp:term":[{"taxonomy":"category","embeddable":true,"href":"https:\/\/www.pcnen.com\/portal\/wp-json\/wp\/v2\/categories?post=246353"},{"taxonomy":"post_tag","embeddable":true,"href":"https:\/\/www.pcnen.com\/portal\/wp-json\/wp\/v2\/tags?post=246353"}],"curies":[{"name":"wp","href":"https:\/\/api.w.org\/{rel}","templated":true}]}}