{"id":245828,"date":"2018-05-01T14:52:05","date_gmt":"2018-05-01T12:52:05","guid":{"rendered":"http:\/\/www.pcnen.com\/portal\/?p=245828"},"modified":"2018-05-01T16:20:40","modified_gmt":"2018-05-01T14:20:40","slug":"rijeka-bukovica-okupila-svoju-odbranu","status":"publish","type":"post","link":"https:\/\/www.pcnen.com\/portal\/2018\/05\/01\/rijeka-bukovica-okupila-svoju-odbranu\/","title":{"rendered":"Rijeka Bukovica okupila svoju odbranu"},"content":{"rendered":"<div id=\"attachment_245829\" style=\"width: 310px\" class=\"wp-caption alignright\"><a href=\"http:\/\/www.pcnen.com\/portal\/wp-content\/uploads\/2018\/05\/odbrana-bukovice.jpg\"><img loading=\"lazy\" decoding=\"async\" aria-describedby=\"caption-attachment-245829\" class=\"size-medium wp-image-245829\" src=\"http:\/\/www.pcnen.com\/portal\/wp-content\/uploads\/2018\/05\/odbrana-bukovice-300x220.jpg\" alt=\"\" width=\"300\" height=\"220\" \/><\/a><p id=\"caption-attachment-245829\" class=\"wp-caption-text\">&#8216;Ni fla\u0161u vode vam ne damo&#8217;, poru\u010deno investitorima u hidro-elektranu\/Foto: Ekolo\u0161ki pokret Donja Bukovica<\/p><\/div>\n<p>Skup za odbranu rijeke Bukovice odr\u017ean je danas u selu Donja Bukovica, na platou pored mosta, sa koga je poru\u010deno da rijeku treba uvrstiti u Nacionalni park Durmitor.<\/p>\n<p>Stanovnici sela u dolini ove durkitoske rijeke rijeke su jo\u0161 jednom uputili sna\u017enu poruku protiv granje mini-hodroelektrane, projekta kojim je predvi\u0111eno da jedan dio rje\u010dnog toka bude zamijenjen cijevima.<\/p>\n<p>Ne damo vam ni fla\u0161u vode iz Bukovice, poru\u010dio je, u desetercu, Dragi\u0161a Vemi\u0107.<\/p>\n<p>Elaborat o gradnji mini-hodroelekrtane nije pro\u0161ao, ali investitori nijesu odustali od projekta.<\/p>\n<p>Vanja Kujund\u017ei\u0107 je govorio o istorijatu posezanja za rijekom Bukovicom, a Ilija Srdanovi\u0107 smatra da ovu rijeku treba uvrstiti u nacionalni park \u2018Durmitor\u2019. Ne\u0111o Strunja\u0161 je poru\u010dio da rijeka nije za pojedince, ve\u0107 za sve ljude, i da svi treba da je \u010duvaju.<\/p>\n<p>Lokalnim zajednicama koje brane rijeku podr\u0161ku od po\u010detka daje ekolo\u0161ki pokret \u2018Ozon\u2019, \u010diji prvi \u010dovjek, Aleksandar Perovi\u0107 \u00a0nije ni danas krio odu\u0161evljenje zbog sloge stanovni\u0161tva i snage otpora.<\/p>\n<p><a href=\"http:\/\/www.pcnen.com\/portal\/wp-content\/uploads\/2018\/02\/Bukovica-rijeka.jpg\"><img loading=\"lazy\" decoding=\"async\" class=\"size-medium wp-image-241258 aligncenter\" src=\"http:\/\/www.pcnen.com\/portal\/wp-content\/uploads\/2018\/02\/Bukovica-rijeka-300x227.jpg\" alt=\"\" width=\"300\" height=\"227\" \/><\/a><\/p>\n<p>Bukovica izvire ispod planine Durmitor, na koti 1350 metara nadmorske visine. Du\u017eina rijeke je 42 km i pripada crnomorskom slivu.<\/p>\n<p>Rijeka Bukovica je sastavni dio jednog\u00a0 od devet klju\u010dnih podru\u010dja za biodiverzitet na projektu za uspostavljanje evropske ekolo\u0161ke mre\u017ee NATURA 2000 u Crnoj Gori. Ona cijelim tokom pripada kategoriji predvi\u0111enoj Habitat direktivom Evropske unije, i to \u010dlanovima Annex-a I, II i V.<\/p>\n<p><a href=\"http:\/\/co-seed.eu\/index.php\/me\/press\/javna-rasprava-o-ocjeni-elaborata-o-procjeni-uticaja-na-zivotnu-sredinu-izgradnje-mhe-bukovica-1-i-2\/383\">Rijeka Bukovica je stani\u0161te steno-endemske vrste Rhithrogena marinkovici (Steno-endem zna\u010di da se, na cijeloj planeti, samo na tom mjestu nalazi data vrsta).<\/a><\/p>\n<p><iframe loading=\"lazy\" title=\"Male hidroelektrane rijeka Bukovica BOJE JUTRA\" width=\"1080\" height=\"608\" src=\"https:\/\/www.youtube.com\/embed\/sgpRh1-77nA?feature=oembed\" frameborder=\"0\" allow=\"accelerometer; autoplay; clipboard-write; encrypted-media; gyroscope; picture-in-picture; web-share\" allowfullscreen><\/iframe><\/p>\n<p>&nbsp;<\/p>\n","protected":false},"excerpt":{"rendered":"<p>Skup za odbranu rijeke Bukovice odr\u017ean je danas u selu Donja Bukovica, na platou pored mosta, sa koga je poru\u010deno da rijeku treba uvrstiti u Nacionalni park Durmitor. Stanovnici sela u dolini ove durkitoske rijeke rijeke su jo\u0161 jednom uputili sna\u017enu poruku protiv granje mini-hodroelektrane, projekta kojim je predvi\u0111eno da jedan dio rje\u010dnog toka bude [&hellip;]<\/p>\n","protected":false},"author":1,"featured_media":245829,"comment_status":"open","ping_status":"closed","sticky":false,"template":"","format":"standard","meta":{"_seopress_robots_primary_cat":"","_seopress_titles_title":"","_seopress_titles_desc":"","_seopress_robots_index":"","_et_pb_use_builder":"","_et_pb_old_content":"","_et_gb_content_width":"","inline_featured_image":false,"footnotes":""},"categories":[14,12],"tags":[],"class_list":["post-245828","post","type-post","status-publish","format-standard","has-post-thumbnail","hentry","category-vijesti","category-prica-dana"],"_links":{"self":[{"href":"https:\/\/www.pcnen.com\/portal\/wp-json\/wp\/v2\/posts\/245828","targetHints":{"allow":["GET"]}}],"collection":[{"href":"https:\/\/www.pcnen.com\/portal\/wp-json\/wp\/v2\/posts"}],"about":[{"href":"https:\/\/www.pcnen.com\/portal\/wp-json\/wp\/v2\/types\/post"}],"author":[{"embeddable":true,"href":"https:\/\/www.pcnen.com\/portal\/wp-json\/wp\/v2\/users\/1"}],"replies":[{"embeddable":true,"href":"https:\/\/www.pcnen.com\/portal\/wp-json\/wp\/v2\/comments?post=245828"}],"version-history":[{"count":0,"href":"https:\/\/www.pcnen.com\/portal\/wp-json\/wp\/v2\/posts\/245828\/revisions"}],"wp:featuredmedia":[{"embeddable":true,"href":"https:\/\/www.pcnen.com\/portal\/wp-json\/wp\/v2\/media\/245829"}],"wp:attachment":[{"href":"https:\/\/www.pcnen.com\/portal\/wp-json\/wp\/v2\/media?parent=245828"}],"wp:term":[{"taxonomy":"category","embeddable":true,"href":"https:\/\/www.pcnen.com\/portal\/wp-json\/wp\/v2\/categories?post=245828"},{"taxonomy":"post_tag","embeddable":true,"href":"https:\/\/www.pcnen.com\/portal\/wp-json\/wp\/v2\/tags?post=245828"}],"curies":[{"name":"wp","href":"https:\/\/api.w.org\/{rel}","templated":true}]}}