{"id":245762,"date":"2018-04-30T06:38:49","date_gmt":"2018-04-30T04:38:49","guid":{"rendered":"http:\/\/www.pcnen.com\/portal\/?p=245762"},"modified":"2018-04-30T06:41:28","modified_gmt":"2018-04-30T04:41:28","slug":"bujrum-ko-u-svoju-kucu","status":"publish","type":"post","link":"https:\/\/www.pcnen.com\/portal\/2018\/04\/30\/bujrum-ko-u-svoju-kucu\/","title":{"rendered":"Bujrum k'o u svoju ku\u0107u"},"content":{"rendered":"<p><strong>Autor: Zlatko Dizdarevi\u0107<\/strong><\/p>\n<p><a href=\"http:\/\/www.pcnen.com\/portal\/wp-content\/uploads\/2015\/05\/zlatko-dizdarevic-e1488180017381.jpg\"><img loading=\"lazy\" decoding=\"async\" class=\"alignright size-medium wp-image-180389\" src=\"http:\/\/www.pcnen.com\/portal\/wp-content\/uploads\/2015\/05\/zlatko-dizdarevic-300x222.jpg\" alt=\"\" width=\"300\" height=\"222\" \/><\/a>Minulih dana u turskom list Yenisafak objavljena je vijest kako turski predsjednik Recep Tayyip Erdogan planira da 20. maja u Sarajevu odr\u017ei predizborni skup! Dakle, da ne bude zabune, zvani\u010dni skup njegove \u201cPartije pravde i razvoja\u201d (AKP). Vijest ka\u017ee da se u Istanbulu ra\u010duna kako u BiH ima deset hiljada dr\u017eavljana Turske pa je to zato. U Njema\u010dkoj, Holandiji i Austriji ih je vi\u0161e miliona, pa su vlasti ovih dr\u017eava zabranile iste skupove kod njih. Valjda zato \u0161to ovdje stvar nije samo u broju gra\u0111ana strane dr\u017eave ve\u0107 i u raznim elementima, principijelno i dr\u017eavotvorno, va\u017enijim od tog broja.<\/p>\n<p>U Bosni i Hercegovini, nakon objave vijesti odreagirala je odmah tek \u201cNa\u0161a stranka\u201d koju \u010dine uglavnom mladi i obrazovani ljudi. U saop\u0161tenju se ka\u017ee kako je najavljeni doga\u0111aj nemogu\u0107e posmatrati izvan konteksta oktobarskih izbora u BiH. Znaju\u0107i ko je temeljni partner Erdoganu u BiH, u saop\u0161tenju isti\u010du: \u201cNe mo\u017eemo da vjerujemo da rukovodstvo SDA stranke ne sagledava katastrofalne politi\u010dke posljedice odr\u017eavanja najavljenog skupa koji se ne mo\u017ee shvatiti druga\u010dije nego kao provociranje Evropske unije i nekih politi\u010dkih snaga u na\u0161oj zemlji. Njihov pristanak zna\u010dit \u0107e da nemaju vi\u0161e na\u010dina da se izvuku iz stiska Erdogana&#8230;\u201d<\/p>\n<p>Sve \u0161to se nekad pusti u javnost kao probni balon, pa u po\u010detku kobajagi bude nevjerovatno, na ovim se prostorima naj\u010de\u0161\u0107e brzo vrati kao istina. Tako je po\u010detkom januara 2016. godine kao grom iz vedra neba pristigla vijest o tome da AKP ima namjeru u Sarajevu otvoriti svoje predstavni\u0161tvo, time legitimiraju\u0107i svoje organizovano politi\u010dko postojanje u BiH. U skladu sa tim bi se, naravno, jednom pojavili i na ovda\u0161njim izborima. Da joj to nije nakana \u2013 \u010demu organiziranje?<\/p>\n<p>Nakon reakcija temeljem kojih se ispitivao puls javnosti u zemlji sve vi\u0161e do\u017eivljavanoj u Stambolu (opet) kao njihova nahija na obodima imperije, pri\u010da je nakratko utihnula. Dovoljno je pokazano kako se ovo knji\u017ei kao njihov dru\u0161tveni i politi\u010dki prostor.<\/p>\n<p>Samo desetak mjeseci kasnije eto nove akcije koja, iako poni\u017eavaju\u0107a, vi\u0161e nije ni toliko nevjerovatna: tada\u0161nji gradona\u010delnik Sarajeva i njegov zamjenik (novi gradona\u010delnik), sa \u010dlanovima rukovodstva Grada donose odluku da jednu od tradicionalnih Plaketa Grada, u znak priznanja za sve u\u010dinjeno u korist Sarajlija, dodijele dugogodi\u0161njem, sjajnom profesoru matematike koji je od\u0161kolovao generacije srednjo\u0161kolaca i studenata, danas rasutih po svijetu. Mali problem je \u0161to je doti\u010dni profesor porijeklom Tur\u010din, a neko je vrijeme radio i na fakultetu optu\u017eenom za pripadni\u0161tvo onom Gulenu, Erdoganovom smrtnom neprijatelju. O\u010digledno, iz Turske je preko doma\u0107ih vazala jasno do\u0161apnuto kako \u0107e bratski gradovi Istanbul, Ankara i Konja propitati \u201cpobratimstvo\u201d sa Sarajevom ukoliko prof. Lafciogluu ne bude uskra\u0107ena povelja prethodno jednodu\u0161no izglasana. Tako je i bilo. \u201cDemokratski\u201d se glasalo po nalogu. Ni gradona\u010delnik koji je pismeno nalo\u017eio preispitivanje odluke u kojoj je prethodno u\u010destvovao, ni njegov zamjenik, nisu se pojavili na novom glasanju. Bili ljudi zauzeti. Obrazlo\u017eenje za javnost o ovome jadu ni u putu se nije srelo sa pravim razlozima skandala.<\/p>\n<p>Ubrzana evolucija politi\u010dkog mazohizma dobrih bo\u0161nja\u010dkih lidera u Gradu Sarajevu, me\u0111utim, nastavlja se. Tokom minulog marta i na samom po\u010detku aprila, eto slu\u010daja \u201cPamuk \u2013 Mesi\u0107\u201d i skandala sa dodjelom zvanja Po\u010dasnog gra\u0111anina Sarajeva. Biser svoje vrste. To je ilustracija mahalskog mentaliteta koji potire svako dostojanstvo Grada zarad o\u010duvanja vlasti. Ujedno je i spoznaja o minimumu standarda u me\u0111udr\u017eavnom i diplomatskom pona\u0161anju onih \u0161to su na kakvim-takvim funkcijama koje tra\u017ee, uz malo obraza i ki\u010dme, i mrvu osnovnih znanja o pravilima vladanja Gradom poput Sarajeva. Dodu\u0161e \u2013 onog nekad.<\/p>\n<p>Ukratko opet, ko ne zna: Odlu\u010dili \u201coci\u201d me\u0111u kojima je u paketu i Gradona\u010delnik, onaj \u0161to je ve\u0107 nesmotreno zaboravio vlastito iskustvo sa prof. Lafciogluom, da presti\u017eno zvanje dodijele Orhanu Pamuku. Bjelosvjetski, nema \u0161ta. Problem je, izgleda, da je malo ko od \u201codlu\u010dilaca\u201d \u010ditao Pamuka pa nije ni slutio odnos izme\u0111u njega i politike \u201csultana sa Bosfora\u201d. Da su \u010ditali uz onakve politi\u010dke gabarite, ne bi im na kraj pameti pao takav prijedlog. A ko zna, mo\u017eda su doista povjerovali da su politi\u010dki autohtoni.<\/p>\n<p>Naravno, no\u0107ni glasnik na brzom elektronskom konju donio je u Sarajevo haber kako je gre\u0161ka skandalozna i kako nema ni\u0161ta od toga da se \u010destiti Nobelovac okiti zvanjem \u201cPo\u010dasnog gra\u0111anina Sarajeva\u201d. Eto belaja, opet! Ni stara ud\u017ebeni\u010dka osmo\u0161kolska definicija \u0161to veli da je inteligencija sposobnost kori\u0161tenja prethodnih iskustava ne igra. Naprotiv, u igri je ona mangupska koja va\u017ei za kockarsku familiju: \u201cNije majka sina karala \u0161to se uvalio, ve\u0107 \u0161to se vadio&#8230;\u201d Lokalne dahije dosjetile se da kao rezervnu varijantu nepodobnom Pamuku stvar ponude Mesi\u0107u, uz pregr\u0161t la\u017enih obja\u0161njenja kako to nije to. Povjerovali da \u0107e on kao \u201crezerva\u201d pro\u0107i u sarajevskoj raji koja ga voli. Pa su se i tu preigrali. Mesi\u0107 na njihovu \u010dast u Sarajevo nije do\u0161ao jer nikada ovdje nije bio rezerva. I ona dobra gradska raja bi mu zamjerila da jeste. Posebno je \u0161to bi taj potez spa\u0161avao obraz lokalnim gubitnicima. Sa njegove strane, uprkos nevi\u0111enim pritiscima, sve je odigrano korektno, diplomatski prihvatljivo, \u010dak i elegantno, uz nevjericu lokalnih politi\u010dkih amatera (blago kazano). Jer oni bi i da speru mrlje sa karijera uprskanih glupostima, i da se ne zamjere raji koja ku\u017ei o \u010demu se radi, i da ostanu \u010disti pred \u201csultanom\u201d kojemu je \u010dak i Alija Izetbegovi\u0107 odlaze\u0107i ostavio Bosnu \u201cu amanet\u201d.<\/p>\n<p>Za\u0161to sada prisje\u0107anje na sve ove epizode iz prethodnih vremena? Onima \u0161to su malo zainteresiraniji za ovu temu vjerovatno pada na pamet kultna knjiga kojom je dosta jasno, mada indirektno, razja\u0161njena i povijest ove pri\u010de. Naslov joj je \u201cStrategijska dubina\u201d, a autor Ahmet Davutoglu, \u010dovjek koji je de facto u politi\u010dkom smislu stvorio Erdogana. Ovaj mu je, po dobroj staroj isto\u010dnoj tradiciji \u201csvilen gajtana\u201d, do\u0161ao glave kada je postalo jasno da za bilo kakvu konkurenciju me\u0111u njima nema ni potrebe, ni \u017eivaca ni volje. Knjiga je u Turskoj, koja i danas pati za sultanskim vremenima, od 2001. godine do 2014. objavljena u 91 izdanju! Uz malo cinizma, sasvim dovoljno da ga onakav Erdogan smijeni.<\/p>\n<p>Me\u0111u mnogim intrigantno zanimljivim razmatranjima ambiciozne turske \u201cstrategijske dubine\u201d, tek primjera radi, su i teze poput onih da je \u201cturska politika nemije\u0161anja propust\u201d, da je \u201cTurska epicentar Balkana, Bliskog istoka i Kavkaza, epicentar Euroazije\u201d, da su \u201cBo\u0161njaci u BiH i Albanci prirodni saveznici Turske\u201d, da \u201codbrana Istanbula i Isto\u010dne Trakije polazi od Jadranskog mora i Sarajeva\u201d, da \u201ctemelj politi\u010dkog uticaja Republike Turske na Balkanu \u010dine muslimanske zajednice koje ba\u0161tine Otomansko Carstvo&#8230;\u201d Ni\u0161ta manje znakovite nisu ni teze da \u201cTurska ima vojnu misiju&#8230;\u201d, a da \u201cklju\u010d rje\u0161enja problema na Balkanu le\u017ei u budu\u0107nosti Bo\u0161njaka i Albanaca&#8230;\u201d<\/p>\n<p>I ne zaboravimo po ko zna koji put ponovljenu sliku, onoliko znakovitu. Onu iz avgustovske no\u0107i 2014. i Erdoganove pobjede na predsjedni\u010dkim izborima, kada mu je Bakir Izetbegovi\u0107 egzaltirano dovikivao u tv kameru, glorificiraju\u0107i novog sultana: \u201cPredsjedni\u010de, predsjedni\u010de, niste Vi predsjednik samo Turske, Vi ste predsjednik svih nas&#8230; mi svi treba da se svrstamo pod Va\u0161u zastavu&#8230;\u201d<\/p>\n<p>Na vijest o organiziranju \u201cpredizbornog mitinga\u201d AKP stranke u Sarajevu reagirala je jedna, broj\u010dano relativno mala stranka u BiH. Malo manje od jedne stranice ovome je posvetio \u201cAvaz\u201d. Koliko je tu kontre Izetbegovi\u0107u, a koliko principijelnog stava sudit \u0107e strasti ionako ve\u0107 usmjerenih i podijeljenih bira\u010da. Ono \u0161to ostavlja gorak okus u cijeloj pri\u010di jeste slutnja povodom najave mitinga: ako se ne desi neko \u010dudo koje bi sprije\u010dilo skup, na njemu ne\u0107e biti samo onih desetak hiljada Turaka (a i za\u0161to bi svi Turci bili na mitingu za Erdogana). Na njemu \u0107e biti i desetine hiljada Bo\u0161njaka!<\/p>\n<p>U tome jeste ovda\u0161nji problem. Nije u Erdoganu. On radi svoj posao i strate\u0161ki i dubinski. Za to mu ni Davutoglu vi\u0161e nije potreban. Otud, bujrum Tayyipe, \u201cna\u0161i smo\u201d!<\/p>\n<p><a href=\"http:\/\/www.novilist.hr\/Komentari\/Kolumne\/Balkanski-ambasador-Zlatka-Dizdarevica\/Bujrum-k-o-u-svoju-kucu?meta_refresh=true\">Novi list<\/a><\/p>\n","protected":false},"excerpt":{"rendered":"<p>Sve \u0161to se nekad pusti u javnost kao probni balon, pa u po\u010detku kobajagi bude nevjerovatno, na ovim se prostorima naj\u010de\u0161\u0107e brzo vrati kao istina<\/p>\n","protected":false},"author":1,"featured_media":0,"comment_status":"open","ping_status":"closed","sticky":false,"template":"","format":"standard","meta":{"_seopress_robots_primary_cat":"","_seopress_titles_title":"","_seopress_titles_desc":"","_seopress_robots_index":"","_et_pb_use_builder":"","_et_pb_old_content":"","_et_gb_content_width":"","inline_featured_image":false,"footnotes":""},"categories":[5],"tags":[],"class_list":["post-245762","post","type-post","status-publish","format-standard","hentry","category-drugi-pisu"],"_links":{"self":[{"href":"https:\/\/www.pcnen.com\/portal\/wp-json\/wp\/v2\/posts\/245762","targetHints":{"allow":["GET"]}}],"collection":[{"href":"https:\/\/www.pcnen.com\/portal\/wp-json\/wp\/v2\/posts"}],"about":[{"href":"https:\/\/www.pcnen.com\/portal\/wp-json\/wp\/v2\/types\/post"}],"author":[{"embeddable":true,"href":"https:\/\/www.pcnen.com\/portal\/wp-json\/wp\/v2\/users\/1"}],"replies":[{"embeddable":true,"href":"https:\/\/www.pcnen.com\/portal\/wp-json\/wp\/v2\/comments?post=245762"}],"version-history":[{"count":0,"href":"https:\/\/www.pcnen.com\/portal\/wp-json\/wp\/v2\/posts\/245762\/revisions"}],"wp:attachment":[{"href":"https:\/\/www.pcnen.com\/portal\/wp-json\/wp\/v2\/media?parent=245762"}],"wp:term":[{"taxonomy":"category","embeddable":true,"href":"https:\/\/www.pcnen.com\/portal\/wp-json\/wp\/v2\/categories?post=245762"},{"taxonomy":"post_tag","embeddable":true,"href":"https:\/\/www.pcnen.com\/portal\/wp-json\/wp\/v2\/tags?post=245762"}],"curies":[{"name":"wp","href":"https:\/\/api.w.org\/{rel}","templated":true}]}}