{"id":245520,"date":"2018-04-25T11:30:16","date_gmt":"2018-04-25T09:30:16","guid":{"rendered":"http:\/\/www.pcnen.com\/portal\/?p=245520"},"modified":"2018-04-25T11:32:07","modified_gmt":"2018-04-25T09:32:07","slug":"reporteri-bez-granica-raste-animozitet-prema-novinarima","status":"publish","type":"post","link":"https:\/\/www.pcnen.com\/portal\/2018\/04\/25\/reporteri-bez-granica-raste-animozitet-prema-novinarima\/","title":{"rendered":"Reporteri bez granica: Raste animozitet prema novinarima"},"content":{"rendered":"<p><a href=\"http:\/\/www.pcnen.com\/portal\/wp-content\/uploads\/2014\/01\/napad-na-novinare.jpg\"><img loading=\"lazy\" decoding=\"async\" class=\"alignright size-medium wp-image-134190\" src=\"http:\/\/www.pcnen.com\/portal\/wp-content\/uploads\/2014\/01\/napad-na-novinare-300x226.jpg\" alt=\"\" width=\"300\" height=\"226\" \/><\/a>Crna Gora je napredovala tri mjesta na listi medijskih sloboda koju je danas objavila organizacija Reporteri bez granica u svom<a href=\"https:\/\/rsf.org\/en\/montenegro\"> izvje\u0161taju.<\/a> Crna Gora se nalazi na 103. mjestu.<\/p>\n<p>Osim Srbije, koja je pala deset mjesta, sve zemlje u regionu su napredovale u odnosu na pro\u0161lu godinu. \u00a0Albanija je napredovala jedno mjesto, BiH tri, Hrvatska pet, Kosovo \u010detiri, Makedonija dva, Slovenija pet i Crna Gora tri mjesta.<\/p>\n<p>Od zemalja regiona, ispred Srbije su BiH (62), Hrvatska (69) i Albanija (75), a iza Kosovo (78), Crna Gora (103) i Makedonija (109).<\/p>\n<p>Na listi se nalazi 180 zemalja.<\/p>\n<p>Pod predsjednikom Aleksandrom Vu\u010di\u0107em Srbija je postala zemlja gdje je nebezbjedno biti novinar, \u0161to je jasno prema alarmantnom broju napada na novinare koji nijesu istra\u017eeni, rije\u0161eni ili ka\u017enjeni i agresivnoj kampanji bla\u0107ena koju vode provladini mediji protiv istra\u017eiva\u010dkih novinara, navodi se u dijelu izvje\u0161taja o Srbiji, prenosi Beta.<\/p>\n<p>Ve\u0107i pad od Srbije imaju jo\u0161 samo Malta i \u010ce\u0161ka.<\/p>\n<p>Razlog pada Malte, najve\u0107eg na listi, je ubistvo istra\u017eiva\u010dke novinarke Dafne Karuane Galicije pro\u0161log oktobra.<\/p>\n<p>&#8220;Svjetski indeks slobode medija 2018. godine pokazuje rastu\u0107i animozitet prema novinarima. Neprijateljstvo prema medijima, koje otvoreno poti\u010du politi\u010dki lideri i napori autoritarnih re\u017eima da predstave svoju viziju novinarstva predstavljaju ozbiljnu prijetnju za demokratiju&#8221;, navode Reporteri bez granica.<\/p>\n<p>Takav stav prema medijima vi\u0161e nije samo odlika autoritarnih re\u017eima, nego i demokratski izabranih \u010delnih ljudi koji ih vi\u0161e ne vide kao neophodan dio demokratije, nego kao protivnika prema kojem otvoreno iskazuju odbojnost, navodi se u izvje\u0161taju, prenosi Beta.<\/p>\n<p>Prvak slobode medija ponovo je Norve\u0161ka, a slijede \u0160vedska, Holandija, Finska, \u0160vajcarska, Jamajka, Belgija, Novi Zeland, Danska i Kostarika.<\/p>\n<p>Na dnu su zemlje koje su tu bile i prethodnih godina: Sjeverna Koreja, Eritreja, Turkmenistan, Sirija, Kina, Vijetnam, Sudan, D\u017eibuti, Kuba i Ekvatorijalna Gvineja.<\/p>\n","protected":false},"excerpt":{"rendered":"<p>Crna Gora je napredovala tri mjesta na listi medijskih sloboda koju je danas objavila organizacija Reporteri bez granica u svom izvje\u0161taju. Crna Gora se nalazi na 103. mjestu. Osim Srbije, koja je pala deset mjesta, sve zemlje u regionu su napredovale u odnosu na pro\u0161lu godinu. \u00a0Albanija je napredovala jedno mjesto, BiH tri, Hrvatska pet, [&hellip;]<\/p>\n","protected":false},"author":1,"featured_media":0,"comment_status":"open","ping_status":"closed","sticky":false,"template":"","format":"standard","meta":{"_seopress_robots_primary_cat":"","_seopress_titles_title":"","_seopress_titles_desc":"","_seopress_robots_index":"","_et_pb_use_builder":"","_et_pb_old_content":"","_et_gb_content_width":"","inline_featured_image":false,"footnotes":""},"categories":[14,12],"tags":[],"class_list":["post-245520","post","type-post","status-publish","format-standard","hentry","category-vijesti","category-prica-dana"],"_links":{"self":[{"href":"https:\/\/www.pcnen.com\/portal\/wp-json\/wp\/v2\/posts\/245520","targetHints":{"allow":["GET"]}}],"collection":[{"href":"https:\/\/www.pcnen.com\/portal\/wp-json\/wp\/v2\/posts"}],"about":[{"href":"https:\/\/www.pcnen.com\/portal\/wp-json\/wp\/v2\/types\/post"}],"author":[{"embeddable":true,"href":"https:\/\/www.pcnen.com\/portal\/wp-json\/wp\/v2\/users\/1"}],"replies":[{"embeddable":true,"href":"https:\/\/www.pcnen.com\/portal\/wp-json\/wp\/v2\/comments?post=245520"}],"version-history":[{"count":0,"href":"https:\/\/www.pcnen.com\/portal\/wp-json\/wp\/v2\/posts\/245520\/revisions"}],"wp:attachment":[{"href":"https:\/\/www.pcnen.com\/portal\/wp-json\/wp\/v2\/media?parent=245520"}],"wp:term":[{"taxonomy":"category","embeddable":true,"href":"https:\/\/www.pcnen.com\/portal\/wp-json\/wp\/v2\/categories?post=245520"},{"taxonomy":"post_tag","embeddable":true,"href":"https:\/\/www.pcnen.com\/portal\/wp-json\/wp\/v2\/tags?post=245520"}],"curies":[{"name":"wp","href":"https:\/\/api.w.org\/{rel}","templated":true}]}}