{"id":245251,"date":"2018-04-20T06:01:32","date_gmt":"2018-04-20T04:01:32","guid":{"rendered":"http:\/\/www.pcnen.com\/portal\/?p=245251"},"modified":"2018-04-20T06:01:32","modified_gmt":"2018-04-20T04:01:32","slug":"njihov-i-nas-nacionalizam-dva-brata-uboga","status":"publish","type":"post","link":"https:\/\/www.pcnen.com\/portal\/2018\/04\/20\/njihov-i-nas-nacionalizam-dva-brata-uboga\/","title":{"rendered":"Njihov i na\u0161 nacionalizam &#8211; dva brata uboga"},"content":{"rendered":"<p><strong>Pi\u0161e: Nela Vla\u0161i\u0107<\/strong><\/p>\n<p><a href=\"http:\/\/www.pcnen.com\/portal\/wp-content\/uploads\/2018\/04\/Nela-Vlasic.jpg\"><img loading=\"lazy\" decoding=\"async\" class=\"alignright size-medium wp-image-245252\" src=\"http:\/\/www.pcnen.com\/portal\/wp-content\/uploads\/2018\/04\/Nela-Vlasic-300x216.jpg\" alt=\"\" width=\"300\" height=\"216\" srcset=\"https:\/\/www.pcnen.com\/portal\/wp-content\/uploads\/2018\/04\/Nela-Vlasic.jpg 300w, https:\/\/www.pcnen.com\/portal\/wp-content\/uploads\/2018\/04\/Nela-Vlasic-235x169.jpg 235w, https:\/\/www.pcnen.com\/portal\/wp-content\/uploads\/2018\/04\/Nela-Vlasic-75x54.jpg 75w, https:\/\/www.pcnen.com\/portal\/wp-content\/uploads\/2018\/04\/Nela-Vlasic-220x158.jpg 220w, https:\/\/www.pcnen.com\/portal\/wp-content\/uploads\/2018\/04\/Nela-Vlasic-90x65.jpg 90w\" sizes=\"(max-width: 300px) 100vw, 300px\" \/><\/a>Ranih osamdesetih je pokojni Stipe \u0160uvar u \u201cNovoj svijesti o nacionalnim realitetima\u201d govorio o tome da se u \u201csvijesti takozvanog prosje\u010dnog \u010dovjeka mnogo toga mijenjalo, jer na primjer obi\u010dni Srbin jo\u0161 prije pola stolje\u0107a nije priznavao druge nacije\u201d. Za njega je, veli \u0160uvar, \u010dak i Hrvat ponekad bio katoli\u010dki Srbin, za Slovence jedva da je znao, a Makedonce i Crnogorce ni u kojemu slu\u010daju nije priznavao za posebne narode.<\/p>\n<p>Ni\u0161ta po \u0160uvaru nisu bili bolji ni Hrvati, koji su svojatali Srbe u Hrvatskoj i Muslimane (danas Bo\u0161njake), u Bosni i Hercegovini ili se na njih rogu\u0161ili, a za sve druge nisu marili.<\/p>\n<p>Danas vi\u0161e nije tako, napisao je davne 1983. godine pokojni \u0160uvar i gadno pogrije\u0161io. Samo nekoliko godina nakon tog njegovog teksta nacionalizam je u punoj snazi buknuo upravo u Srbiji, a potom bez iznimke i u svim drugim dijelovima nekada\u0161nje zajedni\u010dke zemlje pokazuju\u0107i kako ni za milimetar nije pomaknuta ta prosje\u010dna historijska svijest o kojoj je pisao.<\/p>\n<p>Snje\u017eana Banovi\u0107 je, kao reakciju na izgred u srpskoj Narodnoj skup\u0161tini, podigla na dru\u0161tvene mre\u017ee mnogo istinitiju, briljantnu misao Danila Ki\u0161a o tome kako je \u201cNacionalizam otporniji od plasti\u010dne boce\u201d! Nerazgradiv na ovim na\u0161im prostorima.<\/p>\n<p>I zaista, \u0161to re\u0107i kad \u010dovjek gleda onog bolesnika, \u0161ezdeset i \u010detverogodi\u0161njeg ratnog zlo\u010dinca, tu ljudsku karikaturu i nakazu koju srpski nacionalisti i radikali \u0161tuju i biraju za svog poslanika usprkos Hagu, osudi i \u010dinjenici da desetlje\u0107ima dosljedno bljuje mr\u017enju i \u0161iri strah prema onoj \u0161a\u010dici preostalih Hrvata u Vojvodini, svjestan da njega i identi\u010dno dru\u0161tvo oko njega, ako posustane u svom \u0161ovinizmu, umjesto skup\u0161tinskih klupa, svjetala reflektora i mikrofona \u010dekaju re\u0161etke ili stezulja?<\/p>\n<p>Lu\u0111a\u010dka ko\u0161ulja je jedina primjerena odje\u0107a za takvu politiku i politi\u010dare. To\u010dno toliko prostora koliko pru\u017ea psihijatrijska izolacija primjereno je politici koja se hrani mr\u017enjom prema susjedima i svojim gra\u0111anima drugih nacionalnosti. Ni pedalj vi\u0161e!<\/p>\n<p>Ja nisam tako sigurna kao, primjerice, ve\u0107ina hrvatskih politi\u010dara i s desna i s lijeva da je na\u0161a delegacija trebala tako promptno napustiti Srbiju.<\/p>\n<p>Ne zato \u0161to \u0160e\u0161eljev primitivni \u010din ne smatram nedopustivim, ve\u0107 stoga \u0161to se napu\u0161tanjem Beograda tom ratnom zlo\u010dincu i politi\u010dkome cirkusantu daje na va\u017enosti i u Hrvatskoj i u Srbiji, pa \u010dak i na razini Europske unije.<\/p>\n<p>A on, i svi koji ga slijede i podr\u017eavaju, zaslu\u017euju tek kvalitetnu psihijatrijsku obradu i dijagnozu. Gotovo da sam uvjerena kako su ha\u0161ki lije\u010dnici pogrije\u0161ili u dijagnozi kad su ga 2014. pu\u0161tali iz zatvora da lije\u010di karcinom kod ku\u0107e.<\/p>\n<p>Budala nakon osuda svih misle\u0107ih ljudi u Beogradu, ali i o\u0161tre kritike premijerke, predsjednice Skup\u0161tine, pa i one mlake alibi-osude predsjednika Vu\u010di\u0107a u \u010detvrtak nastavlja s prijetnjama.<\/p>\n<p>Svojoj dr\u017eavi \u010dini ogromno zlo! Prikazuje ju na putu prema Europi kao primitivnu i \u0161ovinisti\u010dku, balkansku zabit u kojoj je susjedu opasno do\u0107i i u parlament.<\/p>\n<p>Jandrokovi\u0107u pak i HDZ-u nastavkom pri\u010de o protjerivanju delegacije samo di\u017ee politi\u010dki rejting kod onih koji su ih zbog pomanjkanja domoljublja ve\u0107 pomalo otpisali.<\/p>\n<p>Gotovo da bi na\u0161 premijer Plenkovi\u0107 umjesto insistiranja na o\u0161troj osudi izgreda Vojislavu \u0160e\u0161elju mogao poslati zahvalnicu. Toliko podr\u0161ke i od svojih i od oporbe nije dobio ni za ratifikaciju Istanbulske konvencije.<\/p>\n<p>Jedan nacionalizam hrani i opravdava drugi, a kad su Srbi i Hrvati u pitanju, taj hranidbeni lanac ide u nedogled.<\/p>\n<p>Dva brata uboga hrane jedan drugoga. Vje\u010dno sli\u010dni i glasni natje\u010du se koji \u0107e gore uvrijediti i poniziti onog drugog.<\/p>\n<p>Toliko bu\u010dni u svom primitivizmu da se od njihove dreke ne mo\u017ee \u010duti ni vidjeti onaj paralelni \u017eivot. Normalni, obi\u010dni ljudi s obje strane koji \u017eive, rade, posluju, dru\u017ee i prijateljuju, pa i \u017eene, gostuju po kazali\u0161tima, glume u serijama, nadme\u0107u se u sportskim arenama\u2026<\/p>\n<p>\u017divote tih i takvih ljudi uvijek u sekundi razbucaju primitivne budaletine i vje\u010dni provokatori poput Vojislava \u0160e\u0161elja i njegove pratnje koji, nakon hvastanja oko \u201ccepanja\u201d i ga\u017eenja hrvatske zastave koje nekim \u010dudom nije moglo sprije\u010diti ni pet \u010dlanova osiguranja, najavljuje na \u0110ur\u0111evdan, dakle 6. svibnja, u Hrtkovcima, zbog kojih je i zavr\u0161io u Hagu, miting radikala.<\/p>\n<p>Eto, hrvatski nacionalisti i desni\u010dari, dok im je \u0160e\u0161elj \u017eiv ili bez stezulje, mogu mirno spavati. On \u0107e im uvijek davati dovoljno materijala za isklju\u010divost i mr\u017enju, da na njihovo \u201cSprem\u2019te se, sprem\u2019te\u2026\u201d budu ako ne za dom spremni, a ono doma spremni uzvratiti istom mjerom. To je uostalom sve \u0161to mogu i znaju s obje strane \u2013 gaziti, mrziti, \u201cpocepati\u201d!<\/p>\n<p>Njihov i na\u0161 nacionalizam dva su brata uboga koja \u0107e jo\u0161 dugo, dugo hraniti jedan drugoga jer im je svijest zale\u0111ena, konzervirana u 19 stolje\u0107u i otad nepromjenjiva!<\/p>\n<p>I nerazgradiva!<\/p>\n<p><a href=\"http:\/\/www.autograf.hr\/njihov-i-nas-nacionalizam-dva-brata-uboga\/\">Autograf<\/a><\/p>\n","protected":false},"excerpt":{"rendered":"<p>Hrvatski nacionalisti i desni\u010dari, dok im je \u0160e\u0161elj \u017eiv ili bez stezulje, mogu mirno spavati. On \u0107e im uvijek davati dovoljno materijala za isklju\u010divost i mr\u017enju<\/p>\n","protected":false},"author":1,"featured_media":245252,"comment_status":"open","ping_status":"closed","sticky":false,"template":"","format":"standard","meta":{"_seopress_robots_primary_cat":"","_seopress_titles_title":"","_seopress_titles_desc":"","_seopress_robots_index":"","_et_pb_use_builder":"","_et_pb_old_content":"","_et_gb_content_width":"","inline_featured_image":false,"footnotes":""},"categories":[5],"tags":[],"class_list":["post-245251","post","type-post","status-publish","format-standard","has-post-thumbnail","hentry","category-drugi-pisu"],"_links":{"self":[{"href":"https:\/\/www.pcnen.com\/portal\/wp-json\/wp\/v2\/posts\/245251","targetHints":{"allow":["GET"]}}],"collection":[{"href":"https:\/\/www.pcnen.com\/portal\/wp-json\/wp\/v2\/posts"}],"about":[{"href":"https:\/\/www.pcnen.com\/portal\/wp-json\/wp\/v2\/types\/post"}],"author":[{"embeddable":true,"href":"https:\/\/www.pcnen.com\/portal\/wp-json\/wp\/v2\/users\/1"}],"replies":[{"embeddable":true,"href":"https:\/\/www.pcnen.com\/portal\/wp-json\/wp\/v2\/comments?post=245251"}],"version-history":[{"count":0,"href":"https:\/\/www.pcnen.com\/portal\/wp-json\/wp\/v2\/posts\/245251\/revisions"}],"wp:featuredmedia":[{"embeddable":true,"href":"https:\/\/www.pcnen.com\/portal\/wp-json\/wp\/v2\/media\/245252"}],"wp:attachment":[{"href":"https:\/\/www.pcnen.com\/portal\/wp-json\/wp\/v2\/media?parent=245251"}],"wp:term":[{"taxonomy":"category","embeddable":true,"href":"https:\/\/www.pcnen.com\/portal\/wp-json\/wp\/v2\/categories?post=245251"},{"taxonomy":"post_tag","embeddable":true,"href":"https:\/\/www.pcnen.com\/portal\/wp-json\/wp\/v2\/tags?post=245251"}],"curies":[{"name":"wp","href":"https:\/\/api.w.org\/{rel}","templated":true}]}}