{"id":244882,"date":"2018-04-14T07:33:46","date_gmt":"2018-04-14T05:33:46","guid":{"rendered":"http:\/\/www.pcnen.com\/portal\/?p=244882"},"modified":"2018-04-14T07:33:46","modified_gmt":"2018-04-14T05:33:46","slug":"seseljev-svet","status":"publish","type":"post","link":"https:\/\/www.pcnen.com\/portal\/2018\/04\/14\/seseljev-svet\/","title":{"rendered":"\u0160e\u0161eljev svet"},"content":{"rendered":"<p><strong>Autor: Ljubodrag Stojadinovi\u0107<\/strong><\/p>\n<p>\u0160ta je nama bio, a \u0161ta danas jeste Vojislav \u0160e\u0161elj? Niko i ni\u0161ta, uveren sam, mada je teza o njegovoj minornosti lagodna amnestija za veliko \u017eivotno nedelo. Pre \u010detvrt veka rulja je bila op\u010dinjena njime i njegovom pojavom, izlivima javne mr\u017enje i ekstremnog \u0161ovinizma. Takva je svetina, stvara svoje mra\u010dne junake a i oni nju. Vojvoda u doba devedesetih be\u0161e postao folklorno \u010dudo, koje burno evoluira u \u010dudovi\u0161te i tragikomi\u010dno stra\u0161ilo. Najve\u0107i Srbin op\u010dinjene gomile stigao niotkuda, kukavni siled\u017eija i pi\u0161toljd\u017eija, sa ustima punim poganog jezika i najgadnijih uvreda.<\/p>\n<p><a href=\"http:\/\/www.pcnen.com\/portal\/wp-content\/uploads\/2016\/04\/Seselj.jpg\"><img loading=\"lazy\" decoding=\"async\" class=\"alignright size-medium wp-image-202728\" src=\"http:\/\/www.pcnen.com\/portal\/wp-content\/uploads\/2016\/04\/Seselj-300x220.jpg\" alt=\"\" width=\"300\" height=\"220\" srcset=\"https:\/\/www.pcnen.com\/portal\/wp-content\/uploads\/2016\/04\/Seselj-300x220.jpg 300w, https:\/\/www.pcnen.com\/portal\/wp-content\/uploads\/2016\/04\/Seselj-580x425.jpg 580w, https:\/\/www.pcnen.com\/portal\/wp-content\/uploads\/2016\/04\/Seselj-450x330.jpg 450w, https:\/\/www.pcnen.com\/portal\/wp-content\/uploads\/2016\/04\/Seselj-480x352.jpg 480w, https:\/\/www.pcnen.com\/portal\/wp-content\/uploads\/2016\/04\/Seselj-235x172.jpg 235w, https:\/\/www.pcnen.com\/portal\/wp-content\/uploads\/2016\/04\/Seselj-75x55.jpg 75w, https:\/\/www.pcnen.com\/portal\/wp-content\/uploads\/2016\/04\/Seselj-350x257.jpg 350w, https:\/\/www.pcnen.com\/portal\/wp-content\/uploads\/2016\/04\/Seselj-220x161.jpg 220w, https:\/\/www.pcnen.com\/portal\/wp-content\/uploads\/2016\/04\/Seselj-90x65.jpg 90w, https:\/\/www.pcnen.com\/portal\/wp-content\/uploads\/2016\/04\/Seselj.jpg 600w\" sizes=\"(max-width: 300px) 100vw, 300px\" \/><\/a>Tu verbalnu infekciju sejao je nesmetano, svuda i uvek, agresivno i neumorno. U atmosferi svakojakog nasilja neko ga je proizveo u \u010detni\u010dkog vojvodu, pa je kao takav postao etalon rodoljublja. U tom svojstvu je vr\u0161io svoju mahnitu istragu izdajnika i pla\u0107enika, a uz Nikoli\u0107a i Vu\u010di\u0107a je stao na \u010delo opskurne \u010detni\u010dke trojke koja je godinama nesmetano prislanjala no\u017e pod grlo nesre\u0107ne Srbije. To je se\u010divo jo\u0161 na istom mestu.<\/p>\n<p>Pred dobrovoljni odlazak u Hag, sa namerom da sredi \u201eKurvu del Ponte\u201c i rasturi tribunal, najavio je \u0110in\u0111i\u0107evu smrt. U tom poslu pomagao mu je li\u010dni seiz Tomislav Nikoli\u0107, koji je na Trgu Republike napravio morbidnu paralelu sa po\u010div\u0161im Brozom: \u201eAko negde vidite Zorana \u0110in\u0111i\u0107a, recite mu da je i Tito pred smrt imao problema sa nogom.\u201c<\/p>\n<p>O svom obimnom nedelu i razbijanju svake ideje o ljudskoj pristojnosti ispisao je na hiljade stranica bezvrednih kupusara, sa naslovima pogodnim za suptilne grafite u stani\u010dnim klozetima. Njegovo su\u0111enje se pretvorilo u farsu, u kojoj autisti\u010dne sudije sa sme\u0161nim perikama, ogrnute crvenim togama, sude klovnu koji prezire svoju i sva\u010diju slobodu.<\/p>\n<p>To je trajalo godinama, na radost insomni\u010dara, koji su no\u0107ima u odlo\u017eenom prenosu gledali neverovatne dijaloge smla\u0107enog vojvode i kostimiranih sudija. Tamo je smrtno oboleo od raka, a Nikoli\u0107 i Vu\u010di\u0107 su mu spremali potresno posmrtno opelo i ukop, optu\u017euju\u0107i sud za surovost, a vlast za nemar. Mesecima su nosili majice sa oslikanim \u0160e\u0161eljevim nosem i ostatkom lica, tra\u017ee\u0107i saose\u0107anje za svog izmo\u017edenog u\u010ditelja, ve\u0107 vi\u0111enog mrtvaca. Bio je to preventivni, pateti\u010dni parastos, na koji pokojnik iz svojih razloga ne be\u0161e do\u0161ao.<\/p>\n<p>Odmetnuti radikal Nikoli\u0107 je u odsustvu gurua osvojio vlast i predao je Vu\u010di\u0107u. \u0160e\u0161elj je sa robije pretio izdajnicima i proklinjao ih iz svoje agonije, sve dok nije nagove\u0161teno da bi mogao da bude oslobo\u0111en. Vulin je zakukao: \u201eZapad ga namerno pu\u0161ta da bi ru\u0161io Vu\u010di\u0107a.\u201c<\/p>\n<p>\u0160e\u0161elj se vratio slobodan i zdrav, jeo je cvekle i jabuke i skinuo kancer sa jetre. Postao je sluga svog nekada\u0161njeg potr\u010dka. Bezna\u010dajan u politici nastavio je da kao i uvek podr\u017eava ono \u0161to najmanje vredi i nanosi najve\u0107u \u0161tetu.<\/p>\n<p>Prekju\u010de smo \u010duli kona\u010dnu presudu za \u0160e\u0161elja, od ne\u010dega \u0161to se zove \u201emehanizam\u201c, ali i u toj posttribunalnoj napravi ima sudija. \u017dalbeno ve\u0107e mu je odrezalo deset godina robije \u0161to je, uz ne\u0161to vi\u0161ka, vojvoda ve\u0107 veselo odle\u017eao. Dakle, sada je ratni zlo\u010dinac sa atestom, \u0161to mu ga je dao taj mehanizam koji Srbija priznaje kao legitimni sud.<\/p>\n<p>Ne bih komentarisao presudu, niti pravio analogije sa drugim odlukama. Ne mrzim \u0160e\u0161elja, potpuno sam ravnodu\u0161an prema njemu, mada sam sa njim i Nikoli\u0107em jo\u0161 1993. kao pukovnik Vojske Jugoslavije imao te\u0161ke javne sukobe. Arhive su dostupne. Bilo je tu, da oprostite na formulaciji, ali ta\u010dnije nema, obostranog javnog pi\u010dkaranja (sa Nikoli\u0107em bukvalnog) nastalog na osnovu mog uzaludnog otpora pojavi da su mnogi oficiri, i neki generali, pali na kolena pred \u0160e\u0161eljem. A on je na sednici savezne skup\u0161tine u TV prenosu javno rekao da radikali ne\u0107e da glasaju za bud\u017eet dok Lj. St. ne bude izba\u010den iz vojske. No o tome drugi put.<\/p>\n<p>Nisam ponosan zbog mog onda\u0161njeg re\u010dnika punog glagolskih radnji, niti okolnosti da sam istom merom odgovarao na Nikoli\u0107eve i \u0160e\u0161eljeve psovke. Ali, tada sam verovao da se sa tim bahatim vucibatinama ne mo\u017ee druga\u010dije. Gre\u0161an ja, u to sam uveren i sada.<\/p>\n<p>No jutros (\u010detvrtak), gledao sam nekakve umudrene analiti\u010dare, sa svojim okorelim lamentima o uobi\u010dajenoj sudskoj nepravdi, uz odvratno op\u0161te mesto da je \u0160e\u0161elj osu\u0111en \u201esamo zbog toga \u0161to je Srbin.\u201c<\/p>\n<p>Ne bih licitirao sa nacionalnim ose\u0107anjima V\u0160, takvo sekta\u0161ko merilo pripadanja dr\u017eim bezna\u010dajnim, ali ako stvari razlo\u017eimo do krajnjih (nacionalnih) konsekvenci, \u0160e\u0161elj je po svom opusu i svim u\u010dincima ekstremni antisrbin. Njegova su zlodela u\u010dinjena pre svega Srbima u Srbiji i njenim gra\u0111anima koje je ozna\u010davao, javno vre\u0111ao, proganjao i delo\u017eirao zbog porekla koje nije smatrao podobnim.<\/p>\n<p>Ma kako u ovom \u010dasu bio bez uticaja i bez zna\u010daja, on je ono zmijsko jaje iz koga se za\u010delo gnezdo sa zlim potomstvom koje je iz temelja uzdrmalo Srbiju. I zatim je vra\u0107alo i vratilo u predcivilizacijsko vreme. I u tome je prevashodno sadr\u017eana njegova antiistorijska uloga, te se objektivna bezna\u010dajnost li\u010dnosti V\u0160 mo\u017ee videti i iz drugog rakursa: on je patrijarh svega \u0161to nas je unesre\u0107ilo, zaustavilo, one\u010dove\u010dilo i unazadilo.<\/p>\n<p>Ma kako nam se \u010dinilo, mi \u017eivimo u \u0160e\u0161eljevom svetu. On se otrgao od grobarske lopate samo da bi se uverio kako se u tom nasledstvu snalazi njegovo \u010dedo, najmanje jaje iz gnezda. I tek sada, kao osu\u0111eni zlo\u010dinac, vojvoda je nesumnjivi ponos svog jezivog legla.<\/p>\n<p><a href=\"https:\/\/pescanik.net\/seseljev-svet\/\">Pe\u0161\u010danik.net<\/a><\/p>\n","protected":false},"excerpt":{"rendered":"<p>Najve\u0107i Srbin op\u010dinjene gomile stigao niotkuda, kukavni siled\u017eija i pi\u0161toljd\u017eija, sa ustima punim poganog jezika i najgadnijih uvreda<\/p>\n","protected":false},"author":1,"featured_media":202728,"comment_status":"open","ping_status":"closed","sticky":false,"template":"","format":"standard","meta":{"_seopress_robots_primary_cat":"","_seopress_titles_title":"","_seopress_titles_desc":"","_seopress_robots_index":"","_et_pb_use_builder":"","_et_pb_old_content":"","_et_gb_content_width":"","inline_featured_image":false,"footnotes":""},"categories":[5],"tags":[],"class_list":["post-244882","post","type-post","status-publish","format-standard","has-post-thumbnail","hentry","category-drugi-pisu"],"_links":{"self":[{"href":"https:\/\/www.pcnen.com\/portal\/wp-json\/wp\/v2\/posts\/244882","targetHints":{"allow":["GET"]}}],"collection":[{"href":"https:\/\/www.pcnen.com\/portal\/wp-json\/wp\/v2\/posts"}],"about":[{"href":"https:\/\/www.pcnen.com\/portal\/wp-json\/wp\/v2\/types\/post"}],"author":[{"embeddable":true,"href":"https:\/\/www.pcnen.com\/portal\/wp-json\/wp\/v2\/users\/1"}],"replies":[{"embeddable":true,"href":"https:\/\/www.pcnen.com\/portal\/wp-json\/wp\/v2\/comments?post=244882"}],"version-history":[{"count":0,"href":"https:\/\/www.pcnen.com\/portal\/wp-json\/wp\/v2\/posts\/244882\/revisions"}],"wp:featuredmedia":[{"embeddable":true,"href":"https:\/\/www.pcnen.com\/portal\/wp-json\/wp\/v2\/media\/202728"}],"wp:attachment":[{"href":"https:\/\/www.pcnen.com\/portal\/wp-json\/wp\/v2\/media?parent=244882"}],"wp:term":[{"taxonomy":"category","embeddable":true,"href":"https:\/\/www.pcnen.com\/portal\/wp-json\/wp\/v2\/categories?post=244882"},{"taxonomy":"post_tag","embeddable":true,"href":"https:\/\/www.pcnen.com\/portal\/wp-json\/wp\/v2\/tags?post=244882"}],"curies":[{"name":"wp","href":"https:\/\/api.w.org\/{rel}","templated":true}]}}